{"id":409911,"date":"2025-09-22T16:54:09","date_gmt":"2025-09-22T16:54:09","guid":{"rendered":"https:\/\/www.europesays.com\/fr\/409911\/"},"modified":"2025-09-22T16:54:09","modified_gmt":"2025-09-22T16:54:09","slug":"retroviseur-brise-insultes-provocations-deux-hommes-ont-seme-la-pagaille-en-pleine-rue","status":"publish","type":"post","link":"https:\/\/www.europesays.com\/fr\/409911\/","title":{"rendered":"r\u00e9troviseur bris\u00e9, insultes, provocations\u2026 deux hommes ont sem\u00e9 la pagaille en pleine rue"},"content":{"rendered":"<p>            Par<br \/>\n        <strong><br \/>\n            <a href=\"https:\/\/actu.fr\/auteur\/lea-pippinato\" title=\"Consulter tous les articles de L\u00e9a Pippinato\" target=\"_blank\" rel=\"noopener\">L\u00e9a Pippinato<\/a><br \/>\n        <\/strong><\/p>\n<p>        Publi\u00e9 le<\/p>\n<p>            22 sept. 2025 \u00e0 18h48        <\/p>\n<p><strong>Ce dimanche 21 septembre 2025<\/strong>, vers minuit et demi, les agents du GSRI (groupement de s\u00fbret\u00e9 r\u00e9sidentielle inter-bailleurs) patrouillent avenue du Biterrois, \u00e0 Montpellier. Trois hommes attirent leur attention. Deux sont calmes. Le troisi\u00e8me, \u00e2g\u00e9 de 36 ans, parle tr\u00e8s fort. Son \u00e9tat d\u2019ivresse ne fait aucun doute.<\/p>\n<p>    <a href=\"https:\/\/www.google.com\/maps\/embed?pb=!1m18!1m12!1m3!1d46225.66288630909!2d3.8371328!3d43.6043776!2m3!1f0!2f0!3f0!3m2!1i1024!2i768!4f13.1!3m3!1m2!1s0x12b6ac1f2f06d15f%3A0x4abbbad95013d06e!2sAv.%20du%20Biterrois%2C%2034080%20Montpellier!5e0!3m2!1sfr!2sfr!4v1758559267763!5m2!1sfr!2sfr\" title=\"Ouvrie le lien\" target=\"_blank\" rel=\"noopener\">Cliquez ici pour visualiser le contenu<\/a><\/p>\n<p class=\" wall-content\">Invit\u00e9 \u00e0 quitter les lieux, l\u2019homme accepte, mais s\u2019en prend au mobilier urbain. Il arrache un r\u00e9troviseur puis frappe un second v\u00e9hicule, sans parvenir \u00e0 l\u2019ab\u00eemer totalement. La police nationale est appel\u00e9e en renfort. Lors de son interpellation, il insulte copieusement un fonctionnaire et le menace de mort. Plac\u00e9 en garde \u00e0 vue, il refuse de souffler dans l\u2019\u00e9thylotest. Il reste silencieux aux auditions et r\u00e9clame \u00e0 plusieurs reprises de sortir de la cellule. Il devra finalement r\u00e9pondre de ses actes lors d\u2019une COPJ (convocation par officier de police judiciaire) fix\u00e9e <strong>au 16 d\u00e9cembre.<\/strong><\/p>\n<p>Un coup de pied et des provocations<\/p>\n<p class=\" wall-content\">Deux jours plus t\u00f4t, <strong>le 19 septembre<\/strong> \u00e0 11h30, un autre homme se fait remarquer route de Mende. Un t\u00e9moin le surprend en train de donner un violent coup de pied dans une porte de garage. L\u2019homme ne se d\u00e9monte pas. Quand on lui fait la remarque, il r\u00e9pond par la provocation. Sur son chemin, il d\u00e9grade un v\u00e9hicule. Les policiers nationaux le contr\u00f4lent. Le ton monte aussit\u00f4t. L\u2019individu refuse d\u2019obtemp\u00e9rer. Il explique \u00ab\u00a0ne pas aimer la police, qu\u2019il d\u00e9teste les gens et que tout le monde l\u2019agace.\u00a0\u00bb L\u2019affaire ne tarde pas \u00e0 \u00eatre jug\u00e9e. L\u2019homme est d\u00e9f\u00e9r\u00e9 <strong>d\u00e8s le lendemain 11h<\/strong> devant le tribunal judiciaire de Montpellier.<\/p>\n<p class=\" wall-content\">Personnalisez votre actualit\u00e9 en ajoutant vos villes et m\u00e9dias en favori avec <a href=\"https:\/\/moncompte.actu.fr\" title=\"D\u00e9couvez Mon Actu\" rel=\"nofollow noopener\" data-trk=\"{&quot;cta&quot;:{&quot;action&quot;:&quot;https:\\\/\\\/moncompte.actu.fr&quot;,&quot;category&quot;:&quot;mon compte&quot;,&quot;from&quot;:&quot;article footer&quot;,&quot;name&quot;:&quot;Mon actu&quot;,&quot;type&quot;:&quot;cta&quot;}}\" target=\"_blank\">Mon Actu<\/a>.<\/p>\n","protected":false},"excerpt":{"rendered":"Par L\u00e9a Pippinato Publi\u00e9 le 22 sept. 2025 \u00e0 18h48 Ce dimanche 21 septembre 2025, vers minuit et&hellip;\n","protected":false},"author":2,"featured_media":409912,"comment_status":"","ping_status":"","sticky":false,"template":"","format":"standard","meta":{"footnotes":""},"categories":[9599],"tags":[1111,11,5702,1777,674,118,1011,27,303,2208,12,2680,1072,25],"class_list":{"0":"post-409911","1":"post","2":"type-post","3":"status-publish","4":"format-standard","5":"has-post-thumbnail","7":"category-montpellier","8":"tag-actu","9":"tag-actualites","10":"tag-alcool","11":"tag-eu","12":"tag-europe","13":"tag-faits-divers","14":"tag-fr","15":"tag-france","16":"tag-justice","17":"tag-montpellier","18":"tag-news","19":"tag-occitanie","20":"tag-police","21":"tag-republique-francaise"},"share_on_mastodon":{"url":"https:\/\/pubeurope.com\/@fr\/115248999032551309","error":""},"_links":{"self":[{"href":"https:\/\/www.europesays.com\/fr\/wp-json\/wp\/v2\/posts\/409911","targetHints":{"allow":["GET"]}}],"collection":[{"href":"https:\/\/www.europesays.com\/fr\/wp-json\/wp\/v2\/posts"}],"about":[{"href":"https:\/\/www.europesays.com\/fr\/wp-json\/wp\/v2\/types\/post"}],"author":[{"embeddable":true,"href":"https:\/\/www.europesays.com\/fr\/wp-json\/wp\/v2\/users\/2"}],"replies":[{"embeddable":true,"href":"https:\/\/www.europesays.com\/fr\/wp-json\/wp\/v2\/comments?post=409911"}],"version-history":[{"count":0,"href":"https:\/\/www.europesays.com\/fr\/wp-json\/wp\/v2\/posts\/409911\/revisions"}],"wp:featuredmedia":[{"embeddable":true,"href":"https:\/\/www.europesays.com\/fr\/wp-json\/wp\/v2\/media\/409912"}],"wp:attachment":[{"href":"https:\/\/www.europesays.com\/fr\/wp-json\/wp\/v2\/media?parent=409911"}],"wp:term":[{"taxonomy":"category","embeddable":true,"href":"https:\/\/www.europesays.com\/fr\/wp-json\/wp\/v2\/categories?post=409911"},{"taxonomy":"post_tag","embeddable":true,"href":"https:\/\/www.europesays.com\/fr\/wp-json\/wp\/v2\/tags?post=409911"}],"curies":[{"name":"wp","href":"https:\/\/api.w.org\/{rel}","templated":true}]}}