{"id":409917,"date":"2025-09-22T16:57:14","date_gmt":"2025-09-22T16:57:14","guid":{"rendered":"https:\/\/www.europesays.com\/fr\/409917\/"},"modified":"2025-09-22T16:57:14","modified_gmt":"2025-09-22T16:57:14","slug":"en-images-apres-4-ans-de-travaux-labbatiale-saint-ouen-de-rouen-resplendit-a-nouveau","status":"publish","type":"post","link":"https:\/\/www.europesays.com\/fr\/409917\/","title":{"rendered":"EN IMAGES. Apr\u00e8s 4 ans de travaux, l&rsquo;abbatiale Saint-Ouen de Rouen \u00ab resplendit \u00e0 nouveau \u00bb"},"content":{"rendered":"<p>            Par<br \/>\n        <strong><br \/>\n            <a href=\"https:\/\/actu.fr\/auteur\/yann-rivallan\" title=\"Consulter tous les articles de Yann Rivallan\" rel=\"nofollow noopener\" target=\"_blank\">Yann Rivallan<\/a><br \/>\n        <\/strong><\/p>\n<p>        Publi\u00e9 le<\/p>\n<p>            22 sept. 2025 \u00e0 18h02        <\/p>\n<p>\u00ab\u2009Elle resplendit \u00e0 nouveau.\u2009\u00bb C\u2019est en ces mots que le maire de <a href=\"https:\/\/actu.fr\/normandie\/rouen_76540\" rel=\"nofollow noopener\" target=\"_blank\">Rouen (Seine-Maritime)<\/a>, Nicolas Mayer-Rossignol, s\u2019est r\u00e9joui de <strong>la restauration de l\u2019abbatiale Saint-Ouen<\/strong> apr\u00e8s quatre ann\u00e9es de travaux, lors d\u2019une inauguration en grande pompe, vendredi 19\u00a0septembre 2025.<\/p>\n<p>Une abbatiale m\u00e9connaissable<\/p>\n<p class=\" wall-content\">L\u2019\u00e9difice religieux, les Rouennais d\u2019aujourd\u2019hui ne l\u2019avaient \u00ab\u2009<strong>jamais connu autrement<\/strong> que sale\u2009\u00bb, a fait remarquer l\u2019\u00e9lu. Gangren\u00e9e par les affres du temps, <strong>la pollution<\/strong> ou juste par la n\u00e9gligence de certains, l\u2019abbatiale est aujourd\u2019hui m\u00e9connaissable.<\/p>\n<p class=\" wall-content\">Sa fa\u00e7ade, autrefois noircie, illumine d\u00e9sormais par sa blancheur immacul\u00e9e. Quelques parties de l\u2019\u00e9difice restent ternes, mais l\u2019essentiel est l\u00e0. Cette grande phase de restauration avait d\u00e9but\u00e9 en 2021.<\/p>\n<p class=\" wall-content\">Il s\u2019agit de l\u2019un des dossiers les plus co\u00fbteux de la mandature. Il avait par ailleurs \u00e9t\u00e9 <a href=\"https:\/\/actu.fr\/normandie\/rouen_76540\/rouen-la-ville-condamnee-pour-des-irregularites-dans-le-chantier-de-l-abbatiale-saint-ouen_61038910.html\" rel=\"nofollow noopener\" target=\"_blank\">entach\u00e9 d\u2019irr\u00e9gularit\u00e9s<\/a>. Au total, <strong>26\u00a0millions d\u2019euros<\/strong> ont \u00e9t\u00e9 n\u00e9cessaires pour parvenir \u00e0 ce r\u00e9sultat. Un effort financier apport\u00e9 par l\u2019\u00c9tat, la R\u00e9gion Normandie, le D\u00e9partement de la Seine-Maritime ainsi que la Ville de Rouen et la M\u00e9tropole.<\/p>\n<p>La rose restaur\u00e9e gr\u00e2ce aux dons des habitants<\/p>\n<p class=\" wall-content\">La suite\u2009? Elle devra attendre \u00ab\u2009la prochaine \u00e9ch\u00e9ance \u00e9lectorale\u2009\u00bb, a fait savoir le maire de Rouen. Mais la majorit\u00e9 actuelle esp\u00e8re bien <strong>poursuivre les travaux restants<\/strong> en cas de r\u00e9\u00e9lection en 2026.<\/p>\n<p class=\" wall-content\">En attendant, les Rouennais pourront admirer <strong>la rose du transept sud<\/strong> de l\u2019abbatiale. Elle a, elle aussi, b\u00e9n\u00e9fici\u00e9 d\u2019une restauration gr\u00e2ce \u00e0 la participation des habitants. En effet, une cagnotte participative avait \u00e9t\u00e9 ouverte en 2021 \u00e0 l\u2019aube des travaux.<\/p>\n<p class=\" wall-content\">Vendredi 19\u00a0septembre, Rouen Tourisme annon\u00e7ait avoir r\u00e9colt\u00e9 la coquette somme de <strong>466\u2009000\u00a0euros<\/strong> pour soutenir cette r\u00e9novation d\u2019envergure.<\/p>\n<p>Votre r\u00e9gion, votre actu !<\/p>\n<p>Recevez chaque jour les infos qui comptent pour vous.<\/p>\n<p>\t<a href=\"https:\/\/actu.fr\/newsletter\" class=\"ac-btn ac-btn--corner ac-btn--medium ac-btn--blue800\" rel=\"nofollow noopener\" target=\"_blank\">S&rsquo;incrire<\/a><br \/>\nSuivez l\u2019actualit\u00e9 de Rouen <a href=\"https:\/\/www.whatsapp.com\/channel\/0029VaKfnf99hXF2ddApFB1D\" rel=\"nofollow noopener\" target=\"_blank\">sur notre cha\u00eene WhatsApp<\/a> et <a href=\"https:\/\/www.tiktok.com\/@76actu.fr?lang=fr\" rel=\"nofollow noopener\" target=\"_blank\">sur notre compte TikTok<\/a><\/p>\n<p class=\" wall-content\">Personnalisez votre actualit\u00e9 en ajoutant vos villes et m\u00e9dias en favori avec <a href=\"https:\/\/moncompte.actu.fr\" title=\"D\u00e9couvez Mon Actu\" rel=\"nofollow noopener\" data-trk=\"{&quot;cta&quot;:{&quot;action&quot;:&quot;https:\\\/\\\/moncompte.actu.fr&quot;,&quot;category&quot;:&quot;mon compte&quot;,&quot;from&quot;:&quot;article footer&quot;,&quot;name&quot;:&quot;Mon actu&quot;,&quot;type&quot;:&quot;cta&quot;}}\" target=\"_blank\">Mon Actu<\/a>.<\/p>\n<p>                    <script async src=\"\/\/www.tiktok.com\/embed.js\"><\/script><\/p>\n","protected":false},"excerpt":{"rendered":"Par Yann Rivallan Publi\u00e9 le 22 sept. 2025 \u00e0 18h02 \u00ab\u2009Elle resplendit \u00e0 nouveau.\u2009\u00bb C\u2019est en ces mots&hellip;\n","protected":false},"author":2,"featured_media":409918,"comment_status":"","ping_status":"","sticky":false,"template":"","format":"standard","meta":{"footnotes":""},"categories":[9587],"tags":[54114,1111,11,1777,674,1011,27,1652,12,5161,2551,13095,25,9590],"class_list":{"0":"post-409917","1":"post","2":"type-post","3":"status-publish","4":"format-standard","5":"has-post-thumbnail","7":"category-rouen","8":"tag-abbatiale-saint-ouen","9":"tag-actu","10":"tag-actualites","11":"tag-eu","12":"tag-europe","13":"tag-fr","14":"tag-france","15":"tag-loisirs-culture","16":"tag-news","17":"tag-normandie","18":"tag-patrimoine","19":"tag-region-normandie","20":"tag-republique-francaise","21":"tag-rouen"},"share_on_mastodon":{"url":"https:\/\/pubeurope.com\/@fr\/115249010750029597","error":""},"_links":{"self":[{"href":"https:\/\/www.europesays.com\/fr\/wp-json\/wp\/v2\/posts\/409917","targetHints":{"allow":["GET"]}}],"collection":[{"href":"https:\/\/www.europesays.com\/fr\/wp-json\/wp\/v2\/posts"}],"about":[{"href":"https:\/\/www.europesays.com\/fr\/wp-json\/wp\/v2\/types\/post"}],"author":[{"embeddable":true,"href":"https:\/\/www.europesays.com\/fr\/wp-json\/wp\/v2\/users\/2"}],"replies":[{"embeddable":true,"href":"https:\/\/www.europesays.com\/fr\/wp-json\/wp\/v2\/comments?post=409917"}],"version-history":[{"count":0,"href":"https:\/\/www.europesays.com\/fr\/wp-json\/wp\/v2\/posts\/409917\/revisions"}],"wp:featuredmedia":[{"embeddable":true,"href":"https:\/\/www.europesays.com\/fr\/wp-json\/wp\/v2\/media\/409918"}],"wp:attachment":[{"href":"https:\/\/www.europesays.com\/fr\/wp-json\/wp\/v2\/media?parent=409917"}],"wp:term":[{"taxonomy":"category","embeddable":true,"href":"https:\/\/www.europesays.com\/fr\/wp-json\/wp\/v2\/categories?post=409917"},{"taxonomy":"post_tag","embeddable":true,"href":"https:\/\/www.europesays.com\/fr\/wp-json\/wp\/v2\/tags?post=409917"}],"curies":[{"name":"wp","href":"https:\/\/api.w.org\/{rel}","templated":true}]}}