{"id":409919,"date":"2025-09-22T16:58:15","date_gmt":"2025-09-22T16:58:15","guid":{"rendered":"https:\/\/www.europesays.com\/fr\/409919\/"},"modified":"2025-09-22T16:58:15","modified_gmt":"2025-09-22T16:58:15","slug":"une-femme-de-59-ans-secourue-sur-le-toit","status":"publish","type":"post","link":"https:\/\/www.europesays.com\/fr\/409919\/","title":{"rendered":"une femme de 59 ans secourue sur le toit"},"content":{"rendered":"<p class=\"xsm-p emxed-markup\">Le v\u00e9hicule d\u2019une femme \u00e2g\u00e9e de 59 ans s\u2019est malencontreusement retrouv\u00e9 dans l\u2019Is\u00e8re, ce lundi 22\u00a0septembre, vers 12\u00a0h, au niveau du pont de la Porte de France. Pour une raison encore ind\u00e9termin\u00e9e, la conductrice semble avoir emprunt\u00e9 la mauvaise direction sur la voie de Corato et le v\u00e9hicule a \u00e9chou\u00e9 dans la rivi\u00e8re.<\/p>\n<p>Ce contenu est bloqu\u00e9 car vous n&rsquo;avez pas accept\u00e9 les cookies et autres traceurs.<\/p>\n<p>En cliquant sur \u00ab J\u2019accepte \u00bb, les cookies et autres traceurs seront d\u00e9pos\u00e9s et vous pourrez visualiser les contenus  (<a href=\"\" class=\"consentModule_policy\" target=\"_blank\" title=\"Consulter la politique de protection des donn\u00e9es du fournisseur\">plus d&rsquo;informations<\/a>).<\/p>\n<p>En cliquant sur \u00ab J\u2019accepte tous les cookies \u00bb, vous autorisez des d\u00e9p\u00f4ts de cookies et autres traceurs pour le stockage de vos donn\u00e9es sur nos sites et applications \u00e0 des fins de personnalisation et de ciblage publicitaire.<\/p>\n<p class=\"consentModule_secondaryText\">Vous gardez la possibilit\u00e9 de retirer votre consentement \u00e0 tout moment en consultant notre <a href=\"https:\/\/www.ledauphine.com\/protection-des-donnees\" target=\"_blank\" title=\"Consulter notre politique de protection des donn\u00e9es\" rel=\"noopener\">politique de protection des donn\u00e9es<\/a>. <br \/>&#13;<br \/>\n            <a href=\"https:\/\/www.ledauphine.com\/faits-divers-justice\/2025\/09\/22\/javascript:Didomi.notice.show()\" class=\"consentModule_cmp\" target=\"_blank\" rel=\"noopener\">G\u00e9rer mes choix<\/a>&#13;\n        <\/p>\n<p>&#13;<br \/>\n                        J&rsquo;accepte&#13;<br \/>\n            J&rsquo;accepte tous les cookies&#13;\n        <\/p>\n<p class=\"xsm-p\">R\u00e9fugi\u00e9e sur le toit de sa voiture, qui \u00e9tait en train de couler, la\u00a0quinquag\u00e9naire a \u00e9t\u00e9 secourue par une \u00e9quipe de plongeurs des\u00a0sapeurs-pompiers de Grenoble. Choqu\u00e9e et en hypothermie, la victime a \u00e9t\u00e9 prise en charge dans une ambulance des sapeurs-pompiers et transport\u00e9e au CHU Grenoble Alpes.<\/p>\n<p class=\"xsm-p\">Des policiers nationaux et municipaux ont s\u00e9curit\u00e9 l\u2019op\u00e9ration de sauvetage.<\/p>\n<p class=\"xsm-p\">La voiture a \u00e9t\u00e9 laiss\u00e9e sur place et s\u2019y trouvait toujours ce lundi soir, \u00e0 peine visible car quasi enti\u00e8rement immerg\u00e9e.<\/p>\n","protected":false},"excerpt":{"rendered":"Le v\u00e9hicule d\u2019une femme \u00e2g\u00e9e de 59 ans s\u2019est malencontreusement retrouv\u00e9 dans l\u2019Is\u00e8re, ce lundi 22\u00a0septembre, vers 12\u00a0h,&hellip;\n","protected":false},"author":2,"featured_media":409920,"comment_status":"","ping_status":"","sticky":false,"template":"","format":"standard","meta":{"footnotes":""},"categories":[9566],"tags":[119,1111,11,2430,112,1777,674,274,107,1011,27,2731,108,12,25],"class_list":{"0":"post-409919","1":"post","2":"type-post","3":"status-publish","4":"format-standard","5":"has-post-thumbnail","7":"category-grenoble","8":"tag-accident","9":"tag-actu","10":"tag-actualites","11":"tag-auvergne-rhone-alpes","12":"tag-edition-grenoble-agglomeration","13":"tag-eu","14":"tag-europe","15":"tag-faits-divers-justice","16":"tag-fil-info","17":"tag-fr","18":"tag-france","19":"tag-grenoble","20":"tag-isere","21":"tag-news","22":"tag-republique-francaise"},"share_on_mastodon":{"url":"https:\/\/pubeurope.com\/@fr\/115249014702028902","error":""},"_links":{"self":[{"href":"https:\/\/www.europesays.com\/fr\/wp-json\/wp\/v2\/posts\/409919","targetHints":{"allow":["GET"]}}],"collection":[{"href":"https:\/\/www.europesays.com\/fr\/wp-json\/wp\/v2\/posts"}],"about":[{"href":"https:\/\/www.europesays.com\/fr\/wp-json\/wp\/v2\/types\/post"}],"author":[{"embeddable":true,"href":"https:\/\/www.europesays.com\/fr\/wp-json\/wp\/v2\/users\/2"}],"replies":[{"embeddable":true,"href":"https:\/\/www.europesays.com\/fr\/wp-json\/wp\/v2\/comments?post=409919"}],"version-history":[{"count":0,"href":"https:\/\/www.europesays.com\/fr\/wp-json\/wp\/v2\/posts\/409919\/revisions"}],"wp:featuredmedia":[{"embeddable":true,"href":"https:\/\/www.europesays.com\/fr\/wp-json\/wp\/v2\/media\/409920"}],"wp:attachment":[{"href":"https:\/\/www.europesays.com\/fr\/wp-json\/wp\/v2\/media?parent=409919"}],"wp:term":[{"taxonomy":"category","embeddable":true,"href":"https:\/\/www.europesays.com\/fr\/wp-json\/wp\/v2\/categories?post=409919"},{"taxonomy":"post_tag","embeddable":true,"href":"https:\/\/www.europesays.com\/fr\/wp-json\/wp\/v2\/tags?post=409919"}],"curies":[{"name":"wp","href":"https:\/\/api.w.org\/{rel}","templated":true}]}}