{"id":409923,"date":"2025-09-22T17:00:12","date_gmt":"2025-09-22T17:00:12","guid":{"rendered":"https:\/\/www.europesays.com\/fr\/409923\/"},"modified":"2025-09-22T17:00:12","modified_gmt":"2025-09-22T17:00:12","slug":"apres-sa-decision-de-hisser-le-drapeau-palestinien-devant-la-mairie-de-rennes-nathalie-appere-sattire-les-foudres-de-ses-opposants","status":"publish","type":"post","link":"https:\/\/www.europesays.com\/fr\/409923\/","title":{"rendered":"Apr\u00e8s sa d\u00e9cision de hisser le drapeau palestinien devant la mairie de Rennes, Nathalie App\u00e9r\u00e9 s\u2019attire les foudres de ses opposants"},"content":{"rendered":"<p>\u00ab En ce jour historique, j\u2019ai souhait\u00e9 que nous fassions flotter le drapeau de la Palestine sur le fronton de notre H\u00f4tel de Ville pour exprimer notre soutien \u00e0 la d\u00e9marche de reconnaissance engag\u00e9e, au nom de la France, par le pr\u00e9sident de la R\u00e9publique. \u00bb Ainsi s\u2019est justifi\u00e9e Nathalie App\u00e9r\u00e9, ce lundi 22 septembre, apr\u00e8s son choix de se joindre \u00e0 la cinquantaine d\u2019\u00e9diles qui, en France, ont d\u00e9cid\u00e9 d\u2019afficher les couleurs palestiniennes. Mani\u00e8re aussi, selon l\u2019\u00e9lue, de marquer la solidarit\u00e9 de sa ville \u00ab envers les populations civiles, qui sont les premi\u00e8res victimes des crimes de guerre \u00bb.<\/p>\n<p>Ce, malgr\u00e9 les mises en garde du ministre de l\u2019Int\u00e9rieur d\u00e9missionnaire Bruno Retailleau. Samedi 20 septembre, il avait en effet estim\u00e9 que \u00ab seul le drapeau tricolore a droit de cit\u00e9 \u00bb, s\u2019appuyant sur la loi. La place Beauvau avait d\u2019ailleurs demand\u00e9 aux pr\u00e9fets de saisir syst\u00e9matiquement les tribunaux si des mairies bravaient son interdit. Logiquement, la pr\u00e9fecture d\u2019Ille-et-Vilaine annon\u00e7ait, en milieu d\u2019apr\u00e8s-midi, appliquer cette directive : \u00ab Le principe de neutralit\u00e9 du service public interdit de tels pavoisements. En cas de refus du maire de retirer le drapeau palestinien, la pr\u00e9fecture saisit sans d\u00e9lai la justice administrative. \u00bb<\/p>\n<p>Les oppositions annoncent des recours au tribunal<\/p>\n<p>D\u00e8s la matin\u00e9e, le LR Thomas Rousseau annon\u00e7ait \u00e9galement son intention de porter l\u2019affaire devant le juge. \u00ab Nos b\u00e2timents et services publics doivent rester neutres de toute cause politique \u00bb, d\u00e9non\u00e7ait celui qui est en lice pour la mairie aux prochaines municipales. M\u00eame r\u00e9crimination du c\u00f4t\u00e9 du RN, par la voix de son chef de file Julien Masson : \u00ab \u00c0 six mois des municipales, la maire PS Nathalie App\u00e9r\u00e9 veut uniquement plaire \u00e0 son extr\u00eame gauche LFI\/EELV qui d\u00e9teste notre drapeau tricolore, importe les conflits et bord\u00e9lise notre d\u00e9mocratie. \u00bb<\/p>\n<p>Le drapeau palestinien, a tenu \u00e0 pr\u00e9ciser Nathalie App\u00e9r\u00e9, devait \u00eatre retir\u00e9 en fin de journ\u00e9e, apr\u00e8s le conseil municipal qui, hasard du calendrier, se tenait ce lundi. Ce conseil, sans surprise, a \u00e9t\u00e9 l\u2019occasion pour ses opposants au sein de l\u2019assembl\u00e9e de lui reprocher sa d\u00e9cision. \u00ab Vous avez franchi une ligne rouge, a d\u00e9nonc\u00e9 Charles Compagnon, probable candidat en mars 2026. D\u2019abord sur le plan juridique : le code des collectivit\u00e9s territoriales l\u2019interdit (\u2026). Ensuite, sur le plan politique. En affichant un camp, vous importez des fractures dans notre ville, au risque d\u2019attiser des tensions entre nos propres habitants. \u00bb<\/p>\n<p>\u00ab Ind\u00e9cent \u00bb, r\u00e9torque la gauche<\/p>\n<p>Un reproche repris par son alli\u00e9e, la macroniste Carole Gandon : \u00ab Hisser un drapeau n\u2019a sauv\u00e9 aucune vie au Proche-Orient. En revanche, cela aura ab\u00eem\u00e9 Rennes et plac\u00e9 notre ville dans l\u2019ill\u00e9galit\u00e9. \u00bb Avant d\u2019annoncer que son groupe, et celui de Charles Compagnon, comptaient \u00e9galement saisir le tribunal. \u00ab Les frais juridiques devraient \u00eatre imput\u00e9s \u00e0 votre compte de campagne. \u00bb<\/p>\n<p>Sur les bancs de la majorit\u00e9 de Nathalie App\u00e9r\u00e9, le pavoisement du drapeau palestinien a, au contraire, fait consensus, au moment o\u00f9 \u00ab la commission d\u2019enqu\u00eate du Conseil des droits de l\u2019homme de l\u2019ONU qualifie de g\u00e9nocide les agissements du gouvernement d\u2019Isra\u00ebl \u00bb, selon l\u2019\u00e9lue du groupe PS Flavie Boukhenoufa. \u00c0 gauche, les critiques de l\u2019opposition ne sont pas pass\u00e9es comme une lettre \u00e0 la poste. Olivier Roullier, du groupe G\u00e9n\u00e9ration. s, a r\u00e9torqu\u00e9 \u00e0 Charles Compagnon : \u00ab D\u00e9cider de lancer une pol\u00e9mique au moment o\u00f9 le pr\u00e9sident reconna\u00eet l\u2019\u00c9tat de Palestine : vous aussi vous avez choisi un camp et ce n\u2019est pas celui de la R\u00e9publique. Et faire cela au moment o\u00f9 des gens meurent, c\u2019est ind\u00e9cent. \u00bb<\/p>\n<p>\u00c0 noter : la Ville votait, ce lundi, deux subventions, d\u2019un montant total de 15 000 \u20ac, dont une de 10 000 \u20ac en soutien aux populations civiles de Gaza.<\/p>\n","protected":false},"excerpt":{"rendered":"\u00ab En ce jour historique, j\u2019ai souhait\u00e9 que nous fassions flotter le drapeau de la Palestine sur le&hellip;\n","protected":false},"author":2,"featured_media":409924,"comment_status":"","ping_status":"","sticky":false,"template":"","format":"standard","meta":{"footnotes":""},"categories":[2821],"tags":[1111,11,829,1777,674,1011,27,12,50972,3364,584,25],"class_list":{"0":"post-409923","1":"post","2":"type-post","3":"status-publish","4":"format-standard","5":"has-post-thumbnail","7":"category-rennes","8":"tag-actu","9":"tag-actualites","10":"tag-bretagne","11":"tag-eu","12":"tag-europe","13":"tag-fr","14":"tag-france","15":"tag-news","16":"tag-newsletter-la-rennes-quotidienne","17":"tag-politique-a-rennes","18":"tag-rennes","19":"tag-republique-francaise"},"share_on_mastodon":{"url":"https:\/\/pubeurope.com\/@fr\/115249022587260540","error":""},"_links":{"self":[{"href":"https:\/\/www.europesays.com\/fr\/wp-json\/wp\/v2\/posts\/409923","targetHints":{"allow":["GET"]}}],"collection":[{"href":"https:\/\/www.europesays.com\/fr\/wp-json\/wp\/v2\/posts"}],"about":[{"href":"https:\/\/www.europesays.com\/fr\/wp-json\/wp\/v2\/types\/post"}],"author":[{"embeddable":true,"href":"https:\/\/www.europesays.com\/fr\/wp-json\/wp\/v2\/users\/2"}],"replies":[{"embeddable":true,"href":"https:\/\/www.europesays.com\/fr\/wp-json\/wp\/v2\/comments?post=409923"}],"version-history":[{"count":0,"href":"https:\/\/www.europesays.com\/fr\/wp-json\/wp\/v2\/posts\/409923\/revisions"}],"wp:featuredmedia":[{"embeddable":true,"href":"https:\/\/www.europesays.com\/fr\/wp-json\/wp\/v2\/media\/409924"}],"wp:attachment":[{"href":"https:\/\/www.europesays.com\/fr\/wp-json\/wp\/v2\/media?parent=409923"}],"wp:term":[{"taxonomy":"category","embeddable":true,"href":"https:\/\/www.europesays.com\/fr\/wp-json\/wp\/v2\/categories?post=409923"},{"taxonomy":"post_tag","embeddable":true,"href":"https:\/\/www.europesays.com\/fr\/wp-json\/wp\/v2\/tags?post=409923"}],"curies":[{"name":"wp","href":"https:\/\/api.w.org\/{rel}","templated":true}]}}