{"id":409927,"date":"2025-09-22T17:02:12","date_gmt":"2025-09-22T17:02:12","guid":{"rendered":"https:\/\/www.europesays.com\/fr\/409927\/"},"modified":"2025-09-22T17:02:12","modified_gmt":"2025-09-22T17:02:12","slug":"strasbourg-premieres-frictions-entre-le-nouveau-tram-ouest-et-des-riverains","status":"publish","type":"post","link":"https:\/\/www.europesays.com\/fr\/409927\/","title":{"rendered":"Strasbourg. Premi\u00e8res frictions entre le nouveau tram ouest et des riverains"},"content":{"rendered":"<p>\u00ab\u00a0Renault Capture \u00e0 vendre, prix \u00e0 d\u00e9battre.\u00a0\u00bb Andr\u00e9 Mareau a d\u00fb se r\u00e9soudre \u00e0 se s\u00e9parer de sa voiture pour un mod\u00e8le moins large, plus convenant \u00e0 la man\u0153uvre d\u00e9sormais n\u00e9cessaire pour se garer chez lui. Depuis l\u2019installation des rails du <a href=\"https:\/\/www.dna.fr\/economie\/2025\/09\/10\/le-tram-ouest-entre-dans-sa-phase-d-essais\" target=\"_blank\" rel=\"noopener\"> futur tram ouest<\/a> , sortir la voiture demande de redoubler de vigilance (voire de tripler\u2026) aux riverains du 1 au 15 de la rue Virgile\u00a0\u00a0: \u00ab\u00a0On doit v\u00e9rifier l\u2019arriv\u00e9e du tram, surveiller les pi\u00e9tons et les cyclistes sur le trottoir, et la circulation des voitures avant de s\u2019engager.\u00a0\u00bb<\/p>\n<p>Alert\u00e9e du potentiel risque, la m\u00e9tropole a donc demand\u00e9 \u00e0 ces riverains de \u00ab\u00a0favoriser une man\u0153uvre en marche arri\u00e8re pour entrer sur votre terrain s\u2019il n\u2019est pas possible d\u2019y faire demi-tour pour ressortir en marche avant sur la voirie\u00a0\u00bb dans une lettre d\u2019information du 9\u00a0septembre. \u00ab\u00a0C\u2019est stupide, on va devoir man\u0153uvrer sur les voies, avec la circulation des voitures, et r\u00e9ussir \u00e0 entrer en marche arri\u00e8re dans nos portillons qui&#8230;<\/p>\n","protected":false},"excerpt":{"rendered":"\u00ab\u00a0Renault Capture \u00e0 vendre, prix \u00e0 d\u00e9battre.\u00a0\u00bb Andr\u00e9 Mareau a d\u00fb se r\u00e9soudre \u00e0 se s\u00e9parer de sa&hellip;\n","protected":false},"author":2,"featured_media":409928,"comment_status":"","ping_status":"","sticky":false,"template":"","format":"standard","meta":{"footnotes":""},"categories":[2820],"tags":[1111,11,2880,1777,674,107,1011,27,775,3539,12,316,25,640,2879,2803],"class_list":{"0":"post-409927","1":"post","2":"type-post","3":"status-publish","4":"format-standard","5":"has-post-thumbnail","7":"category-strasbourg","8":"tag-actu","9":"tag-actualites","10":"tag-edition-strasbourg","11":"tag-eu","12":"tag-europe","13":"tag-fil-info","14":"tag-fr","15":"tag-france","16":"tag-grand-est","17":"tag-les-ecologistes","18":"tag-news","19":"tag-politique","20":"tag-republique-francaise","21":"tag-strasbourg","22":"tag-strasbourg-ville","23":"tag-transport"},"share_on_mastodon":{"url":"https:\/\/pubeurope.com\/@fr\/115249030448767084","error":""},"_links":{"self":[{"href":"https:\/\/www.europesays.com\/fr\/wp-json\/wp\/v2\/posts\/409927","targetHints":{"allow":["GET"]}}],"collection":[{"href":"https:\/\/www.europesays.com\/fr\/wp-json\/wp\/v2\/posts"}],"about":[{"href":"https:\/\/www.europesays.com\/fr\/wp-json\/wp\/v2\/types\/post"}],"author":[{"embeddable":true,"href":"https:\/\/www.europesays.com\/fr\/wp-json\/wp\/v2\/users\/2"}],"replies":[{"embeddable":true,"href":"https:\/\/www.europesays.com\/fr\/wp-json\/wp\/v2\/comments?post=409927"}],"version-history":[{"count":0,"href":"https:\/\/www.europesays.com\/fr\/wp-json\/wp\/v2\/posts\/409927\/revisions"}],"wp:featuredmedia":[{"embeddable":true,"href":"https:\/\/www.europesays.com\/fr\/wp-json\/wp\/v2\/media\/409928"}],"wp:attachment":[{"href":"https:\/\/www.europesays.com\/fr\/wp-json\/wp\/v2\/media?parent=409927"}],"wp:term":[{"taxonomy":"category","embeddable":true,"href":"https:\/\/www.europesays.com\/fr\/wp-json\/wp\/v2\/categories?post=409927"},{"taxonomy":"post_tag","embeddable":true,"href":"https:\/\/www.europesays.com\/fr\/wp-json\/wp\/v2\/tags?post=409927"}],"curies":[{"name":"wp","href":"https:\/\/api.w.org\/{rel}","templated":true}]}}