{"id":409939,"date":"2025-09-22T17:10:11","date_gmt":"2025-09-22T17:10:11","guid":{"rendered":"https:\/\/www.europesays.com\/fr\/409939\/"},"modified":"2025-09-22T17:10:11","modified_gmt":"2025-09-22T17:10:11","slug":"ces-travaux-de-nuit-vont-interrompre-la-circulation-a-lest-de-bordeaux","status":"publish","type":"post","link":"https:\/\/www.europesays.com\/fr\/409939\/","title":{"rendered":"ces travaux de nuit vont interrompre la circulation \u00e0 l&rsquo;est de Bordeaux"},"content":{"rendered":"<p>            Par<br \/>\n        <strong><br \/>\n            <a href=\"https:\/\/actu.fr\/auteur\/juliette-cardinale\" title=\"Consulter tous les articles de Juliette Cardinale\" target=\"_blank\" rel=\"noopener\">Juliette Cardinale<\/a><br \/>\n        <\/strong><\/p>\n<p>        Publi\u00e9 le<\/p>\n<p>            22 sept. 2025 \u00e0 16h56        <\/p>\n<p>Du lundi 22 au samedi 27 septembre 2025, des travaux vont <strong>perturber la circulation<\/strong> sur la rocade ext\u00e9rieure <a href=\"https:\/\/actu.fr\/bordeaux\/\" target=\"_blank\" rel=\"noopener\">de Bordeaux.<\/a> Des interruptions nocturnes sont pr\u00e9vues tous les soirs de la semaine, sauf intemp\u00e9ries, de 21 heures \u00e0 6 heures du matin.\u00a0<\/p>\n<p>Des fermetures successives<\/p>\n<p class=\" wall-content\">Les nuits du <strong>lundi 22 au jeudi 25 septembre<\/strong>, la rocade ext\u00e9rieure sera ferm\u00e9e\u00a0entre les \u00e9changeurs 22 (Latresne) et 26 (<a href=\"https:\/\/actu.fr\/nouvelle-aquitaine\/artigues-pres-bordeaux_33013\" target=\"_blank\" rel=\"noopener\">Artigues-pr\u00e8s-Bordeaux<\/a>), pr\u00e9cise <a href=\"https:\/\/sedeplacer.bordeaux-metropole.fr\/actualites\/rocades-a630-rn230-a63-a62-a10-rn89\" target=\"_blank\" rel=\"noopener\">Bordeaux M\u00e9tropole.<\/a><\/p>\n<p class=\" wall-content\">Pour la derni\u00e8re nuit des interruptions, du <strong>vendredi 26 au samedi 27 septembre<\/strong>, la <a href=\"https:\/\/actu.fr\/tag\/rocade-de-bordeaux\" target=\"_blank\" rel=\"noopener\">rocade<\/a> sera ferm\u00e9e dans le sens ext\u00e9rieur entre les \u00e9changeurs 26 (Artigues-Pr\u00e8s-Bordeaux) et 1 (N\u0153ud N230\/A630\/A10) de 21 heures \u00e0 6 heures.<\/p>\n<p class=\" wall-content\">Dans les deux cas, les usagers sont d\u00e9vi\u00e9s <strong>par la rocade int\u00e9rieure<\/strong> via le pont Fran\u00e7ois Mitterrand et le pont d\u2019Aquitaine.\u00a0<\/p>\n<p class=\" wall-content\">Personnalisez votre actualit\u00e9 en ajoutant vos villes et m\u00e9dias en favori avec <a href=\"https:\/\/moncompte.actu.fr\" title=\"D\u00e9couvez Mon Actu\" rel=\"nofollow noopener\" data-trk=\"{&quot;cta&quot;:{&quot;action&quot;:&quot;https:\\\/\\\/moncompte.actu.fr&quot;,&quot;category&quot;:&quot;mon compte&quot;,&quot;from&quot;:&quot;article footer&quot;,&quot;name&quot;:&quot;Mon actu&quot;,&quot;type&quot;:&quot;cta&quot;}}\" target=\"_blank\">Mon Actu<\/a>.<\/p>\n","protected":false},"excerpt":{"rendered":"Par Juliette Cardinale Publi\u00e9 le 22 sept. 2025 \u00e0 16h56 Du lundi 22 au samedi 27 septembre 2025,&hellip;\n","protected":false},"author":2,"featured_media":409940,"comment_status":"","ping_status":"","sticky":false,"template":"","format":"standard","meta":{"footnotes":""},"categories":[2817],"tags":[1111,11,1997,3542,1777,674,1011,27,12,2219,25,13229,104,2086],"class_list":{"0":"post-409939","1":"post","2":"type-post","3":"status-publish","4":"format-standard","5":"has-post-thumbnail","7":"category-bordeaux","8":"tag-actu","9":"tag-actualites","10":"tag-bordeaux","11":"tag-circulation","12":"tag-eu","13":"tag-europe","14":"tag-fr","15":"tag-france","16":"tag-news","17":"tag-nouvelle-aquitaine","18":"tag-republique-francaise","19":"tag-rocade-de-bordeaux","20":"tag-societe","21":"tag-travaux"},"share_on_mastodon":{"url":"https:\/\/pubeurope.com\/@fr\/115249061937873845","error":""},"_links":{"self":[{"href":"https:\/\/www.europesays.com\/fr\/wp-json\/wp\/v2\/posts\/409939","targetHints":{"allow":["GET"]}}],"collection":[{"href":"https:\/\/www.europesays.com\/fr\/wp-json\/wp\/v2\/posts"}],"about":[{"href":"https:\/\/www.europesays.com\/fr\/wp-json\/wp\/v2\/types\/post"}],"author":[{"embeddable":true,"href":"https:\/\/www.europesays.com\/fr\/wp-json\/wp\/v2\/users\/2"}],"replies":[{"embeddable":true,"href":"https:\/\/www.europesays.com\/fr\/wp-json\/wp\/v2\/comments?post=409939"}],"version-history":[{"count":0,"href":"https:\/\/www.europesays.com\/fr\/wp-json\/wp\/v2\/posts\/409939\/revisions"}],"wp:featuredmedia":[{"embeddable":true,"href":"https:\/\/www.europesays.com\/fr\/wp-json\/wp\/v2\/media\/409940"}],"wp:attachment":[{"href":"https:\/\/www.europesays.com\/fr\/wp-json\/wp\/v2\/media?parent=409939"}],"wp:term":[{"taxonomy":"category","embeddable":true,"href":"https:\/\/www.europesays.com\/fr\/wp-json\/wp\/v2\/categories?post=409939"},{"taxonomy":"post_tag","embeddable":true,"href":"https:\/\/www.europesays.com\/fr\/wp-json\/wp\/v2\/tags?post=409939"}],"curies":[{"name":"wp","href":"https:\/\/api.w.org\/{rel}","templated":true}]}}