{"id":409941,"date":"2025-09-22T17:11:12","date_gmt":"2025-09-22T17:11:12","guid":{"rendered":"https:\/\/www.europesays.com\/fr\/409941\/"},"modified":"2025-09-22T17:11:12","modified_gmt":"2025-09-22T17:11:12","slug":"cest-officiel-ces-trois-supermarches-auchan-de-la-metropole-de-bordeaux-vont-devenir-des-lidl","status":"publish","type":"post","link":"https:\/\/www.europesays.com\/fr\/409941\/","title":{"rendered":"C&rsquo;est officiel, ces trois supermarch\u00e9s Auchan de la m\u00e9tropole de Bordeaux vont devenir des Lidl"},"content":{"rendered":"<p>            Par<br \/>\n        <strong><br \/>\n            <a href=\"https:\/\/actu.fr\/auteur\/redaction-bordeaux\" title=\"Consulter tous les articles de R\u00e9daction Bordeaux\" target=\"_blank\" rel=\"noopener\">R\u00e9daction Bordeaux<\/a><br \/>\n        <\/strong><\/p>\n<p>        Publi\u00e9 le<\/p>\n<p>            22 sept. 2025 \u00e0 18h32        <\/p>\n<p>Apr\u00e8s plusieurs mois d\u2019attente, c\u2019est officiel. Ce lundi 22\u00a0septembre 2025, l\u2019Autorit\u00e9 de la concurrence a annonc\u00e9 qu\u2019elle <strong>autorisait \u00ab\u2009sans conditions\u2009\u00bb<\/strong> le rachat de <a href=\"https:\/\/actu.fr\/economie\/une-vingtaine-de-supermarches-auchan-bientot-transformes-en-lidl-voici-les-magasins-concernes_63196798.html\" target=\"_blank\" rel=\"noopener\">19 supermarch\u00e9s Auchan,<\/a> dont trois <a href=\"https:\/\/actu.fr\/bordeaux\/\" target=\"_blank\" rel=\"noopener\">\u00e0 Bordeaux<\/a> et alentour, par l\u2019enseigne allemande Lidl.<\/p>\n<p>Trois supermarch\u00e9s dans l\u2019agglom\u00e9ration<\/p>\n<p class=\" wall-content\">Les <strong>trois supermarch\u00e9s Auchan<\/strong> concern\u00e9s par le rachat dans l\u2019agglom\u00e9ration de Bordeaux sont <a href=\"https:\/\/maps.app.goo.gl\/7Va9kTsN9B4UKuhw9\" target=\"_blank\" rel=\"noopener\">Bordeaux Benauge,<\/a> <a href=\"https:\/\/maps.app.goo.gl\/hEBevVzcyjesfCp8A\" target=\"_blank\" rel=\"noopener\">Bordeaux Grand Parc,<\/a> et <a href=\"https:\/\/maps.app.goo.gl\/i2TpQ8PDZkjTeZ4u7\" target=\"_blank\" rel=\"noopener\">Gradignan Malartic.<\/a><\/p>\n<p class=\" wall-content\">Ils viendront renforcer l\u2019offre du discounter allemand, qui d\u00e9nombre d\u00e9j\u00e0 quasiment une <strong>vingtaine de magasins<\/strong> dans l\u2019agglom\u00e9ration de Bordeaux.<\/p>\n<p class=\" wall-content\">Apr\u00e8s 20 ouvertures nettes pr\u00e9vues cette ann\u00e9e, Lidl comptera en France\u00a0<strong>1\u2009627 magasins.<\/strong>\u00a0L\u2019op\u00e9ration de reprendre les 19 supermarch\u00e9s Auchan suppl\u00e9mentaires \u00ab\u2009n\u2019est pas de nature \u00e0 porter atteinte \u00e0 la concurrence\u2009\u00bb, consid\u00e8re l\u2019Autorit\u00e9\u00a0<a href=\"https:\/\/www.autoritedelaconcurrence.fr\/fr\/communiques-de-presse\/rachat-de-19-magasins-sous-enseigne-auchan-supermarche-et-de-8-stations\" target=\"_blank\" rel=\"noopener\">dans son communiqu\u00e9.<\/a> \u00ab\u2009Le consommateur continuera de disposer d\u2019alternatives concurrentes suffisantes sur chacune\u2009\u00bb des zones concern\u00e9es.<\/p>\n<p class=\" wall-content\">Personnalisez votre actualit\u00e9 en ajoutant vos villes et m\u00e9dias en favori avec <a href=\"https:\/\/moncompte.actu.fr\" title=\"D\u00e9couvez Mon Actu\" rel=\"nofollow noopener\" data-trk=\"{&quot;cta&quot;:{&quot;action&quot;:&quot;https:\\\/\\\/moncompte.actu.fr&quot;,&quot;category&quot;:&quot;mon compte&quot;,&quot;from&quot;:&quot;article footer&quot;,&quot;name&quot;:&quot;Mon actu&quot;,&quot;type&quot;:&quot;cta&quot;}}\" target=\"_blank\">Mon Actu<\/a>.<\/p>\n","protected":false},"excerpt":{"rendered":"Par R\u00e9daction Bordeaux Publi\u00e9 le 22 sept. 2025 \u00e0 18h32 Apr\u00e8s plusieurs mois d\u2019attente, c\u2019est officiel. Ce lundi&hellip;\n","protected":false},"author":2,"featured_media":258353,"comment_status":"","ping_status":"","sticky":false,"template":"","format":"standard","meta":{"footnotes":""},"categories":[2817],"tags":[1111,11,14474,1997,215,1777,674,1011,27,18542,12,2219,25,104],"class_list":{"0":"post-409941","1":"post","2":"type-post","3":"status-publish","4":"format-standard","5":"has-post-thumbnail","7":"category-bordeaux","8":"tag-actu","9":"tag-actualites","10":"tag-auchan","11":"tag-bordeaux","12":"tag-commerce","13":"tag-eu","14":"tag-europe","15":"tag-fr","16":"tag-france","17":"tag-lidl","18":"tag-news","19":"tag-nouvelle-aquitaine","20":"tag-republique-francaise","21":"tag-societe"},"share_on_mastodon":{"url":"https:\/\/pubeurope.com\/@fr\/115249065815457721","error":""},"_links":{"self":[{"href":"https:\/\/www.europesays.com\/fr\/wp-json\/wp\/v2\/posts\/409941","targetHints":{"allow":["GET"]}}],"collection":[{"href":"https:\/\/www.europesays.com\/fr\/wp-json\/wp\/v2\/posts"}],"about":[{"href":"https:\/\/www.europesays.com\/fr\/wp-json\/wp\/v2\/types\/post"}],"author":[{"embeddable":true,"href":"https:\/\/www.europesays.com\/fr\/wp-json\/wp\/v2\/users\/2"}],"replies":[{"embeddable":true,"href":"https:\/\/www.europesays.com\/fr\/wp-json\/wp\/v2\/comments?post=409941"}],"version-history":[{"count":0,"href":"https:\/\/www.europesays.com\/fr\/wp-json\/wp\/v2\/posts\/409941\/revisions"}],"wp:featuredmedia":[{"embeddable":true,"href":"https:\/\/www.europesays.com\/fr\/wp-json\/wp\/v2\/media\/258353"}],"wp:attachment":[{"href":"https:\/\/www.europesays.com\/fr\/wp-json\/wp\/v2\/media?parent=409941"}],"wp:term":[{"taxonomy":"category","embeddable":true,"href":"https:\/\/www.europesays.com\/fr\/wp-json\/wp\/v2\/categories?post=409941"},{"taxonomy":"post_tag","embeddable":true,"href":"https:\/\/www.europesays.com\/fr\/wp-json\/wp\/v2\/tags?post=409941"}],"curies":[{"name":"wp","href":"https:\/\/api.w.org\/{rel}","templated":true}]}}