{"id":409942,"date":"2025-09-22T17:12:11","date_gmt":"2025-09-22T17:12:11","guid":{"rendered":"https:\/\/www.europesays.com\/fr\/409942\/"},"modified":"2025-09-22T17:12:11","modified_gmt":"2025-09-22T17:12:11","slug":"toulouse-accueille-son-tout-premier-photobooth-coreen-dubu-ouvre-ses-portes","status":"publish","type":"post","link":"https:\/\/www.europesays.com\/fr\/409942\/","title":{"rendered":"Toulouse accueille son tout premier photobooth cor\u00e9en : Dubu ouvre ses portes"},"content":{"rendered":"<p>            Par<br \/>\n        <strong><br \/>\n            <a href=\"https:\/\/actu.fr\/auteur\/lea-afonso\" title=\"Consulter tous les articles de L\u00e9a Afonso\" target=\"_blank\" rel=\"noopener\">L\u00e9a Afonso<\/a><br \/>\n        <\/strong><\/p>\n<p>        Publi\u00e9 le<\/p>\n<p>            22 sept. 2025 \u00e0 18h46        <\/p>\n<p>Et si la Cor\u00e9e du Sud s\u2019invitait \u00e0 deux pas de chez vous\u2009? Cela peut sembler improbable, et pourtant\u2026 La <strong>culture cor\u00e9enne<\/strong>, d\u00e9j\u00e0 bien install\u00e9e dans la Ville rose \u00e0 travers ses <a href=\"https:\/\/actu.fr\/occitanie\/toulouse_31555\/c-est-le-tout-premier-a-toulouse-un-disquaire-de-k-pop-et-objets-derives-de-coree-va-ouvrir-en-centre-ville_62609407.html\" target=\"_blank\" rel=\"noopener\">disquaires sp\u00e9cialis\u00e9s en K-pop<\/a>, ses <a href=\"https:\/\/actu.fr\/occitanie\/toulouse_31555\/toulouse-un-nouveau-restaurant-specialise-dans-la-street-food-coreenne-en-centre-ville_37622242.html\" target=\"_blank\" rel=\"noopener\">restaurants de bibimbap ou de kimchi<\/a>, va bient\u00f4t s\u2019enrichir d\u2019un nouveau lieu in\u00e9dit. \u00c0 la fin de l\u2019ann\u00e9e 2025, <a href=\"https:\/\/actu.fr\/toulouse\/\" target=\"_blank\" rel=\"noopener\">Toulouse<\/a> accueillera son tout premier<strong> photobooth cor\u00e9en\u2009: Dubu.<\/strong><\/p>\n<p>Une exp\u00e9rience cor\u00e9enne en plein c\u0153ur de Toulouse<\/p>\n<p class=\" wall-content\">Apr\u00e8s une premi\u00e8re ouverture \u00e0 Montauban, le concept d\u00e9barque \u00e0 Toulouse, au<strong> 17\u00a0rue des Puits-Clos,<\/strong> en plein centre-ville. Les Toulousains pourront bient\u00f4t d\u00e9couvrir cette exp\u00e9rience venue tout droit de S\u00e9oul\u2009: un espace ludique, immersif et hautement instagrammable, o\u00f9 chacun peut se mettre en sc\u00e8ne.<\/p>\n<p class=\" wall-content\">\u00ab\u2009Inspir\u00e9 des photobooths tendance de S\u00e9oul, Dubu propose un espace fun, esth\u00e9tique et immersif pour capturer des souvenirs uniques. Dubu est n\u00e9 de notre passion pour la culture cor\u00e9enne et l\u2019envie de faire d\u00e9couvrir<strong> l\u2019exp\u00e9rience des self-photo studios<\/strong> en France\u2009\u00bb, explique l\u2019\u00e9quipe du studio.<\/p>\n<p class=\" wall-content\"><a href=\"https:\/\/www.instagram.com\/p\/DOGl3_WjOt3\/embed\" title=\"Ouvrir le lien sur Instagram\" target=\"_blank\" rel=\"noopener\">Visualiser le contenu sur Instagram<\/a><\/p>\n<p>Le concept\u2009: comme dans un K-drama<\/p>\n<p class=\" wall-content\">L\u2019id\u00e9e est simple, mais terriblement efficace\u2009: on choisit un <strong>fond<\/strong>, on met des <strong>accessoires<\/strong>, e<strong>t on se prend en photo<\/strong> en totale libert\u00e9. \u00c0 la sortie, <strong>chacun repart avec des clich\u00e9s<\/strong> imprim\u00e9s \u00e0 coller sur son frigo ou \u00e0 glisser dans son portefeuille\u2026 et avec des souvenirs plein la t\u00eate.<\/p>\n<p class=\" wall-content\">\u00c0 Toulouse, il sera possible de poser seul, en couple ou entre amis, dans une ambiance qui rappelle les k-dramas et les rues branch\u00e9es de S\u00e9oul.<\/p>\n<p>Vid\u00e9os : en ce moment sur ActuTarifs et formats<\/p>\n<p class=\" wall-content\">Toutes les formules de photos seront propos\u00e9es \u00e0<strong> 6\u00a0\u20ac en version digitale<\/strong>, avec la possibilit\u00e9 d\u2019obtenir une impression papier pour 2\u00a0\u20ac suppl\u00e9mentaires. Un moyen accessible de s\u2019offrir une exp\u00e9rience originale et cr\u00e9ative, sans prendre l\u2019avion pour l\u2019Asie.<\/p>\n<p class=\" wall-content\">Rendez-vous donc fin 2025 pour tester vos plus belles poses\u2009!<\/p>\n<p>Votre r\u00e9gion, votre actu !<\/p>\n<p>Recevez chaque jour les infos qui comptent pour vous.<\/p>\n<p>\t<a href=\"https:\/\/actu.fr\/newsletter\" class=\"ac-btn ac-btn--corner ac-btn--medium ac-btn--blue800\" target=\"_blank\" rel=\"noopener\">S&rsquo;incrire<\/a><\/p>\n<p class=\" wall-content\">Personnalisez votre actualit\u00e9 en ajoutant vos villes et m\u00e9dias en favori avec <a href=\"https:\/\/moncompte.actu.fr\" title=\"D\u00e9couvez Mon Actu\" rel=\"nofollow noopener\" data-trk=\"{&quot;cta&quot;:{&quot;action&quot;:&quot;https:\\\/\\\/moncompte.actu.fr&quot;,&quot;category&quot;:&quot;mon compte&quot;,&quot;from&quot;:&quot;article footer&quot;,&quot;name&quot;:&quot;Mon actu&quot;,&quot;type&quot;:&quot;cta&quot;}}\" target=\"_blank\">Mon Actu<\/a>.<\/p>\n<p>                    <script async src=\"\/\/www.instagram.com\/embed.js\"><\/script><\/p>\n","protected":false},"excerpt":{"rendered":"Par L\u00e9a Afonso Publi\u00e9 le 22 sept. 2025 \u00e0 18h46 Et si la Cor\u00e9e du Sud s\u2019invitait \u00e0&hellip;\n","protected":false},"author":2,"featured_media":409943,"comment_status":"","ping_status":"","sticky":false,"template":"","format":"standard","meta":{"footnotes":""},"categories":[2816],"tags":[1111,11,1777,674,1011,27,1652,12,2849,2680,25,1341,2312],"class_list":{"0":"post-409942","1":"post","2":"type-post","3":"status-publish","4":"format-standard","5":"has-post-thumbnail","7":"category-toulouse","8":"tag-actu","9":"tag-actualites","10":"tag-eu","11":"tag-europe","12":"tag-fr","13":"tag-france","14":"tag-loisirs-culture","15":"tag-news","16":"tag-nouveaux-commerces-a-toulouse","17":"tag-occitanie","18":"tag-republique-francaise","19":"tag-sortir-a-toulouse","20":"tag-toulouse"},"share_on_mastodon":{"url":"https:\/\/pubeurope.com\/@fr\/115249069819257328","error":""},"_links":{"self":[{"href":"https:\/\/www.europesays.com\/fr\/wp-json\/wp\/v2\/posts\/409942","targetHints":{"allow":["GET"]}}],"collection":[{"href":"https:\/\/www.europesays.com\/fr\/wp-json\/wp\/v2\/posts"}],"about":[{"href":"https:\/\/www.europesays.com\/fr\/wp-json\/wp\/v2\/types\/post"}],"author":[{"embeddable":true,"href":"https:\/\/www.europesays.com\/fr\/wp-json\/wp\/v2\/users\/2"}],"replies":[{"embeddable":true,"href":"https:\/\/www.europesays.com\/fr\/wp-json\/wp\/v2\/comments?post=409942"}],"version-history":[{"count":0,"href":"https:\/\/www.europesays.com\/fr\/wp-json\/wp\/v2\/posts\/409942\/revisions"}],"wp:featuredmedia":[{"embeddable":true,"href":"https:\/\/www.europesays.com\/fr\/wp-json\/wp\/v2\/media\/409943"}],"wp:attachment":[{"href":"https:\/\/www.europesays.com\/fr\/wp-json\/wp\/v2\/media?parent=409942"}],"wp:term":[{"taxonomy":"category","embeddable":true,"href":"https:\/\/www.europesays.com\/fr\/wp-json\/wp\/v2\/categories?post=409942"},{"taxonomy":"post_tag","embeddable":true,"href":"https:\/\/www.europesays.com\/fr\/wp-json\/wp\/v2\/tags?post=409942"}],"curies":[{"name":"wp","href":"https:\/\/api.w.org\/{rel}","templated":true}]}}