{"id":409944,"date":"2025-09-22T17:13:14","date_gmt":"2025-09-22T17:13:14","guid":{"rendered":"https:\/\/www.europesays.com\/fr\/409944\/"},"modified":"2025-09-22T17:13:14","modified_gmt":"2025-09-22T17:13:14","slug":"toulouse-des-riverains-evacues-de-chez-eux-pendant-plusieurs-jours-a-cause-des-travaux-du-metro","status":"publish","type":"post","link":"https:\/\/www.europesays.com\/fr\/409944\/","title":{"rendered":"Toulouse : des riverains \u00e9vacu\u00e9s de chez eux pendant plusieurs jours \u00e0 cause des travaux du m\u00e9tro"},"content":{"rendered":"<ul class=\"jsx-862013697 ArticleChapo__List\">\n<li class=\"jsx-862013697 ArticleChapo__List_Item flex\">Des habitants de Toulouse ont d\u00fb quitter leur logement dimanche soir, et ce pour 6 jours et 5 nuits.<\/li>\n<li class=\"jsx-862013697 ArticleChapo__List_Item flex\">En cause : une d\u00e9cision du gestionnaire chantier du m\u00e9tro \u00e0 Toulouse.<\/li>\n<li class=\"jsx-862013697 ArticleChapo__List_Item flex\">L&rsquo;\u00e9vacuation de l\u2019immeuble viserait surtout \u00e0 \u00e9viter l&rsquo;inconfort des travaux.<\/li>\n<\/ul>\n<p><a href=\"https:\/\/www.tf1info.fr\/emissions\/tf1\/le-13h-10927\/\" rel=\"noopener\" class=\"jsx-484472199 Link jsx-1428418400 jsx-640816507\" target=\"_blank\"><\/p>\n<p style=\"font-weight:400\" class=\"jsx-1837267516\">Suivez la couverture compl\u00e8te<\/p>\n<p style=\"font-weight:800\" class=\"jsx-1837267516\">Le 13H<\/p>\n<p><\/a><\/p>\n<p data-module=\"article-paragraph\" class=\"jsx-3046738180 Paragraph Paragraph__End\">Avec ses bagages, Dorian ne part pas en vacances. S&rsquo;il quitte son appartement, c&rsquo;est parce qu&rsquo;il y est contraint. Tout son immeuble doit \u00e9vacuer. La raison se trouve 30 m\u00e8tres sous terre : un tunnelier, une machine de 150 tonnes, doit creuser la <a href=\"https:\/\/www.tf1info.fr\/regions\/video-maisons-fissurees-plancher-effondre-logements-evacues-a-toulouse-le-chantier-du-metro-ne-va-pas-bon-train-2379106.html\" target=\"_blank\" rel=\"noopener\">future ligne de m\u00e9tro de Toulouse<\/a>. Et le chantier pourrait faire trembler les habitations. \u00ab\u00a0On termine les valises, parce que quand on part cinq jours, il faut quand m\u00eame avoir un peu de v\u00eatements de rechange\u00a0\u00bb, explique le jeune homme dans le reportage du JT de TF1 en t\u00eate de cet article. \u00ab\u00a0\u00c0 aucun moment je n&rsquo;ai \u00e9t\u00e9 inquiet. C&rsquo;est vraiment juste au dernier moment o\u00f9 je me suis dit : c&rsquo;est vrai que c&rsquo;est un peu emb\u00eatant&#8230; vu que ce n&rsquo;est pas de notre volont\u00e9\u00a0\u00bb, poursuit-il.\u00a0<\/p>\n<p data-module=\"article-paragraph\" class=\"jsx-3046738180 Paragraph Paragraph__End\">\u00ab\u00a0Je pense que c&rsquo;est au niveau des normes aussi, ils sont oblig\u00e9s d&rsquo;\u00e9vacuer pour qu&rsquo;il n&rsquo;y ait aucun risque\u00a0\u00bb, commente une autre habitante.\u00a0Pour se reloger, les r\u00e9sidents ont obtenu au minimum 900 euros. Ils doivent retrouver leur appartement en fin de semaine, quand les travaux seront finis.\u00a0<\/p>\n<p>\u00ab\u00a0On nous avait dit qu&rsquo;il n&rsquo;y avait pas de danger\u00a0\u00bb<\/p>\n<p data-module=\"article-paragraph\" class=\"jsx-3046738180 Paragraph Paragraph__End\">Il y a trois mois, dans un autre quartier, le passage du tunnelier <a href=\"https:\/\/www.tf1info.fr\/societe\/video-c-est-tres-inquietant-une-nouvelle-maison-s-effondre-a-toulouse-a-la-suite-des-travaux-souterrains-du-metro-2378336.html\" target=\"_blank\" rel=\"noopener\">avait provoqu\u00e9 des affaissements<\/a>. En t\u00e9moigne l&rsquo;exemple de la maison que montre notre reportage : tout le sol du salon s&rsquo;\u00e9tait \u00e9croul\u00e9, alors m\u00eame que la propri\u00e9taire se trouvait \u00e0 l&rsquo;int\u00e9rieur, dans une autre pi\u00e8ce. Comme cette derni\u00e8re, son voisin a \u00e9t\u00e9 relog\u00e9. Depuis l&rsquo;accident, il n&rsquo;a jamais pu retourner dans son logement sinistr\u00e9. \u00ab\u00a0C&rsquo;\u00e9tait ma maison. \u00c7a faisait 20 ans et j&rsquo;ai un rep\u00e8re, c&rsquo;est que je viens de finir de la payer\u00a0\u00bb, explique ce dernier, qui re\u00e7oit notre \u00e9quipe dans un nouveau logement. \u00ab\u00a0Le nouveau chez-nous, il n&rsquo;y a pas encore de table ou de chaise, mais \u00e7a arrive la semaine prochaine\u00a0\u00bb, poursuit-il.<\/p>\n<p><a href=\"https:\/\/www.tf1info.fr\/societe\/c-est-anxiogene-a-toulouse-les-incidents-lies-aux-travaux-souterrains-de-la-ligne-de-metro-se-multiplient-2382879.html\" rel=\"noopener\" class=\"jsx-3308031228 Link flex\" target=\"_blank\"><img decoding=\"async\" src=\"https:\/\/www.europesays.com\/fr\/wp-content\/uploads\/2025\/09\/trou-travaux-chantier-metro-toulouse-82961c-0@1x.jpeg\" alt=\"Capture TF1\" loading=\"lazy\" importance=\"low\" fetchpriority=\"low\" class=\"\" aria-hidden=\"true\"\/><\/p>\n<p class=\"jsx-3657663356 ReadMoreArticle__Title\">Lire aussi<\/p>\n<p class=\"jsx-3657663356\">\u00ab\u00a0C&rsquo;est anxiog\u00e8ne\u00a0\u00bb : \u00e0 Toulouse, les incidents li\u00e9s aux travaux souterrains du m\u00e9tro se multiplient<\/p>\n<p><\/a><\/p>\n<p data-module=\"article-paragraph\" class=\"jsx-3046738180 Paragraph\">\u00c0 l&rsquo;\u00e9poque, aucune \u00e9vacuation pr\u00e9ventive n&rsquo;avait \u00e9t\u00e9 ordonn\u00e9e, m\u00eame lors de l&rsquo;apparition des premi\u00e8res fissures li\u00e9es aux travaux. \u00ab\u00a0Il y en a un peu partout\u00a0\u00bb, montre-t-il en faisant d\u00e9filer les images de sa maison sinistr\u00e9e sur son t\u00e9l\u00e9phone. Et de pr\u00e9ciser : \u00ab\u00a0On nous avait dit qu&rsquo;il n&rsquo;y avait pas de danger.\u00a0\u00bb<\/p>\n<p data-module=\"article-paragraph\" class=\"jsx-3046738180 Paragraph Paragraph__End\">De son c\u00f4t\u00e9, la soci\u00e9t\u00e9 de transport assure que les deux cas sont tr\u00e8s diff\u00e9rents. L&rsquo;\u00e9vacuation du nouvel immeuble viserait surtout \u00e0 \u00e9viter l&rsquo;inconfort des travaux. \u00ab\u00a0L\u00e0, \u00e7a ne va pas se reproduire ici. Par contre, par mesure de pr\u00e9caution et par risque de ressenti de l\u00e9g\u00e8res vibrations, on a pr\u00e9f\u00e9r\u00e9 aller sur le relogement des habitations\u00a0\u00bb, explique face \u00e0 notre cam\u00e9ra Jean-Jacques Laporte, directeur des Grands Projets chez Tiss\u00e9o Ing\u00e9nierie. Durant la semaine de travaux, des agents de s\u00e9curit\u00e9 resteront sur place pour emp\u00eacher toute entr\u00e9e dans l&rsquo;immeuble.<\/p>\n<p>La r\u00e9daction de TF1info Reportage | Kyliann PR\u00c9VO et Marie HOLLAINEDEUR<\/p>\n","protected":false},"excerpt":{"rendered":"Des habitants de Toulouse ont d\u00fb quitter leur logement dimanche soir, et ce pour 6 jours et 5&hellip;\n","protected":false},"author":2,"featured_media":409945,"comment_status":"","ping_status":"","sticky":false,"template":"","format":"standard","meta":{"footnotes":""},"categories":[2816],"tags":[1111,11,1921,1777,674,1011,27,1922,5008,12,2680,25,2312,8473,133,14529],"class_list":{"0":"post-409944","1":"post","2":"type-post","3":"status-publish","4":"format-standard","5":"has-post-thumbnail","7":"category-toulouse","8":"tag-actu","9":"tag-actualites","10":"tag-article-video","11":"tag-eu","12":"tag-europe","13":"tag-fr","14":"tag-france","15":"tag-info","16":"tag-le-13h","17":"tag-news","18":"tag-occitanie","19":"tag-republique-francaise","20":"tag-toulouse","21":"tag-urbanisme-et-amenagement-du-territoire","22":"tag-video","23":"tag-video-regions"},"share_on_mastodon":{"url":"https:\/\/pubeurope.com\/@fr\/115249074318925904","error":""},"_links":{"self":[{"href":"https:\/\/www.europesays.com\/fr\/wp-json\/wp\/v2\/posts\/409944","targetHints":{"allow":["GET"]}}],"collection":[{"href":"https:\/\/www.europesays.com\/fr\/wp-json\/wp\/v2\/posts"}],"about":[{"href":"https:\/\/www.europesays.com\/fr\/wp-json\/wp\/v2\/types\/post"}],"author":[{"embeddable":true,"href":"https:\/\/www.europesays.com\/fr\/wp-json\/wp\/v2\/users\/2"}],"replies":[{"embeddable":true,"href":"https:\/\/www.europesays.com\/fr\/wp-json\/wp\/v2\/comments?post=409944"}],"version-history":[{"count":0,"href":"https:\/\/www.europesays.com\/fr\/wp-json\/wp\/v2\/posts\/409944\/revisions"}],"wp:featuredmedia":[{"embeddable":true,"href":"https:\/\/www.europesays.com\/fr\/wp-json\/wp\/v2\/media\/409945"}],"wp:attachment":[{"href":"https:\/\/www.europesays.com\/fr\/wp-json\/wp\/v2\/media?parent=409944"}],"wp:term":[{"taxonomy":"category","embeddable":true,"href":"https:\/\/www.europesays.com\/fr\/wp-json\/wp\/v2\/categories?post=409944"},{"taxonomy":"post_tag","embeddable":true,"href":"https:\/\/www.europesays.com\/fr\/wp-json\/wp\/v2\/tags?post=409944"}],"curies":[{"name":"wp","href":"https:\/\/api.w.org\/{rel}","templated":true}]}}