{"id":409956,"date":"2025-09-22T17:19:16","date_gmt":"2025-09-22T17:19:16","guid":{"rendered":"https:\/\/www.europesays.com\/fr\/409956\/"},"modified":"2025-09-22T17:19:16","modified_gmt":"2025-09-22T17:19:16","slug":"entre-les-murs-de-la-prison-passoire-de-lyon-corbas-liberation","status":"publish","type":"post","link":"https:\/\/www.europesays.com\/fr\/409956\/","title":{"rendered":"entre les murs de la prison passoire de Lyon-Corbas \u2013 Lib\u00e9ration"},"content":{"rendered":"<p class=\"sc-cPiKLX AiZTS text-element\"><a href=\"https:\/\/www.liberation.fr\/societe\/police-justice\/rhone-un-fugitif-activement-recherche-apres-son-evasion-de-prison-cache-dans-le-sac-de-son-codetenu-20250713_WDPT5RN5BFE4JCWAISRQNKKUN4\/\" target=\"_blank\" rel=\"noreferrer noopener\" title=\"https:\/\/www.liberation.fr\/societe\/police-justice\/rhone-un-fugitif-activement-recherche-apres-son-evasion-de-prison-cache-dans-le-sac-de-son-codetenu-20250713_WDPT5RN5BFE4JCWAISRQNKKUN4\/\">L\u2019\u00e9vasion a fait les choux gras des m\u00e9dias<\/a>, y compris \u00e9trangers. Le 11 juillet, un homme lib\u00e9r\u00e9 de la prison de Lyon-Corbas (M\u00e9tropole de Lyon) a permis \u00e0 son cod\u00e9tenu de fausser compagnie \u00e0 ses ge\u00f4liers en se cachant dans son sac de linge. Les images de la vid\u00e9osurveillance de la maison d\u2019arr\u00eat ont m\u00eame \u00e9t\u00e9 diffus\u00e9es en exclusivit\u00e9 \u00e0 la t\u00e9l\u00e9 : on voit le complice, dans un couloir, pousser un chariot bleu pour transporter un grand sac en toile plastique, couvert de deux petits baluchons et d\u2019une couverture orange. Il atteint sans encombre la sortie, sans jamais avoir \u00e9t\u00e9 fouill\u00e9 par la surveillante qui l\u2019accompagne. <\/p>\n<p class=\"sc-cPiKLX AiZTS text-element\">Dans le plus gros bagage, se trouve donc un homme de 20 ans, qui a repli\u00e9 son m\u00e8tre soixante-dix pour passer inaper\u00e7u. C\u2019est le cas pendant vingt-quatre heures, avant que son absence en cellule ne soit enfin remarqu\u00e9e. <a href=\"https:\/\/www.liberation.fr\/societe\/police-justice\/lyon-le-detenu-qui-sest-fait-la-malle-dans-un-sac-de-linge-a-ete-interpelle-20250714_6AS7JV4ZXBHRLJZCRWAZYGEOYY\/\" target=\"_blank\" rel=\"noopener\" title=\"https:\/\/www.liberation.fr\/so &lt;div style=\" clear:=\"\" both=\"\"><\/p>\n","protected":false},"excerpt":{"rendered":"L\u2019\u00e9vasion a fait les choux gras des m\u00e9dias, y compris \u00e9trangers. Le 11 juillet, un homme lib\u00e9r\u00e9 de&hellip;\n","protected":false},"author":2,"featured_media":409957,"comment_status":"","ping_status":"","sticky":false,"template":"","format":"standard","meta":{"footnotes":""},"categories":[1889],"tags":[1111,11,2430,1777,674,1011,27,2428,12,899,25],"class_list":{"0":"post-409956","1":"post","2":"type-post","3":"status-publish","4":"format-standard","5":"has-post-thumbnail","7":"category-lyon","8":"tag-actu","9":"tag-actualites","10":"tag-auvergne-rhone-alpes","11":"tag-eu","12":"tag-europe","13":"tag-fr","14":"tag-france","15":"tag-lyon","16":"tag-news","17":"tag-prisons","18":"tag-republique-francaise"},"share_on_mastodon":{"url":"https:\/\/pubeurope.com\/@fr\/115249097163299518","error":""},"_links":{"self":[{"href":"https:\/\/www.europesays.com\/fr\/wp-json\/wp\/v2\/posts\/409956","targetHints":{"allow":["GET"]}}],"collection":[{"href":"https:\/\/www.europesays.com\/fr\/wp-json\/wp\/v2\/posts"}],"about":[{"href":"https:\/\/www.europesays.com\/fr\/wp-json\/wp\/v2\/types\/post"}],"author":[{"embeddable":true,"href":"https:\/\/www.europesays.com\/fr\/wp-json\/wp\/v2\/users\/2"}],"replies":[{"embeddable":true,"href":"https:\/\/www.europesays.com\/fr\/wp-json\/wp\/v2\/comments?post=409956"}],"version-history":[{"count":0,"href":"https:\/\/www.europesays.com\/fr\/wp-json\/wp\/v2\/posts\/409956\/revisions"}],"wp:featuredmedia":[{"embeddable":true,"href":"https:\/\/www.europesays.com\/fr\/wp-json\/wp\/v2\/media\/409957"}],"wp:attachment":[{"href":"https:\/\/www.europesays.com\/fr\/wp-json\/wp\/v2\/media?parent=409956"}],"wp:term":[{"taxonomy":"category","embeddable":true,"href":"https:\/\/www.europesays.com\/fr\/wp-json\/wp\/v2\/categories?post=409956"},{"taxonomy":"post_tag","embeddable":true,"href":"https:\/\/www.europesays.com\/fr\/wp-json\/wp\/v2\/tags?post=409956"}],"curies":[{"name":"wp","href":"https:\/\/api.w.org\/{rel}","templated":true}]}}