{"id":409962,"date":"2025-09-22T17:23:16","date_gmt":"2025-09-22T17:23:16","guid":{"rendered":"https:\/\/www.europesays.com\/fr\/409962\/"},"modified":"2025-09-22T17:23:16","modified_gmt":"2025-09-22T17:23:16","slug":"paris-hesite-avant-la-publication-dindicateurs-cles-dans-les-prochains-jours-22-09-2025-a-1802","status":"publish","type":"post","link":"https:\/\/www.europesays.com\/fr\/409962\/","title":{"rendered":"Paris: h\u00e9site avant la publication d&rsquo;indicateurs cl\u00e9s dans les prochains jours &#8211; 22\/09\/2025 \u00e0 18:02"},"content":{"rendered":"<p>                                                                Le CAC 40 conclut la s\u00e9ance sur un recul de 0,3% \u00e0 7830 points, p\u00e9nalis\u00e9 par Stellantis (-2,6%), Pernod Ricard (-2,3%) ou encore Accor (-2,1%).<\/p>\n<p>La Bourse de Paris entame le 4e trimestre boursier sur une note l\u00e9g\u00e8rement baissi\u00e8re, alors que la semaine s&rsquo;annonce a priori bien plus calme que la pr\u00e9c\u00e9dente, m\u00eame si quelques indicateurs majeurs m\u00e9riteront d&rsquo;\u00eatre surveill\u00e9s du c\u00f4t\u00e9 du calendrier \u00e9conomique au cours des jours qui viennent.\n<\/p>\n<p>Port\u00e9, comme le reste des places mondiales, par la premi\u00e8re baisse de taux de l&rsquo;ann\u00e9e d\u00e9cid\u00e9e par la R\u00e9serve f\u00e9d\u00e9rale am\u00e9ricaine, le march\u00e9 parisien avait r\u00e9ussi vendredi \u00e0 boucler une seconde semaine cons\u00e9cutive de hausse en parvenant \u00e0 afficher un gain hebdomadaire de quelque 0,4%.\n<\/p>\n<p>Le discours plut\u00f4t accommodant tenu par la banque centrale a surtout permis aux actions fran\u00e7aises de r\u00e9cup\u00e9rer les pertes accus\u00e9es depuis le 25 ao\u00fbt dernier et l&rsquo;annonce par Fran\u00e7ois Bayrou de son intention de solliciter un vote de confiance de l&rsquo;Assembl\u00e9e nationale, nouvelle illustration de l&rsquo;instabilit\u00e9 \u00e9conomique qui r\u00e8gne d\u00e9sormais dans l&rsquo;Hexagone.\n<\/p>\n<p>Les indices am\u00e9ricains ont, quant \u00e0 eux, r\u00e9ussi \u00e0 aligner 5 nouveaux records la semaine derni\u00e8re (6 cons\u00e9cutifs pour le S&amp;P500), port\u00e9s par l&rsquo;approche confiante de la Fed qui n&rsquo;anticipe pas de r\u00e9cession et la perspective de deux nouvelles baisses de taux d&rsquo;ici \u00e0 la fin de l&rsquo;ann\u00e9e.\n<\/p>\n<p>En esquissant une strat\u00e9gie d&rsquo;assouplissement mon\u00e9taire visant \u00e0 soutenir le march\u00e9 de l&#8217;emploi, l&rsquo;institution a \u00e9tabli une feuille de route claire \u00e0 m\u00eame de lever les inqui\u00e9tudes des investisseurs, qui ont tranquillement pu reprendre leurs achats, en particulier sur les valeurs technologiques.\n<\/p>\n<p>Septembre est historiquement un mois difficile pour Wall Street, mais la tendance positive de 2024 semble se r\u00e9p\u00e9ter cette ann\u00e9e.\n<\/p>\n<p>Le S&amp;P500, l&rsquo;indice de r\u00e9f\u00e9rence des g\u00e9rants am\u00e9ricains, vient ainsi d&rsquo;encha\u00eener six semaines de hausse sur sept. Il s&rsquo;est adjug\u00e9 plus de 3% depuis la fin du mois d&rsquo;ao\u00fbt et +15% au 3e trimestre.\n<\/p>\n<p>L&rsquo;\u00e9v\u00e9nement majeur du mois \u00e9tant d\u00e9sormais pass\u00e9, les investisseurs vont pouvoir dig\u00e9rer cette semaine les derni\u00e8res statistiques \u00e9conomiques afin de se faire une id\u00e9e de la conjoncture, en esp\u00e9rant que les chiffres \u00e0 venir confirmeront le sc\u00e9nario d&rsquo;un atterrissage en douceur de l&rsquo;activit\u00e9 \u00e9voqu\u00e9 par la Fed.\n<\/p>\n<p>De l&rsquo;autre c\u00f4t\u00e9 de l&rsquo;Atlantique, le gouvernement am\u00e9ricain publiera jeudi sa troisi\u00e8me et derni\u00e8re estimation de la croissance du PIB au deuxi\u00e8me trimestre, qui sera suivie le lendemain par les chiffres de revenus et d\u00e9penses des m\u00e9nages pour ao\u00fbt, accompagn\u00e9s d&rsquo;une nouvelle mesure de l&rsquo;indice des prix PCE, consid\u00e9r\u00e9 comme l&rsquo;indicateur d&rsquo;inflation de r\u00e9f\u00e9rence de la Fed.\n<\/p>\n<p>En Europe, la publication \u00e9conomique la plus attendue de la semaine sera celle des indicateurs PMI &lsquo;flash&rsquo; pour le mois de septembre, attendue demain. Les analystes anticipent une am\u00e9lioration progressive de l&rsquo;activit\u00e9 manufacturi\u00e8re, tandis que la croissance des services devrait s&rsquo;\u00eatre l\u00e9g\u00e8rement tass\u00e9e depuis ao\u00fbt.\n<\/p>\n<p>Le dollar rechute apr\u00e8s quatre s\u00e9ances cons\u00e9cutives de rebond : il reperd 0,35% par rapport \u00e0 l&rsquo;euro (1,1785$\u00a7E) sur fond de questionnements quant \u00e0 l&rsquo;\u00e9volution de la politique mon\u00e9taire que la R\u00e9serve f\u00e9d\u00e9rale adoptera \u00e0 horizon 2026.\n<\/p>\n<p>\u00c0 l&rsquo;instar du dollar, les rendements obligataires am\u00e9ricains ne sont pas au mieux dans l&rsquo;attente d&rsquo;indications plus claires sur le nombre de baisses des taux \u00e0 attendre l&rsquo;an prochain.\n<\/p>\n<p>Le rendement des Treasuries \u00e0 dix ans reste proche de 4,13% (contre 4,14% vendredi), le &rsquo;30 ans&rsquo; reste stable \u00e0 4,755%, mais la tendance pourrait \u00e9voluer au gr\u00e9 des prises de parole des gouverneurs de la Fed pr\u00e9vues dans les jours qui viennent.\n<\/p>\n<p>En Europe, le Bund efface -1,2 points \u00e0 2,7380%, l&rsquo;OAT -0,5 point \u00e0 3,552%.\n<\/p>\n<p>Stephen Miran, le dernier arriv\u00e9 au sein du FOMC, s&rsquo;exprimera cet apr\u00e8s-midi sur la politique mon\u00e9taire \u00e0 l&rsquo;occasion d&rsquo;une conf\u00e9rence \u00e9conomique organis\u00e9e \u00e0 New York, avant les discours tr\u00e8s attendus que tiendront Michelle Bowman et surtout Jerome Powell \u00e0 l&rsquo;occasion d&rsquo;\u00e9v\u00e9nements distincts.\n<\/p>\n<p>Les prix du p\u00e9trole continuent de chuter avec -1,3% pr\u00e8s de 65,90 USD le baril et un brut l\u00e9ger am\u00e9ricain (West Texas Intermediate, WTI) qui perd 1,5% \u00e0 pr\u00e8s de 61,5 USD.\n<\/p>\n<p>L&rsquo;or, qui avait atteint de nouveaux records dans le sillage des annonces de la Fed avant de corriger en fin de semaine derni\u00e8re, se remet dans le bon sens de la marche et avance de 0,8% \u00e0 3734,7 USD l&rsquo;once, non loin de r\u00e9cents plus hauts, m\u00eame si certains op\u00e9rateurs soulignent que la demande semble s&rsquo;essouffler au-dessus du seuil des 3700 USD.<\/p>\n","protected":false},"excerpt":{"rendered":"Le CAC 40 conclut la s\u00e9ance sur un recul de 0,3% \u00e0 7830 points, p\u00e9nalis\u00e9 par Stellantis (-2,6%),&hellip;\n","protected":false},"author":2,"featured_media":8061,"comment_status":"","ping_status":"","sticky":false,"template":"","format":"standard","meta":{"footnotes":""},"categories":[1888],"tags":[400,1111,1928,11,1927,398,408,405,1777,674,1011,27,403,402,399,404,12,1926,626,1925,25,401,406,407],"class_list":{"0":"post-409962","1":"post","2":"type-post","3":"status-publish","4":"format-standard","5":"has-post-thumbnail","7":"category-paris","8":"tag-action-cac-40","9":"tag-actu","10":"tag-actu-paris","11":"tag-actualites","12":"tag-actualites-paris","13":"tag-bourse-de-paris","14":"tag-boursorama","15":"tag-cotations","16":"tag-eu","17":"tag-europe","18":"tag-fr","19":"tag-france","20":"tag-indices-devises","21":"tag-investir","22":"tag-investissement","23":"tag-marche-boursier","24":"tag-news","25":"tag-news-paris","26":"tag-paris","27":"tag-paris-news","28":"tag-republique-francaise","29":"tag-sicav","30":"tag-trackers","31":"tag-warrants"},"share_on_mastodon":{"url":"https:\/\/pubeurope.com\/@fr\/115249112976407149","error":""},"_links":{"self":[{"href":"https:\/\/www.europesays.com\/fr\/wp-json\/wp\/v2\/posts\/409962","targetHints":{"allow":["GET"]}}],"collection":[{"href":"https:\/\/www.europesays.com\/fr\/wp-json\/wp\/v2\/posts"}],"about":[{"href":"https:\/\/www.europesays.com\/fr\/wp-json\/wp\/v2\/types\/post"}],"author":[{"embeddable":true,"href":"https:\/\/www.europesays.com\/fr\/wp-json\/wp\/v2\/users\/2"}],"replies":[{"embeddable":true,"href":"https:\/\/www.europesays.com\/fr\/wp-json\/wp\/v2\/comments?post=409962"}],"version-history":[{"count":0,"href":"https:\/\/www.europesays.com\/fr\/wp-json\/wp\/v2\/posts\/409962\/revisions"}],"wp:featuredmedia":[{"embeddable":true,"href":"https:\/\/www.europesays.com\/fr\/wp-json\/wp\/v2\/media\/8061"}],"wp:attachment":[{"href":"https:\/\/www.europesays.com\/fr\/wp-json\/wp\/v2\/media?parent=409962"}],"wp:term":[{"taxonomy":"category","embeddable":true,"href":"https:\/\/www.europesays.com\/fr\/wp-json\/wp\/v2\/categories?post=409962"},{"taxonomy":"post_tag","embeddable":true,"href":"https:\/\/www.europesays.com\/fr\/wp-json\/wp\/v2\/tags?post=409962"}],"curies":[{"name":"wp","href":"https:\/\/api.w.org\/{rel}","templated":true}]}}