{"id":409965,"date":"2025-09-22T17:25:13","date_gmt":"2025-09-22T17:25:13","guid":{"rendered":"https:\/\/www.europesays.com\/fr\/409965\/"},"modified":"2025-09-22T17:25:13","modified_gmt":"2025-09-22T17:25:13","slug":"salles-vides-celebre-escalator-ferme-pompidou-ferme-a-paris-et-ses-visiteurs-sont-tristes-actualites","status":"publish","type":"post","link":"https:\/\/www.europesays.com\/fr\/409965\/","title":{"rendered":"Salles vides, c\u00e9l\u00e8bre escalator ferm\u00e9 : Pompidou ferme \u00e0 Paris et ses visiteurs sont tristes : Actualit\u00e9s"},"content":{"rendered":"<p class=\"lead \">Des \u00e9tages vides, des salles d&rsquo;exposition plong\u00e9es dans le noir et son c\u00e9l\u00e8bre escalator ferm\u00e9. Lundi \u00e0 Paris, jour de fermeture du Centre Pompidou pour cinq ans, les visiteurs \u00e9taient tristes et les commer\u00e7ants inquiets.<\/p>\n<p class=\"lead \">\u00ab\u00a0C&rsquo;\u00e9tait hyper symbolique et fort de venir aujourd&rsquo;hui pour cette derni\u00e8re\u00a0\u00bb, explique Sol\u00e8ne Saint-Gilles, responsable de programmes culturels chez France T\u00e9l\u00e9visions, rencontr\u00e9e dans le hall ouvert encore pour quelques heures du b\u00e2timent \u00e0 l&rsquo;architecture tubulaire multicolore.<\/p>\n<p class=\"lead \">\u00ab\u00a0Ca nous attriste, c&rsquo;est long cinq ans. On voulait faire le fameux escalator, mais il a ferm\u00e9 il y a un mois\u00a0\u00bb, poursuit son amie Fouzia Kechkech, productrice.<\/p>\n<p class=\"lead \">Dans les \u00e9tages, d\u00e9j\u00e0 ferm\u00e9s au public, les grandes salles d&rsquo;exposition sont vides, certaines plong\u00e9es dans le noir, et les tableaux ont \u00e9t\u00e9 d\u00e9m\u00e9nag\u00e9s par transpalettes. Quelques escabeaux et aspirateurs de chantier pars\u00e8ment d\u00e9sormais le plus important mus\u00e9e d&rsquo;art moderne au monde, avec le MoMA \u00e0 New York.<\/p>\n<p class=\"lead \">Avant la fermeture d\u00e9finitive \u00e0 23H00, le public pouvait acc\u00e9der gratuitement \u00e0 une derni\u00e8re exposition.<\/p>\n<p class=\"lead \">\u00ab\u00a0Nous sommes deux architectes, c&rsquo;\u00e9tait une priorit\u00e9 pour nous de le voir avant sa fermeture\u00a0\u00bb, explique Tim Bowder-Ridger, vacancier venu de Londres.<\/p>\n<p class=\"lead \">\u00ab\u00a0Avant l&rsquo;\u00e9t\u00e9, on est revenues avec mes filles. On a refait toutes les collections permanentes plusieurs fois histoire d&#8217;emmagasiner un maximum et de s&rsquo;en impr\u00e9gner\u00a0\u00bb, se rappelle Claudie Rocard-Laperrousaz, artiste photographe de 65 ans et habitante du quartier.<\/p>\n<p class=\"lead \">Hugo Nasri, 22 ans, \u00e9tudiant en architecture, avait l&rsquo;habitude de venir toutes les semaines \u00e0 la biblioth\u00e8que du Centre Pompidou. \u00ab\u00a0C&rsquo;est un b\u00e2timent qui faisait partie de ma vie\u00a0\u00bb, regrette-t-il.<\/p>\n<p class=\"lead \">\u00ab\u00a0Je viens \u00e0 Pompidou au moins 10 fois par an, d\u00e8s que je passe devant, m\u00eame si ce n&rsquo;est pas pour voir une expo, juste pour monter et regarder le paysage\u00a0\u00bb, raconte Melis Selin Kocyigit, doctorante en architecture originaire de Turquie.<\/p>\n<p class=\"lead \">\u00ab\u00a0Je pense qu&rsquo;il va y avoir toute une g\u00e9n\u00e9ration qui va le rater, cette exp\u00e9rience de venir faire les visites, etc\u00a0\u00bb, ajoute-t-elle.<\/p>\n<p class=\"lead \">&#8211; \u00ab\u00a0L&rsquo;ensemble du quartier va changer\u00a0\u00bb &#8211;<\/p>\n<p class=\"lead \">Autour du centre, qui a accueilli cinq millions de visiteurs en 2024, les commer\u00e7ants craignent pour leurs revenus.<\/p>\n<p class=\"lead \">\u00ab\u00a0On est tr\u00e8s inquiets. C&rsquo;est l&rsquo;ensemble du quartier qui va changer\u00a0\u00bb, affirme Alexandre Mahfouz, g\u00e9rant d&rsquo;une galerie situ\u00e9e juste en face de l&rsquo;entr\u00e9e du Centre Pompidou et pr\u00e9sident d&rsquo;un collectif de commer\u00e7ants du quartier.<\/p>\n<p class=\"lead \">Les touristes \u00ab\u00a0se prom\u00e8nent dans le quartier quand ils sortent du Centre Pompidou, ils viennent dans nos boutiques ou dans les restaurants, ils consomment, et tous ces gens-l\u00e0, malheureusement, ils ne viendront plus dans le quartier, parce qu&rsquo;ils venaient pour le Centre Pompidou\u00a0\u00bb, selon lui.<\/p>\n<p class=\"lead \">Alexandre Mahfouz assure d\u00e9j\u00e0 ressentir une importante chute d&rsquo;activit\u00e9 qu&rsquo;il estime \u00e0 \u00ab\u00a030 ou 40%\u00a0\u00bb depuis la fermeture des collections permanentes en mars dernier.<\/p>\n<p class=\"lead \">\u00ab\u00a0Ceux qui nous ach\u00e8tent le plus, c&rsquo;est les touristes. Ca repr\u00e9sente 80% de notre activit\u00e9\u00a0\u00bb, avance le g\u00e9rant de galerie.<\/p>\n<p class=\"lead \">Inaugur\u00e9 en 1977 et con\u00e7u comme un lieu \u00ab\u00a0ouvert \u00e0 tous\u00a0\u00bb par les architectes Renzo Piano et Richard Rogers (disparu en 2021), le Centre Pompidou s&rsquo;\u00e9tait donn\u00e9 pour vocation d&rsquo;accueillir toutes les formes de cultures. Aussi appel\u00e9 Beaubourg, il a r\u00e9volutionn\u00e9 son \u00e9poque et conquis un public francilien autant qu&rsquo;\u00e9tranger.<\/p>\n<p class=\"lead \">Mais il souffre de v\u00e9tust\u00e9. D\u00e9samiantage, accessibilit\u00e9 du lieu, s\u00e9curit\u00e9 et complet r\u00e9am\u00e9nagement int\u00e9rieur sont au menu de ses importants travaux de r\u00e9novation.<\/p>\n<p class=\"lead \">Du 22 au 25 octobre, le Centre Pompidou rouvrira exceptionnellement pour trois jours de f\u00eate, avec notamment Christine and the queens, Catherine Ringer, Selah Sue et un feu d&rsquo;artifice en plein jour.<\/p>\n<p class=\"small font-weight-bold text-gray3 \"> publi\u00e9 le 22 septembre \u00e0 19h18, AFP<\/p>\n<p>                             Partager<\/p>\n","protected":false},"excerpt":{"rendered":"Des \u00e9tages vides, des salles d&rsquo;exposition plong\u00e9es dans le noir et son c\u00e9l\u00e8bre escalator ferm\u00e9. Lundi \u00e0 Paris,&hellip;\n","protected":false},"author":2,"featured_media":409966,"comment_status":"","ping_status":"","sticky":false,"template":"","format":"standard","meta":{"footnotes":""},"categories":[1888],"tags":[11,1350,3734,251,1777,674,1011,27,10241,12,626,25],"class_list":{"0":"post-409965","1":"post","2":"type-post","3":"status-publish","4":"format-standard","5":"has-post-thumbnail","7":"category-paris","8":"tag-actualites","9":"tag-architecture","10":"tag-art","11":"tag-culture","12":"tag-eu","13":"tag-europe","14":"tag-fr","15":"tag-france","16":"tag-muse","17":"tag-news","18":"tag-paris","19":"tag-republique-francaise"},"share_on_mastodon":{"url":"https:\/\/pubeurope.com\/@fr\/115249120957152109","error":""},"_links":{"self":[{"href":"https:\/\/www.europesays.com\/fr\/wp-json\/wp\/v2\/posts\/409965","targetHints":{"allow":["GET"]}}],"collection":[{"href":"https:\/\/www.europesays.com\/fr\/wp-json\/wp\/v2\/posts"}],"about":[{"href":"https:\/\/www.europesays.com\/fr\/wp-json\/wp\/v2\/types\/post"}],"author":[{"embeddable":true,"href":"https:\/\/www.europesays.com\/fr\/wp-json\/wp\/v2\/users\/2"}],"replies":[{"embeddable":true,"href":"https:\/\/www.europesays.com\/fr\/wp-json\/wp\/v2\/comments?post=409965"}],"version-history":[{"count":0,"href":"https:\/\/www.europesays.com\/fr\/wp-json\/wp\/v2\/posts\/409965\/revisions"}],"wp:featuredmedia":[{"embeddable":true,"href":"https:\/\/www.europesays.com\/fr\/wp-json\/wp\/v2\/media\/409966"}],"wp:attachment":[{"href":"https:\/\/www.europesays.com\/fr\/wp-json\/wp\/v2\/media?parent=409965"}],"wp:term":[{"taxonomy":"category","embeddable":true,"href":"https:\/\/www.europesays.com\/fr\/wp-json\/wp\/v2\/categories?post=409965"},{"taxonomy":"post_tag","embeddable":true,"href":"https:\/\/www.europesays.com\/fr\/wp-json\/wp\/v2\/tags?post=409965"}],"curies":[{"name":"wp","href":"https:\/\/api.w.org\/{rel}","templated":true}]}}