{"id":409973,"date":"2025-09-22T17:29:34","date_gmt":"2025-09-22T17:29:34","guid":{"rendered":"https:\/\/www.europesays.com\/fr\/409973\/"},"modified":"2025-09-22T17:29:34","modified_gmt":"2025-09-22T17:29:34","slug":"les-images-de-la-ceremonie-de-lever-de-drapeau-apres-la-reconnaissance-dun-etat-palestinien","status":"publish","type":"post","link":"https:\/\/www.europesays.com\/fr\/409973\/","title":{"rendered":"les images de la c\u00e9r\u00e9monie de lever de drapeau apr\u00e8s la reconnaissance d\u2019un \u00c9tat palestinien"},"content":{"rendered":"<p>La mission palestinienne \u00e0 Londres a organis\u00e9 ce 22 septembre une c\u00e9r\u00e9monie de lever du drapeau, au lendemain de la reconnaissance de l\u2019\u00c9tat de Palestine par le Royaume-Uni.<\/p>\n<p class=\"fig-paragraph\">La\u00a0<a href=\"http:\/\/www.lefigaro.fr\/international\/dossier\/reconnaissance-de-l-etat-de-palestine-notre-dossier-pour-tout-comprendre\" data-fig-type=\"Topic\" data-gtm-custom-categorie=\"navigation\" data-gtm-custom-action=\"crossclick\" data-gtm-custom-label=\"Contextuel\" data-gtm-event=\"customEventSPE\" data-fig-domain=\"LEFIGARO\" target=\"_blank\" rel=\"noopener\">mission palestinienne<\/a>\u00a0\u00e0 Londres a organis\u00e9 ce 22 septembre une c\u00e9r\u00e9monie de lever du drapeau, au lendemain de la reconnaissance de l\u2019\u00c9tat de Palestine par le Royaume-Uni.<\/p>\n<p class=\"fig-paragraph\">Devant le b\u00e2timent de la mission palestinienne sur la fa\u00e7ade duquel flottait d\u00e9j\u00e0 un drapeau palestinien, un deuxi\u00e8me drapeau a \u00e9t\u00e9 hiss\u00e9 en haut d\u2019un m\u00e2t.<\/p>\n<p>                                    <a class=\"fig-a11y-skip a11y-hidden\" href=\"#fig-a11y-skip-main-inarticle\"><br \/>\n        Passer la publicit\u00e9<br \/>\n    <\/a><\/p>\n<p class=\"fig-paragraph\">Le chef de la mission diplomatique, Husam Zomlot, a brandi une plaque portant l\u2019inscription <strong>\u00ab<\/strong>Ambassade de l\u2019\u00c9tat de Palestine<strong>\u00bb<\/strong> et affirm\u00e9 qu\u2019elle serait install\u00e9e bient\u00f4t, <strong>\u00ab<\/strong>une fois r\u00e9gl\u00e9es certaines formalit\u00e9s juridiques et administratives<strong>\u00bb<\/strong> . Ce dernier a salu\u00e9 la reconnaissance <strong>\u00ab<\/strong>attendue depuis longtemps<strong>\u00bb<\/strong> de l\u2019<a href=\"https:\/\/video.lefigaro.fr\/figaro\/actualite-france\/reconnaissance-de-la-palestine-les-drapeaux-palestiniens-et-israeliens-projetes-sur-la-tour-eiffel-20250922\" data-fig-type=\"Video\" data-gtm-custom-categorie=\"navigation\" data-gtm-custom-action=\"crossclick\" data-gtm-custom-label=\"Contextuel\" data-gtm-event=\"customEventSPE\" data-fig-domain=\"LEFIGARO\" target=\"_blank\" rel=\"noopener\">\u00c9tat de Palestine<\/a>\u00a0par le Royaume-Uni, estimant qu\u2019elle constitue la <strong>\u00ab<\/strong>r\u00e9paration d\u2019une injustice historique<strong>\u00bb<\/strong> \u00e0 un moment o\u00f9 le peuple palestinien conna\u00eet <strong>\u00ab<\/strong>des souffrances inimaginables<strong>\u00bb<\/strong> en raison de la guerre \u00e0 Gaza.<\/p>\n<p class=\"fig-paragraph\">D\u00e9sormais, <strong>\u00ab<\/strong>l\u2019autorit\u00e9 palestinienne peut \u00e9tablir une ambassade et nommer un ambassadeur au Royaume-Uni<strong>\u00bb<\/strong> , a d\u00e9clar\u00e9 sur la BBC\u00a0<a href=\"https:\/\/video.lefigaro.fr\/figaro\/international\/insultes-envers-keir-starmer-propos-anti-israeliens-le-gouvernement-britannique-demande-des-comptes-a-la-bbc-apres-la-diffusion-de-2-concerts-du-festival-de-glastonbury-20250629\" data-fig-type=\"Video\" data-gtm-custom-categorie=\"navigation\" data-gtm-custom-action=\"crossclick\" data-gtm-custom-label=\"Contextuel\" data-gtm-event=\"customEventSPE\" data-fig-domain=\"LEFIGARO\" target=\"_blank\" rel=\"noopener\">Yvette Cooper, la cheffe de la diplomatie britannique<\/a>.<\/p>\n<p class=\"fig-paragraph\">Le Royaume-Uni, l\u2019Australie, le Canada et le Portugal ont officiellement reconnu dimanche l\u2019\u00c9tat de Palestine. La France et plusieurs autres pays doivent faire de m\u00eame lundi 22 septembre lors de l\u2019Assembl\u00e9e g\u00e9n\u00e9rale de l\u2019ONU \u00e0 New York.<\/p>\n<p class=\"fig-paragraph\"><a href=\"https:\/\/video.lefigaro.fr\/figaro\/netanyahou-dit-aux-dirigeants-occidentaux-quil-ny-aura-pas-detat-palestinien-20250921\" data-fig-type=\"Video\" data-gtm-custom-categorie=\"navigation\" data-gtm-custom-action=\"crossclick\" data-gtm-custom-label=\"Contextuel\" data-gtm-event=\"customEventSPE\" data-fig-domain=\"LEFIGARO\" target=\"_blank\" rel=\"noopener\">Benyamin Netanyahou<\/a>, le premier ministre isra\u00e9lien, a fustig\u00e9 cette d\u00e9cision en accusant les dirigeants proc\u00e9dant \u00e0 cette reconnaissance d\u2019<strong>\u00ab<\/strong>offrir une r\u00e9compense au terrorisme<strong>\u00bb<\/strong> .<\/p>\n","protected":false},"excerpt":{"rendered":"La mission palestinienne \u00e0 Londres a organis\u00e9 ce 22 septembre une c\u00e9r\u00e9monie de lever du drapeau, au lendemain&hellip;\n","protected":false},"author":2,"featured_media":409974,"comment_status":"","ping_status":"","sticky":false,"template":"","format":"standard","meta":{"footnotes":""},"categories":[1588],"tags":[11,1777,674,12,3518,473,1853,1851,1850,1852],"class_list":{"0":"post-409973","1":"post","2":"type-post","3":"status-publish","4":"format-standard","5":"has-post-thumbnail","7":"category-royaume-uni","8":"tag-actualites","9":"tag-eu","10":"tag-europe","11":"tag-news","12":"tag-palestine","13":"tag-royaume-uni","14":"tag-royaume-uni-de-grande-bretagne-et-dirlande-du-nord","15":"tag-uk","16":"tag-united-kingdom","17":"tag-united-kingdom-of-great-britain-and-northern-ireland"},"share_on_mastodon":{"url":"https:\/\/pubeurope.com\/@fr\/115249136519998513","error":""},"_links":{"self":[{"href":"https:\/\/www.europesays.com\/fr\/wp-json\/wp\/v2\/posts\/409973","targetHints":{"allow":["GET"]}}],"collection":[{"href":"https:\/\/www.europesays.com\/fr\/wp-json\/wp\/v2\/posts"}],"about":[{"href":"https:\/\/www.europesays.com\/fr\/wp-json\/wp\/v2\/types\/post"}],"author":[{"embeddable":true,"href":"https:\/\/www.europesays.com\/fr\/wp-json\/wp\/v2\/users\/2"}],"replies":[{"embeddable":true,"href":"https:\/\/www.europesays.com\/fr\/wp-json\/wp\/v2\/comments?post=409973"}],"version-history":[{"count":0,"href":"https:\/\/www.europesays.com\/fr\/wp-json\/wp\/v2\/posts\/409973\/revisions"}],"wp:featuredmedia":[{"embeddable":true,"href":"https:\/\/www.europesays.com\/fr\/wp-json\/wp\/v2\/media\/409974"}],"wp:attachment":[{"href":"https:\/\/www.europesays.com\/fr\/wp-json\/wp\/v2\/media?parent=409973"}],"wp:term":[{"taxonomy":"category","embeddable":true,"href":"https:\/\/www.europesays.com\/fr\/wp-json\/wp\/v2\/categories?post=409973"},{"taxonomy":"post_tag","embeddable":true,"href":"https:\/\/www.europesays.com\/fr\/wp-json\/wp\/v2\/tags?post=409973"}],"curies":[{"name":"wp","href":"https:\/\/api.w.org\/{rel}","templated":true}]}}