{"id":409979,"date":"2025-09-22T17:32:13","date_gmt":"2025-09-22T17:32:13","guid":{"rendered":"https:\/\/www.europesays.com\/fr\/409979\/"},"modified":"2025-09-22T17:32:13","modified_gmt":"2025-09-22T17:32:13","slug":"en-italie-des-dizaines-de-milliers-de-manifestants-contre-le-genocide-a-gaza-lexpress","status":"publish","type":"post","link":"https:\/\/www.europesays.com\/fr\/409979\/","title":{"rendered":"en Italie, des dizaines de milliers de manifestants \u00ab\u00a0contre le g\u00e9nocide \u00e0 Gaza\u00a0\u00bb \u2013 L&rsquo;Express"},"content":{"rendered":"<p class=\"paragraph article-body-paragraph article__item   article-body-paragraph--first \">Bus, m\u00e9tros et ports sont \u00e0 l&rsquo;arr\u00eat ce lundi 22 septembre dans plusieurs grandes villes italiennes. Derri\u00e8re cette mobilisation massive : un appel lanc\u00e9 par plusieurs syndicats de gauche &#8211; USB, CUB, USI-CIT et SGB &#8211; \u00e0 une gr\u00e8ve g\u00e9n\u00e9rale de 24 heures, pour protester contre l\u2019aggravation de la <a href=\"https:\/\/www.lexpress.fr\/monde\/proche-moyen-orient\/gaza-les-etats-unis-mettent-a-nouveau-leur-veto-a-un-appel-au-cessez-le-feu-YYXZRYZGKZG7DEFSKOWBEN6JBA\/\" target=\"_self\" rel=\"noopener\" title=\"https:\/\/www.lexpress.fr\/monde\/proche-moyen-orient\/gaza-les-etats-unis-mettent-a-nouveau-leur-veto-a-un-appel-au-cessez-le-feu-YYXZRYZGKZG7DEFSKOWBEN6JBA\/\">situation humanitaire<\/a> dans la bande de Gaza et l\u2019inaction de l\u2019Union europ\u00e9enne.<\/p>\n<p class=\"paragraph article-body-paragraph article__item   \">Des dizaines de milliers de personnes \u00e9taient dans les rues pour \u00ab\u00a0d\u00e9noncer le g\u00e9nocide \u00e0 Gaza\u00a0\u00bb. C&rsquo;est la deuxi\u00e8me mobilisation pour Gaza lanc\u00e9e par des syndicats en quelques jours. D\u00e9j\u00e0, vendredi 19 septembre, la CGIL, le premier syndicat italien, avait lanc\u00e9 une premi\u00e8re gr\u00e8ve pour Gaza. <\/p>\n<p>Mobilisation port\u00e9e par la jeunesse<\/p>\n<p class=\"paragraph article-body-paragraph article__item   \">Cette gr\u00e8ve g\u00e9n\u00e9rale intervient le jour m\u00eame o\u00f9 la France et plusieurs autres pays occidentaux doivent <a href=\"https:\/\/www.lexpress.fr\/monde\/proche-moyen-orient\/symbolique-mais-peut-etre-tardif-la-reconnaissance-de-letat-de-palestine-vue-par-la-presse-VRTXXV3YENGV3OMEEJA5YN235M\/\" target=\"_self\" rel=\"noopener\" title=\"https:\/\/www.lexpress.fr\/monde\/proche-moyen-orient\/symbolique-mais-peut-etre-tardif-la-reconnaissance-de-letat-de-palestine-vue-par-la-presse-VRTXXV3YENGV3OMEEJA5YN235M\/\">reconna\u00eetre l&rsquo;Etat de Palestine \u00e0 l&rsquo;ONU<\/a>, dans le sillage du Royaume-Uni, de l&rsquo;Australie, du Canada et du Portugal dimanche. Mais l&rsquo;Italie, tr\u00e8s prudente sur le dossier, ne veut pas se joindre \u00e0 cette d\u00e9cision pour le moment, malgr\u00e9 une opinion publique majoritairement favorable. Selon un r\u00e9cent sondage de l&rsquo;institut Only Numbers, 63,8% des Italiens jugent \u00ab\u00a0extr\u00eamement grave\u00a0\u00bb la situation humanitaire \u00e0 Gaza.<\/p>\n<p><strong class=\"article-body-link-list__item text-gray-800 article-body-link-list__item--one-item\">LIRE AUSSI : <a class=\"article-body-link-list__item-link\" href=\"https:\/\/www.lexpress.fr\/monde\/proche-moyen-orient\/emmanuel-macron-et-letat-de-palestine-lhistoire-secrete-sa-visite-en-egypte-la-colere-disrael-le-2TYXVECPV5GTDDOS7MZI4FPZZQ\/\" target=\"_blank\" rel=\"noopener\">Reconnaissance de l&rsquo;Etat de Palestine, le pari d&rsquo;Emmanuel Macron : l\u2019histoire secr\u00e8te d&rsquo;un tsunami diplomatique<\/a><\/strong><\/p>\n<p class=\"paragraph article-body-paragraph article__item   \">C&rsquo;est dans ce contexte qu&rsquo;ont \u00e9t\u00e9 lanc\u00e9s les appels \u00e0 la gr\u00e8ve ces derniers jours. A Rome, ils \u00e9taient plus de 20 000 selon la pr\u00e9fecture, dont bon nombre de jeunes lyc\u00e9ens, rassembl\u00e9s devant la gare Termini, brandissant des drapeaux palestiniens, et criant \u00ab\u00a0Palestine libre !\u00a0\u00bb. \u00ab\u00a0Contre le g\u00e9nocide, bloquons tout!\u00a0\u00bb, pouvait-on lire sur une immense banderole.<\/p>\n<p>Blocages partout dans le pays<\/p>\n<p class=\"paragraph article-body-paragraph article__item   \">Michelangelo, 17 ans, a expliqu\u00e9 \u00e0 l&rsquo;AFP \u00eatre l\u00e0 pour soutenir \u00ab\u00a0une population qui est en train d&rsquo;\u00eatre extermin\u00e9e\u00a0\u00bb. \u00ab\u00a0Il faut que toute l&rsquo;Italie s&rsquo;arr\u00eate aujourd&rsquo;hui\u00a0\u00bb, esp\u00e9rait de son c\u00f4t\u00e9 Federica Casino, une employ\u00e9e de 52 ans pr\u00e9sente parmi les jeunes manifestants, en \u00e9voquant \u00ab\u00a0les enfants morts et les <a href=\"https:\/\/www.lexpress.fr\/monde\/proche-moyen-orient\/gaza-brule-ce-que-lon-sait-de-la-nouvelle-offensive-israelienne-sur-la-ville-O726QSJ2ONFB5GVUDRB3K622UY\/\" target=\"_self\" rel=\"noopener\" title=\"https:\/\/www.lexpress.fr\/monde\/proche-moyen-orient\/gaza-brule-ce-que-lon-sait-de-la-nouvelle-offensive-israelienne-sur-la-ville-O726QSJ2ONFB5GVUDRB3K622UY\/\">h\u00f4pitaux d\u00e9truits<\/a>\u00a0\u00bb \u00e0 Gaza. \u00ab\u00a0L&rsquo;Italie parle mais ne fait rien\u00a0\u00bb, a-t-elle d\u00e9plor\u00e9.<\/p>\n<p><strong class=\"article-body-link-list__item text-gray-800 article-body-link-list__item--one-item\">LIRE AUSSI : <a class=\"article-body-link-list__item-link\" href=\"https:\/\/www.lexpress.fr\/monde\/proche-moyen-orient\/hala-abou-hassira-ambassadrice-de-palestine-personne-naura-la-vraie-paix-dans-notre-region-sans-la-NIAQJLTTHBAKHGQCTWGOUOI4OI\/\" target=\"_blank\" rel=\"noopener\">Hala Abou Hassira, ambassadrice de Palestine : \u00ab\u00a0Personne n\u2019aura la vraie paix dans notre r\u00e9gion sans la fin de l\u2019occupation isra\u00e9lienne\u00a0\u00bb<\/a><\/strong><\/p>\n<p class=\"paragraph article-body-paragraph article__item   \">Des manifestations se sont d\u00e9roul\u00e9es dans plusieurs autres villes du pays. A Milan, de violents heurts ont oppos\u00e9 des manifestants et des policiers pr\u00e8s de la gare centrale. Jetant des projectiles sur les policiers, des dizaines de manifestants ont p\u00e9n\u00e9tr\u00e9 dans la gare avant d&rsquo;en \u00eatre repouss\u00e9s par les forces de l&rsquo;ordre avec des gaz lacrymog\u00e8nes. <\/p>\n<p class=\"paragraph article-body-paragraph article__item   \">A Bologne, des manifestants ont bloqu\u00e9 une autoroute avant d&rsquo;\u00eatre dispers\u00e9s par des canons \u00e0 eau, selon la police. D&rsquo;autres rassemblements ont eu lieu \u00e0 Turin, Florence, Naples, Bari, Palerme&#8230; A G\u00eanes et Livourne, des quais des ports \u00e9taient bloqu\u00e9s par des dockers, selon les agences italiennes. A Rome, le service des bus et du m\u00e9tro \u00e9tait perturb\u00e9.<\/p>\n<p>Le gouvernement italien \u00ab\u00a0pas encore pr\u00eat\u00a0\u00bb \u00e0 reconna\u00eetre l&rsquo;Etat de Palestine<\/p>\n<p class=\"paragraph article-body-paragraph article__item   \">Le gouvernement ultra-conservateur de Giorgia Meloni, proche id\u00e9ologiquement du pr\u00e9sident am\u00e9ricain Donald Trump, adopte un positionnement tr\u00e8s prudent sur la guerre \u00e0 Gaza, m\u00eame si la Premi\u00e8re ministre a dit \u00e0 plusieurs reprises sa \u00ab\u00a0pr\u00e9occupation\u00a0\u00bb face \u00e0 l&rsquo;offensive isra\u00e9lienne. Rome ne veut pas <a href=\"https:\/\/www.lexpress.fr\/monde\/proche-moyen-orient\/keir-starmer-annoncera-ce-dimanche-sa-decision-sur-la-reconnaissance-dun-etat-palestinien-IATBVJ2FIJCUXPWTNBPNLI3OPU\/\" target=\"_self\" rel=\"noopener\" title=\"https:\/\/www.lexpress.fr\/monde\/proche-moyen-orient\/keir-starmer-annoncera-ce-dimanche-sa-decision-sur-la-reconnaissance-dun-etat-palestinien-IATBVJ2FIJCUXPWTNBPNLI3OPU\/\">reconna\u00eetre \u00ab\u00a0pour le moment\u00a0\u00bb l&rsquo;Etat de Palestine<\/a> et se montre r\u00e9ticente aux sanctions commerciales propos\u00e9es par l&rsquo;Union europ\u00e9enne, m\u00eame si le gouvernement rappelle r\u00e9guli\u00e8rement qu&rsquo;il ne vend plus d&rsquo;armes \u00e0 Isra\u00ebl depuis le 7 octobre 2023.<\/p>\n<p><strong class=\"article-body-link-list__item text-gray-800 article-body-link-list__item--one-item\">LIRE AUSSI : <a class=\"article-body-link-list__item-link\" href=\"https:\/\/www.lexpress.fr\/monde\/reconnaissance-de-letat-de-palestine-tout-comprendre-des-enjeux-du-sommet-de-lonu-EWU6S5NINJAKFFFILVYGCSOF6M\/\" target=\"_blank\" rel=\"noopener\">Reconnaissance de l\u2019Etat de Palestine : tout comprendre aux enjeux du sommet de l&rsquo;ONU<\/a><\/strong><\/p>\n<p class=\"paragraph article-body-paragraph article__item    article__text__endpicto\">L&rsquo;arm\u00e9e isra\u00e9lienne a intensifi\u00e9 depuis quelques semaines ses op\u00e9rations \u00e0 Gaza, d\u00e9j\u00e0 ravag\u00e9e par presque deux ans de guerre, avec l&rsquo;objectif affich\u00e9 d'\u00a0\u00bban\u00e9antir\u00a0\u00bb le mouvement islamiste palestinien Hamas, responsable de l&rsquo;attaque du 7 octobre 2023 en Isra\u00ebl. Cette attaque sans pr\u00e9c\u00e9dent a entra\u00een\u00e9 la mort de 1 219 personnes du c\u00f4t\u00e9 isra\u00e9lien, en majorit\u00e9 des civils, selon des donn\u00e9es officielles. L&rsquo;offensive isra\u00e9lienne men\u00e9e en repr\u00e9sailles sur Gaza a fait plus de 65 000 morts, en majorit\u00e9 des civils, selon les chiffres du minist\u00e8re de la sant\u00e9 de l&rsquo;enclave palestinienne, jug\u00e9s fiables par l&rsquo;ONU.<\/p>\n","protected":false},"excerpt":{"rendered":"Bus, m\u00e9tros et ports sont \u00e0 l&rsquo;arr\u00eat ce lundi 22 septembre dans plusieurs grandes villes italiennes. Derri\u00e8re cette&hellip;\n","protected":false},"author":2,"featured_media":409980,"comment_status":"","ping_status":"","sticky":false,"template":"","format":"standard","meta":{"footnotes":""},"categories":[1586],"tags":[11,1777,674,1779,1011,27,74,12,31,25,1778,364],"class_list":{"0":"post-409979","1":"post","2":"type-post","3":"status-publish","4":"format-standard","5":"has-post-thumbnail","7":"category-europe","8":"tag-actualites","9":"tag-eu","10":"tag-europe","11":"tag-european-union","12":"tag-fr","13":"tag-france","14":"tag-monde","15":"tag-news","16":"tag-proche-et-moyen-orient","17":"tag-republique-francaise","18":"tag-ue","19":"tag-union-europeenne"},"share_on_mastodon":{"url":"https:\/\/pubeurope.com\/@fr\/115249148402589032","error":""},"_links":{"self":[{"href":"https:\/\/www.europesays.com\/fr\/wp-json\/wp\/v2\/posts\/409979","targetHints":{"allow":["GET"]}}],"collection":[{"href":"https:\/\/www.europesays.com\/fr\/wp-json\/wp\/v2\/posts"}],"about":[{"href":"https:\/\/www.europesays.com\/fr\/wp-json\/wp\/v2\/types\/post"}],"author":[{"embeddable":true,"href":"https:\/\/www.europesays.com\/fr\/wp-json\/wp\/v2\/users\/2"}],"replies":[{"embeddable":true,"href":"https:\/\/www.europesays.com\/fr\/wp-json\/wp\/v2\/comments?post=409979"}],"version-history":[{"count":0,"href":"https:\/\/www.europesays.com\/fr\/wp-json\/wp\/v2\/posts\/409979\/revisions"}],"wp:featuredmedia":[{"embeddable":true,"href":"https:\/\/www.europesays.com\/fr\/wp-json\/wp\/v2\/media\/409980"}],"wp:attachment":[{"href":"https:\/\/www.europesays.com\/fr\/wp-json\/wp\/v2\/media?parent=409979"}],"wp:term":[{"taxonomy":"category","embeddable":true,"href":"https:\/\/www.europesays.com\/fr\/wp-json\/wp\/v2\/categories?post=409979"},{"taxonomy":"post_tag","embeddable":true,"href":"https:\/\/www.europesays.com\/fr\/wp-json\/wp\/v2\/tags?post=409979"}],"curies":[{"name":"wp","href":"https:\/\/api.w.org\/{rel}","templated":true}]}}