{"id":40999,"date":"2025-04-21T08:05:08","date_gmt":"2025-04-21T08:05:08","guid":{"rendered":"https:\/\/www.europesays.com\/fr\/40999\/"},"modified":"2025-04-21T08:05:08","modified_gmt":"2025-04-21T08:05:08","slug":"challenge-dv-femme-pauline-ferrand-prevot-au-pied-du-podium-actualite","status":"publish","type":"post","link":"https:\/\/www.europesays.com\/fr\/40999\/","title":{"rendered":"Challenge DV Femme : Pauline Ferrand-Pr\u00e9vot au pied du podium &#8211; Actualit\u00e9"},"content":{"rendered":"<p style=\"text-align: justify;\">Le week-end de P\u00e2ques va distribuer des points pour le Challenge DV Femmes comme des oeufs, par paniers entiers. Au niveau du WorldTour, l&rsquo;Amstel Gold Race va offrir 130 points \u00e0 la premi\u00e8re. Le Grand Prix de Chamb\u00e9ry (1.1), premi\u00e8re manche de la Coupe de France Elite, rapportera 100 points \u00e0 la laur\u00e9ate. Toujours dimanche, la victoire dans la Ladies Tour Adainville 78 vaudra 30 points. Enfin, lundi, la premi\u00e8re manche de la Coupe de France N1, le Grand Prix du Mont Pujols, distribuera 60,50 et 45 unit\u00e9s aux trois premi\u00e8res.<\/p>\n<p>Leader du Challenge DV Femmes, Demi Vollering reprend la comp\u00e9tition ce dimanche \u00e0 l&rsquo;Amstel, apr\u00e8s un stage et apr\u00e8s avoir renonc\u00e9 \u00e0 la Fl\u00e8che Braban\u00e7onne. Sa position de leader ne craint rien de ses premi\u00e8res poursuivantes, ses co\u00e9quipi\u00e8res de la FDJ-Suez Ally Wollaston (\u00e0 155 points) et Elise Chabbey (\u00e0 171 points), toutes deux absentes dimanche.<\/p>\n<p>Apr\u00e8s sa victoire dans Paris-Roubaix, Pauline Ferrand-Pr\u00e9vot devient la premi\u00e8re Fran\u00e7aise du Challenge DV. La repr\u00e9sentante de Visma-Lease a bike sera, elle, bien pr\u00e9sente \u00e0 l&rsquo;Amstel. Clara Copponi, 5e, passe le week-end sur la piste de Gand o\u00f9 elle a termin\u00e9 2e de l&rsquo;Omnium. Enfin, Dilyxine Miermont est remont\u00e9e \u00e0 la 6e place gr\u00e2ce \u00e0 sa campagne salvadorienne, couronn\u00e9e par la victoire au Grand Prix Presidente. <\/p>\n<p><strong>NOEMIE ABGRALL PREMI\u00c8RE DES CLUBS<\/strong><\/p>\n<p>Au niveau des clubs, No\u00e9mie Abgrall est la mieux class\u00e9e avant la premi\u00e8re manche de la Coupe de France N1. La soci\u00e9taire de Ladynamips RVC est 9e du Challenge DV Femmes avec cinq deuxi\u00e8mes places au niveau national, en plus de sa victoire dans les Reines de la Cisse et sa 5e place au niveau UCI (1.2) au R\u00e9gion Pays de la Loire Tour.<\/p>\n<p>Chez les \u00e9quipes, ce sont aussi les Vend\u00e9ennes de Ladynamips RVC qui m\u00e8nent le bal avec 129 points d&rsquo;avance sur une autre N1 des Pays de la Loire, le Team ELLES-Vertou-Rayo&rsquo;Nantes et 259 sur Chamb\u00e9ry Cyclisme Comp\u00e9tition. Le club savoyard va doubler ce week-end avec le Grand Prix de Chamb\u00e9ry \u00e0 domicile et la Coupe de France, le lundi. Les pentes du Mont Pujols pourront \u00eatre l&rsquo;occasion pour plusieurs clubs de renverser la tendance.<\/p>\n<p>Suivez l&rsquo;actualit\u00e9 du Challenge DV Femme <a href=\"https:\/\/www.directvelo.com\/challenge\/dames\/2025\/4\" target=\"_blank\" rel=\"nofollow noopener\"><strong>en cliquant ici<\/strong><\/a> .<\/p>\n<p><strong>Classement individuel du Challenge DV Femme<\/strong> :<\/p>\n<p style=\"text-align: justify;\"><strong>Classement Espoirs du Challenge DV Femme<\/strong> :<\/p>\n<p style=\"text-align: justify;\"><strong>Classement par \u00e9quipes du Challenge DV Femme<\/strong> :<\/p>\n","protected":false},"excerpt":{"rendered":"Le week-end de P\u00e2ques va distribuer des points pour le Challenge DV Femmes comme des oeufs, par paniers&hellip;\n","protected":false},"author":2,"featured_media":41000,"comment_status":"","ping_status":"","sticky":false,"template":"","format":"standard","meta":{"footnotes":""},"categories":[1411],"tags":[834,828,836,829,837,827,83,826,824,823,1154,207,814,817,815,816,822,821,832,211,839,1011,27,820,818,819,835,831,830,833,838,60,212,208,825],"class_list":{"0":"post-40999","1":"post","2":"type-post","3":"status-publish","4":"format-standard","5":"has-post-thumbnail","7":"category-cyclisme","8":"tag-attaque","9":"tag-belgique","10":"tag-braquet","11":"tag-bretagne","12":"tag-chute","13":"tag-competition","14":"tag-coupe-de-france","15":"tag-coureur","16":"tag-course-cyclisme","17":"tag-course-cycliste","18":"tag-cycling","19":"tag-cyclisme","20":"tag-direct","21":"tag-direct-velo","22":"tag-directvelo","23":"tag-directvelo-com","24":"tag-epreuve","25":"tag-epreuve-cycliste","26":"tag-federation-francaise-de-cyclisme","27":"tag-ffc","28":"tag-flandres","29":"tag-fr","30":"tag-france","31":"tag-live","32":"tag-live-course","33":"tag-live-epreuve","34":"tag-peloton","35":"tag-radio-peloton","36":"tag-radio-tour","37":"tag-ravitaillement","38":"tag-relance","39":"tag-sports","40":"tag-uci","41":"tag-velo","42":"tag-velos"},"share_on_mastodon":{"url":"https:\/\/pubeurope.com\/@fr\/114374922965888618","error":""},"_links":{"self":[{"href":"https:\/\/www.europesays.com\/fr\/wp-json\/wp\/v2\/posts\/40999","targetHints":{"allow":["GET"]}}],"collection":[{"href":"https:\/\/www.europesays.com\/fr\/wp-json\/wp\/v2\/posts"}],"about":[{"href":"https:\/\/www.europesays.com\/fr\/wp-json\/wp\/v2\/types\/post"}],"author":[{"embeddable":true,"href":"https:\/\/www.europesays.com\/fr\/wp-json\/wp\/v2\/users\/2"}],"replies":[{"embeddable":true,"href":"https:\/\/www.europesays.com\/fr\/wp-json\/wp\/v2\/comments?post=40999"}],"version-history":[{"count":0,"href":"https:\/\/www.europesays.com\/fr\/wp-json\/wp\/v2\/posts\/40999\/revisions"}],"wp:featuredmedia":[{"embeddable":true,"href":"https:\/\/www.europesays.com\/fr\/wp-json\/wp\/v2\/media\/41000"}],"wp:attachment":[{"href":"https:\/\/www.europesays.com\/fr\/wp-json\/wp\/v2\/media?parent=40999"}],"wp:term":[{"taxonomy":"category","embeddable":true,"href":"https:\/\/www.europesays.com\/fr\/wp-json\/wp\/v2\/categories?post=40999"},{"taxonomy":"post_tag","embeddable":true,"href":"https:\/\/www.europesays.com\/fr\/wp-json\/wp\/v2\/tags?post=40999"}],"curies":[{"name":"wp","href":"https:\/\/api.w.org\/{rel}","templated":true}]}}