{"id":409994,"date":"2025-09-22T17:44:11","date_gmt":"2025-09-22T17:44:11","guid":{"rendered":"https:\/\/www.europesays.com\/fr\/409994\/"},"modified":"2025-09-22T17:44:11","modified_gmt":"2025-09-22T17:44:11","slug":"cyclisme-transfert-lequipe-totalenergies-prolonge-deux-solides-coureurs-francais","status":"publish","type":"post","link":"https:\/\/www.europesays.com\/fr\/409994\/","title":{"rendered":"Cyclisme. Transfert &#8211; L&rsquo;\u00e9quipe TotalEnergies prolonge deux solides coureurs fran\u00e7ais"},"content":{"rendered":"<p>La valse des prolongations se poursuit chez <strong><a href=\"https:\/\/www.cyclismactu.net\/..\/news-transfert-route-l-equipe-totalenergies-a-prolonge-deux-jeunes-francais-90170.html\" target=\"_blank\" rel=\"noopener\">TotalEnergies<\/a><\/strong>.\u00a0Apr\u00e8s\u00a0<strong><a href=\"https:\/\/www.cyclismactu.net\/..\/news-transfert-route-anthony-turgis-a-prolonge-son-contrat-chez-totalenergies-90112.html\" target=\"_blank\" rel=\"noopener\">Anthony Turgis<\/a><\/strong>,\u00a0<strong>Thomas Bonnet<\/strong>\u00a0et\u00a0<strong>Baptiste Vadic<\/strong>, c&rsquo;est au tour des Fran\u00e7ais\u00a0<strong><a href=\"https:\/\/www.cyclismactu.net\/..\/news-maryland-classic-route-un-francais-vainqueur-baltimore-sandy-dujardin-en-costaud-90015.html\" target=\"_blank\" rel=\"noopener\">Sandy Dujardin<\/a><\/strong>\u00a0et <strong>Fabien Doubey<\/strong>\u00a0de poursuivre l&rsquo;aventure vend\u00e9enne pour une ann\u00e9e de plus, soit jusque fin 2026. Auteur de sa meilleure saison depuis son passage chez les pro en 2022, le premier cit\u00e9 a enfin r\u00e9ussi \u00e0 lever les bras cette ann\u00e9e apr\u00e8s avoir longtemps tourn\u00e9 autour, remportant en costaud la\u00a0<strong>Maryland Cycling Classic<\/strong> d\u00e9but septembre. Un succ\u00e8s m\u00e9rit\u00e9 qui pourrait permettre \u00e0 ce rapide puncheur de\u00a028 ans, habitu\u00e9 des places d&rsquo;honneur, de franchir un nouveau cap. M\u00eame chose pour <strong>Fabien Doubey<\/strong>, vainqueur \u00e0 31 ans du <strong>Tour du Rwanda<\/strong> en f\u00e9vrier, une premi\u00e8re victoire en carri\u00e8re synonyme de belle r\u00e9compense pour cet \u00e9quipier mod\u00e8le et travailleur de l&rsquo;ombre.<\/p>\n<p>Vid\u00e9o &#8211; La victoire de Sandy Jujardin sur la Maryland Classic Lire la suite de l&rsquo;article&#13;<\/p>\n<p>\u00a0<\/p>\n<p>&#13;<br \/>\nLes r\u00e9action de\u00a0<strong>Sandy Dujardin<\/strong>\u00a0et\u00a0<strong>Fabien Doubey<\/strong>&#13;<\/p>\n<p><strong>Fabien Doubey<\/strong> : \u00ab\u00a0C&rsquo;est gratifiant d&rsquo;avoir la confiance d&rsquo;une \u00e9quipe dans laquelle je me sens bien, je suis heureux de prolonger au sein du Team TotalEnergies. Ma victoire au Rwanda en d\u00e9but d&rsquo;ann\u00e9e a \u00e9t\u00e9 une belle r\u00e9compense du travail collectif. J&rsquo;esp\u00e8re vivre de nouvelles \u00e9motions similaires la saison prochaine, tout en apportant mon exp\u00e9rience aux plus jeunes\u00a0\u00bb.<\/p>\n<p>&#13;<\/p>\n<p><strong>Sandy Dujardin<\/strong> : \u00ab\u00a0Ma prolongation avec le Team TotalEnergies est un choix du coeur. C&rsquo;est l&rsquo;\u00e9quipe qui m&rsquo;a fait grandir et je m&rsquo;y sens bien, c&rsquo;est ce qui m&rsquo;a d\u00e9cid\u00e9 \u00e0 rester. La deuxi\u00e8me partie de saison me sourit pour le moment, j&rsquo;esp\u00e8re surfer sur cette dynamique jusqu&rsquo;\u00e0 la tr\u00e8ve et reprendre pied au plancher en 2026 afin de retrouver rapidement la victoire.\u00a0\u00bb<\/p>\n","protected":false},"excerpt":{"rendered":"La valse des prolongations se poursuit chez TotalEnergies.\u00a0Apr\u00e8s\u00a0Anthony Turgis,\u00a0Thomas Bonnet\u00a0et\u00a0Baptiste Vadic, c&rsquo;est au tour des Fran\u00e7ais\u00a0Sandy Dujardin\u00a0et Fabien&hellip;\n","protected":false},"author":2,"featured_media":409995,"comment_status":"","ping_status":"","sticky":false,"template":"","format":"standard","meta":{"footnotes":""},"categories":[1411],"tags":[1154,207,211,1011,27,209,60,210,969,212,208,213],"class_list":{"0":"post-409994","1":"post","2":"type-post","3":"status-publish","4":"format-standard","5":"has-post-thumbnail","7":"category-cyclisme","8":"tag-cycling","9":"tag-cyclisme","10":"tag-ffc","11":"tag-fr","12":"tag-france","13":"tag-route","14":"tag-sports","15":"tag-tour-de-france","16":"tag-transfert","17":"tag-uci","18":"tag-velo","19":"tag-world-tour"},"share_on_mastodon":{"url":"https:\/\/pubeurope.com\/@fr\/115249195524572514","error":""},"_links":{"self":[{"href":"https:\/\/www.europesays.com\/fr\/wp-json\/wp\/v2\/posts\/409994","targetHints":{"allow":["GET"]}}],"collection":[{"href":"https:\/\/www.europesays.com\/fr\/wp-json\/wp\/v2\/posts"}],"about":[{"href":"https:\/\/www.europesays.com\/fr\/wp-json\/wp\/v2\/types\/post"}],"author":[{"embeddable":true,"href":"https:\/\/www.europesays.com\/fr\/wp-json\/wp\/v2\/users\/2"}],"replies":[{"embeddable":true,"href":"https:\/\/www.europesays.com\/fr\/wp-json\/wp\/v2\/comments?post=409994"}],"version-history":[{"count":0,"href":"https:\/\/www.europesays.com\/fr\/wp-json\/wp\/v2\/posts\/409994\/revisions"}],"wp:featuredmedia":[{"embeddable":true,"href":"https:\/\/www.europesays.com\/fr\/wp-json\/wp\/v2\/media\/409995"}],"wp:attachment":[{"href":"https:\/\/www.europesays.com\/fr\/wp-json\/wp\/v2\/media?parent=409994"}],"wp:term":[{"taxonomy":"category","embeddable":true,"href":"https:\/\/www.europesays.com\/fr\/wp-json\/wp\/v2\/categories?post=409994"},{"taxonomy":"post_tag","embeddable":true,"href":"https:\/\/www.europesays.com\/fr\/wp-json\/wp\/v2\/tags?post=409994"}],"curies":[{"name":"wp","href":"https:\/\/api.w.org\/{rel}","templated":true}]}}