{"id":41011,"date":"2025-04-21T08:11:08","date_gmt":"2025-04-21T08:11:08","guid":{"rendered":"https:\/\/www.europesays.com\/fr\/41011\/"},"modified":"2025-04-21T08:11:08","modified_gmt":"2025-04-21T08:11:08","slug":"je-netais-pas-pret-michel-polnareff-revient-sur-la-naissance-pour-le-moins-mouvementee-de-son-fils-louka","status":"publish","type":"post","link":"https:\/\/www.europesays.com\/fr\/41011\/","title":{"rendered":"\u00ab\u00a0Je n\u2019\u00e9tais pas pr\u00eat\u00a0\u00bb : Michel Polnareff revient sur la naissance pour le moins mouvement\u00e9e de son fils Louka"},"content":{"rendered":"<p class=\"p1\"><a href=\"https:\/\/www.closermag.fr\/people\/michel-polnareff-furieux-contre-laurent-gerra-597240\" target=\"_blank\" rel=\"noopener\"><br \/>\nMichel Polnareff<\/a>, \u00ab\u00a0the return\u00a0\u00bb. A 80 ans, le chanteur revient<br \/>\naux affaires. Le 14 f\u00e9vrier dernier sortait son single flambant<br \/>\nneuf, Tu m&rsquo;entends pas, pr\u00e9lude d&rsquo;<strong>un album \u00e0 venir<br \/>\ncette ann\u00e9e<\/strong>. L&rsquo;\u00e9v\u00e9nement impulsera le lancement d&rsquo;une<br \/>\ntourn\u00e9e en France l&rsquo;ant prochain. L&rsquo;artiste a d&rsquo;ores et d\u00e9j\u00e0<br \/>\nprogramm\u00e9 un passage par l&rsquo;Accor Arena \u00e0 Paris le 14 juin.<\/p>\n<p class=\"p1\">\u00ab\u00a0J\u2019ai mis beaucoup de moi-m\u00eame, de mes histoires<br \/>\npersonnelles. Je l\u2019ai enregistr\u00e9 dans le studio de ma maison de<br \/>\nPalm Springs (Californie)\u00a0\u00bb, raconte-t-il dans une interview<br \/>\naccord\u00e9e \u00e0 nos confr\u00e8res du T\u00e9l\u00e9gramme. Avant qu&rsquo;il ne le<br \/>\nrode sur sc\u00e8ne, celui-ci <strong>\u00e9cume les plateau de<br \/>\nt\u00e9l\u00e9vision<\/strong>,\u00a0\u00e9voquant parfois sa vie priv\u00e9e<br \/>\n\u00e0 coeur ouvert\u2026<\/p>\n<p>Michel Polnareff : pourquoi \u00e9tait-il inquiet lors de la<br \/>\nnaissance de Louka ?<\/p>\n<p class=\"p1\">En 2010 venait au monde <strong>un petit<br \/>\ngar\u00e7on<\/strong> qui consacrait l&rsquo;histoire d&rsquo;amour entre Michel<br \/>\nPolnareff et son ex-compagne Danyellah. S&rsquo;il n&rsquo;est pas son p\u00e8re<br \/>\nbiologique, comme l&rsquo;ont r\u00e9v\u00e9l\u00e9 des tests ADN, le chanteur a adopt\u00e9<br \/>\n<strong>l&rsquo;enfant pr\u00e9nomm\u00e9<\/strong> <a href=\"https:\/\/www.closermag.fr\/people\/louka-le-fils-de-michel-polnareff-se-vante-de-la-popularite-de-son-celebre-pere-916885\" target=\"_blank\" rel=\"noopener\"><br \/>\nLouka<\/a> surtout parce que \u00ab\u00a0le sang n&rsquo;a pas d&rsquo;importance\u00a0\u00bb<br \/>\nmais aussi et surtout parce que \u00ab\u00a0l&rsquo;amour et la pr\u00e9sence au<br \/>\nquotidien sont essentiels\u00a0\u00bb.<\/p>\n<p class=\"p1\">L&rsquo;interpr\u00e8te de Lettre \u00e0 France n&rsquo;\u00e9tait pourtant<br \/>\n<strong>pas \u00ab\u00a0du tout pr\u00eat\u00a0\u00bb<\/strong> \u00e0 la naissance de son<br \/>\nfils adoptif. \u00ab\u00a0\u00c7a s&rsquo;est pass\u00e9 \u00e0 3h du matin, a-t-il<br \/>\nracont\u00e9 \u00e0 Audrey Crespo-Mara dans Sept \u00e0 Huit ce dimanche. Je<br \/>\nsavais deux choses. Pour que l&rsquo;enfant soit vivant, tant que la m\u00e8re<br \/>\nrespire, c&rsquo;est bon et il faut mettre <strong>la main sous sa<br \/>\nnuque<\/strong> parce que sinon il meurt en gros.\u00a0<strong>La<br \/>\nsage-femme<\/strong> devait le faire, mais elle <strong>dormait \u00e0 40<br \/>\nkm<\/strong>.\u00a0\u00bb Michel Polnareff ne pouvait pas rester l\u00e0 sans<br \/>\nrien faire\u2026<\/p>\n<p>Michel Polnareff : dans quelles<br \/>\ncirconstances Louka est-il n\u00e9 ?<\/p>\n<p class=\"p1\">La r\u00e9activit\u00e9 \u00e9tait de mise. \u00ab\u00a0Je me suis<br \/>\nretrouv\u00e9e devant ce truc et <a href=\"https:\/\/www.telestar.fr\/people\/danyellah-la-compagne-de-michel-polnareff-confie-que-le-chanteur-aurait-pu-y-passer-sur-scene-photos-255133\" target=\"_blank\" rel=\"noopener\"><br \/>\nDanyellah<\/a> \u00e9tait en train de marcher de gauche \u00e0 droite dans la<br \/>\nchambre, elle me dit qu&rsquo;elle a <strong>mal au ventre<\/strong>.<br \/>\nL\u00e0-dessus, elle s&rsquo;est jet\u00e9e sur le lit et elle <strong>perd les<br \/>\neaux<\/strong>\u00ab\u00a0, a poursuivi le chanteur exil\u00e9 en Californie<br \/>\ndepuis de nombreuses ann\u00e9es.<\/p>\n<p class=\"p1\">Celui ci-s&rsquo;\u00e9tait retrouss\u00e9 alors les manches.<br \/>\n\u00ab\u00a0<strong>J&rsquo;ai rempli la baignoire<\/strong> et heureusement, il<br \/>\nest sorti de sa m\u00e8re dans de bonnes conditions. C&rsquo;est comme \u00e7a que<br \/>\nLouka est n\u00e9\u00a0\u00bb, a-t-il conclu. Quelques ann\u00e9es apr\u00e8s l&rsquo;heureux<br \/>\n\u00e9v\u00e9nement, Michel Polnareff s&rsquo;est <strong>s\u00e9par\u00e9 de la m\u00e8re de son<br \/>\nfils<\/strong>. Danyellah ne partage plus sa vie depuis 2024.<\/p>\n","protected":false},"excerpt":{"rendered":"Michel Polnareff, \u00ab\u00a0the return\u00a0\u00bb. A 80 ans, le chanteur revient aux affaires. Le 14 f\u00e9vrier dernier sortait son&hellip;\n","protected":false},"author":2,"featured_media":41012,"comment_status":"","ping_status":"","sticky":false,"template":"","format":"standard","meta":{"footnotes":""},"categories":[1355],"tags":[548,58,59,1011,27,1743,1361,873],"class_list":{"0":"post-41011","1":"post","2":"type-post","3":"status-publish","4":"format-standard","5":"has-post-thumbnail","7":"category-musique","8":"tag-article-simple","9":"tag-divertissement","10":"tag-entertainment","11":"tag-fr","12":"tag-france","13":"tag-michel-polnareff","14":"tag-music","15":"tag-musique"},"share_on_mastodon":{"url":"https:\/\/pubeurope.com\/@fr\/114374946634921082","error":""},"_links":{"self":[{"href":"https:\/\/www.europesays.com\/fr\/wp-json\/wp\/v2\/posts\/41011","targetHints":{"allow":["GET"]}}],"collection":[{"href":"https:\/\/www.europesays.com\/fr\/wp-json\/wp\/v2\/posts"}],"about":[{"href":"https:\/\/www.europesays.com\/fr\/wp-json\/wp\/v2\/types\/post"}],"author":[{"embeddable":true,"href":"https:\/\/www.europesays.com\/fr\/wp-json\/wp\/v2\/users\/2"}],"replies":[{"embeddable":true,"href":"https:\/\/www.europesays.com\/fr\/wp-json\/wp\/v2\/comments?post=41011"}],"version-history":[{"count":0,"href":"https:\/\/www.europesays.com\/fr\/wp-json\/wp\/v2\/posts\/41011\/revisions"}],"wp:featuredmedia":[{"embeddable":true,"href":"https:\/\/www.europesays.com\/fr\/wp-json\/wp\/v2\/media\/41012"}],"wp:attachment":[{"href":"https:\/\/www.europesays.com\/fr\/wp-json\/wp\/v2\/media?parent=41011"}],"wp:term":[{"taxonomy":"category","embeddable":true,"href":"https:\/\/www.europesays.com\/fr\/wp-json\/wp\/v2\/categories?post=41011"},{"taxonomy":"post_tag","embeddable":true,"href":"https:\/\/www.europesays.com\/fr\/wp-json\/wp\/v2\/tags?post=41011"}],"curies":[{"name":"wp","href":"https:\/\/api.w.org\/{rel}","templated":true}]}}