{"id":410117,"date":"2025-09-22T18:56:14","date_gmt":"2025-09-22T18:56:14","guid":{"rendered":"https:\/\/www.europesays.com\/fr\/410117\/"},"modified":"2025-09-22T18:56:14","modified_gmt":"2025-09-22T18:56:14","slug":"lewis-hamilton-vend-sa-collection-de-voitures-a-15-millions-deuros","status":"publish","type":"post","link":"https:\/\/www.europesays.com\/fr\/410117\/","title":{"rendered":"Lewis Hamilton vend sa collection de voitures \u00e0 15 millions d\u2019euros"},"content":{"rendered":"<p class=\"p1\">Quand une McLaren F1 devient un souvenir plut\u00f4t qu\u2019un troph\u00e9e. Lewis Hamilton, du rugissement des V12 \u00e0 la s\u00e9r\u00e9nit\u00e9 de l\u2019art contemporain.<\/p>\n<p><b>Une collection de r\u00eave envol\u00e9e<\/b><\/p>\n<p class=\"p1\">Dans un entretien accord\u00e9 au Daily Mail, Lewis Hamilton a r\u00e9v\u00e9l\u00e9 avoir vendu l\u2019int\u00e9gralit\u00e9 de sa collection de voitures de luxe, estim\u00e9e \u00e0 15 millions d\u2019euros. Parmi les joyaux c\u00e9d\u00e9s : deux Ferrari LaFerrari, une hypercar Mercedes-AMG et surtout une McLaren F1 achet\u00e9e 12 millions d\u2019euros il y a huit ans. Le Britannique, d\u00e9sormais \u00e2g\u00e9 de 40 ans, confie n\u2019\u00e9prouver aucun regret et dit se consacrer \u00e0 de nouvelles passions, notamment l\u2019art, qu\u2019il compare volontiers \u00e0 l\u2019automobile : \u00ab Une Ferrari F40 ? Pour moi, c\u2019est une \u0153uvre d\u2019art. \u00bb<\/p>\n<p><b>Un virage \u00e9cologique<\/b><\/p>\n<p class=\"p1\">Cette d\u00e9cision s\u2019inscrit dans un virage plus large d\u00e9j\u00e0 amorc\u00e9 : Hamilton s\u2019\u00e9tait s\u00e9par\u00e9 de son jet priv\u00e9 il y a six ans et a adopt\u00e9 un r\u00e9gime v\u00e9g\u00e9talien. Motiv\u00e9 par la r\u00e9duction de son empreinte carbone, il affirme vouloir utiliser son influence pour sensibiliser. Reste que son m\u00e9tier de pilote ne lui permet pas d\u2019\u00e9chapper aux critiques. Ce week-end, \u00e0 Bakou, il retrouvera le bitume \u00e0 bord de sa Ferrari, loin des galeries d\u2019art o\u00f9 il passe d\u00e9sormais plus de temps.<\/p>\n<p>   Partagez cette info avec vos amis et vos proches en cliquant ici  <\/p>\n<p> Podcasts \u00e0 la une MEN LIFE <\/p>\n<p>    Lewis Hamilton vend sa collection de voitures \u00e0 15 millions d\u2019euros<\/p>\n<p>Le septuple champion du monde de Formule 1 a d\u00e9cid\u00e9 de tourner la page en se s\u00e9parant de sa collection automobile. Un choix qui s\u2019inscrit dans un changement de mode de vie plus global.<\/p>\n<p>R\u00e9dacteur<\/p>\n<p><img decoding=\"async\" width=\"76\" height=\"76\" loading=\"lazy\" src=\"https:\/\/www.europesays.com\/fr\/wp-content\/uploads\/2025\/04\/avatar-automoto.webp.webp\" alt=\"Mathis Poirot\"\/><\/p>\n","protected":false},"excerpt":{"rendered":"Quand une McLaren F1 devient un souvenir plut\u00f4t qu\u2019un troph\u00e9e. Lewis Hamilton, du rugissement des V12 \u00e0 la&hellip;\n","protected":false},"author":2,"featured_media":410118,"comment_status":"","ping_status":"","sticky":false,"template":"","format":"standard","meta":{"footnotes":""},"categories":[1412],"tags":[1451,1452,1453,1454,1455,1011,27,60],"class_list":{"0":"post-410117","1":"post","2":"type-post","3":"status-publish","4":"format-standard","5":"has-post-thumbnail","7":"category-f1","8":"tag-f1","9":"tag-formula-1","10":"tag-formula1","11":"tag-formule-1","12":"tag-formule1","13":"tag-fr","14":"tag-france","15":"tag-sports"},"share_on_mastodon":{"url":"https:\/\/pubeurope.com\/@fr\/115249478744803705","error":""},"_links":{"self":[{"href":"https:\/\/www.europesays.com\/fr\/wp-json\/wp\/v2\/posts\/410117","targetHints":{"allow":["GET"]}}],"collection":[{"href":"https:\/\/www.europesays.com\/fr\/wp-json\/wp\/v2\/posts"}],"about":[{"href":"https:\/\/www.europesays.com\/fr\/wp-json\/wp\/v2\/types\/post"}],"author":[{"embeddable":true,"href":"https:\/\/www.europesays.com\/fr\/wp-json\/wp\/v2\/users\/2"}],"replies":[{"embeddable":true,"href":"https:\/\/www.europesays.com\/fr\/wp-json\/wp\/v2\/comments?post=410117"}],"version-history":[{"count":0,"href":"https:\/\/www.europesays.com\/fr\/wp-json\/wp\/v2\/posts\/410117\/revisions"}],"wp:featuredmedia":[{"embeddable":true,"href":"https:\/\/www.europesays.com\/fr\/wp-json\/wp\/v2\/media\/410118"}],"wp:attachment":[{"href":"https:\/\/www.europesays.com\/fr\/wp-json\/wp\/v2\/media?parent=410117"}],"wp:term":[{"taxonomy":"category","embeddable":true,"href":"https:\/\/www.europesays.com\/fr\/wp-json\/wp\/v2\/categories?post=410117"},{"taxonomy":"post_tag","embeddable":true,"href":"https:\/\/www.europesays.com\/fr\/wp-json\/wp\/v2\/tags?post=410117"}],"curies":[{"name":"wp","href":"https:\/\/api.w.org\/{rel}","templated":true}]}}