{"id":410119,"date":"2025-09-22T18:57:11","date_gmt":"2025-09-22T18:57:11","guid":{"rendered":"https:\/\/www.europesays.com\/fr\/410119\/"},"modified":"2025-09-22T18:57:11","modified_gmt":"2025-09-22T18:57:11","slug":"cyclisme-chrono-des-nations-les-premiers-noms-du-44e-chrono-des-nations-aux-herbiers","status":"publish","type":"post","link":"https:\/\/www.europesays.com\/fr\/410119\/","title":{"rendered":"Cyclisme. Chrono des Nations &#8211; Les premiers noms du 44e Chrono des Nations aux Herbiers"},"content":{"rendered":"<p> Lire la suite de l&rsquo;article&#13;<\/p>\n<p>\u00a0<\/p>\n<p>&#13;<br \/>\nMa\u00ebva Squiban, Ellen van Dijk, Ethan Hayter&#8230; d\u00e9j\u00e0 du beau monde&#13;<\/p>\n<p>Parmi les premi\u00e8res t\u00eates d&rsquo;affiche attendues, on retiendra bien \u00e9videmment le nom de\u00a0<strong>Ma\u00ebva Squiban<\/strong>\u00a0(UAE Team ADQ), double vainqueure d\u2019\u00e9tape au <strong>Tour de France Femmes<\/strong>, mais \u00e9galement ceux d&rsquo;<strong>Ellen Van Dijk<\/strong> (Lidl-Trek), laur\u00e9ate de l&rsquo;\u00e9preuve en 2022 et qui disputera certainement \u00e0 cette occasion la derni\u00e8re course de sa riche carri\u00e8re, elle qui a \u00e9t\u00e9 triple championne du monde du contre-la-montre, du champion de Grande-Bretagne du chrono\u00a0<strong>Ethan Hayter<\/strong> (Soudal Quick-Step), de l&rsquo;ancien double champion de France de la discipline\u00a0<strong>Pierre Latour<\/strong> (TotalEnergies) et de son co\u00e9quipier\u00a0<strong>Emilien Jeanni\u00e8re<\/strong>, local de l&rsquo;\u00e9tape.<\/p>\n<p>&#13;<\/p>\n<p>\u00a0<\/p>\n<p>&#13;<\/p>\n<p><strong>Le programme du Chrono des Nations 2025<\/strong> :<\/p>\n<p>&#13;<\/p>\n<p><strong>Vendredi 17 octobre<\/strong> : Ouverture de la Foire du Chrono avec plus de 200 exposants<\/p>\n<p>&#13;<\/p>\n<p><strong>Samedi 18 octobre<\/strong> : Randonn\u00e9e Walter B\u00e9n\u00e9teau &#8211; 2 circuits au choix (111km et 84 km)<\/p>\n<p>&#13;<\/p>\n<p><strong>Dimanche 19 octobre<\/strong> : Chrono des Nations &#8211; 7 cat\u00e9gories au d\u00e9part (des Cadettes aux Hommes\/Elites)<\/p>\n<p>&#13;<\/p>\n<p>\u00a0<\/p>\n<p>&#13;<\/p>\n<p><strong>La liste des premiers participants<\/strong> :<\/p>\n<p>&#13;<\/p>\n<p class=\"text-build-content\"><strong>L\u00e9a M\u00e9tri<\/strong> (FR &#8211;\u00a0Femmes\/U17), membre du V\u00e9lo Club Les Herbiers<\/p>\n<p><strong>Romane Prioul<\/strong> (FR &#8211;\u00a0Femmes\/U17), 3e des championnat de France\u00a0<\/p>\n<p>&#13;<\/p>\n<p class=\"text-build-content\"><strong>Julien Breugnot<\/strong> (FR &#8211;\u00a0Hommes\/U17), champion de France de contre-la-montre<\/p>\n<p>&#13;<\/p>\n<p class=\"text-build-content\"><strong>Tha\u00efs Poirier<\/strong>\u00a0(FR &#8211;\u00a0Femmes\/Juniors), triple championne de France (chrono, chrono mixte, route)<\/p>\n<p>&#13;<\/p>\n<p class=\"text-build-content\"><strong>Janek Jackowiak <\/strong>(POL &#8211;\u00a0Hommes\/Juniors), vainqueur de la Course de la Paix<\/p>\n<p>&#13;<\/p>\n<p class=\"text-build-content\"><strong>Jonathan Vervenne<\/strong> (BEL &#8211;\u00a0Hommes\/U23), champion de Belgique de contre-la-montre,\u00a0vainqueur d\u2019\u00e9tape au Giro d\u2019Italia Next Gen 2025<\/p>\n<p>&#13;<\/p>\n<p class=\"text-build-content\">Femmes\/Elite &amp; U23 :<\/p>\n<p>&#13;<\/p>\n<p class=\"text-build-content\"><strong>Ma\u00ebva Squiban<\/strong> (FR) &#8211;\u00a0Double vainqueure d\u2019\u00e9tape au Tour de France<\/p>\n<p>&#13;<\/p>\n<p class=\"text-build-content\"><strong>Brodie Chapman <\/strong>(AUS) &#8211;\u00a0Championne d\u2019Australie du contre-la-montre, 4e aux mondiaux<\/p>\n<p>&#13;<\/p>\n<p class=\"text-build-content\"><strong>Ellen Van Dijk <\/strong>(P-B) &#8211;\u00a0Triple championne du monde du contre-la-montre<\/p>\n<p>&#13;<\/p>\n<p class=\"text-build-content\">Hommes\/Elites<\/p>\n<p>&#13;<\/p>\n<p class=\"text-build-content\"><strong>L\u00e9o Hayter <\/strong>(GB) &#8211;\u00a0Vainqueur du Giro U23 2022, de Li\u00e8ge-Bastogne-Li\u00e8ge 2021<\/p>\n<p>&#13;<\/p>\n<p class=\"text-build-content\"><strong>Ethan Hayter <\/strong>(GB) &#8211;\u00a0Champion de Grande-Bretagne du contre-la-montre<\/p>\n<p>&#13;<\/p>\n<p class=\"text-build-content\"><strong>Pierre Latour<\/strong> (FR) &#8211;\u00a0Double champion de France de contre-la-montre<\/p>\n<p>&#13;<\/p>\n<p class=\"text-build-content\"><strong>Emilien Jeanni\u00e8re<\/strong> (FR) &#8211;\u00a0Local de l\u2019\u00e9tape, 13 podiums en 2025<\/p>\n<p>&#13;<\/p>\n<p>\u00a0<\/p>\n<p>&#13;<br \/>\nLes diff\u00e9rentes d\u00e9clarations&#13;<\/p>\n<p class=\"text-build-content\"><strong>Marion H\u00e9rault-Garnier,\u00a0<\/strong><strong>Pr\u00e9sidente du Comit\u00e9 d\u2019organisation de la F\u00eate du Chrono :<\/strong><\/p>\n<p>&#13;<\/p>\n<p class=\"text-build-content\">\u00ab\u00a0Le Chrono des Nations, ce n\u2019est pas seulement une \u00e9preuve cycliste. Pour les familles et les passionn\u00e9s, il s&rsquo;agit aussi une belle parenth\u00e8se qui permet d&rsquo;oublier un peu le contexte actuel le temps de quelques jours. Il contribue aussi au dynamisme et au rayonnement des Herbiers et de la Vend\u00e9e. Il y a du sport, des \u00e9changes, de la convivialit\u00e9 : c\u2019est l\u2019ensemble de ces \u00e9l\u00e9ments qui en font un \u00e9v\u00e9nement \u00e0 part.\u00a0\u00bb<\/p>\n<p>&#13;<br \/>\n&#13;<\/p>\n<p class=\"text-build-content\"><strong>Christophe Hogard,\u00a0<\/strong><strong>Maire des Herbiers,\u00a0Pr\u00e9sident du Pays des Herbiers\u00a0<\/strong><strong>et conseiller d\u00e9partemental de Vend\u00e9e :<\/strong><\/p>\n<p>&#13;<\/p>\n<p class=\"text-build-content\">\u00ab\u00a0Pour nous, le Chrono des Nations est un \u00e9v\u00e9nement sportif, associatif, \u00e9conomique et populaire majeur. Il faut rappeler qu\u2019il y a chaque ann\u00e9e entre 20 000 et 30 000 personnes qui se rendent \u00e0 la F\u00eate du Chrono. Il s&rsquo;agit d&rsquo;un moment tr\u00e8s important et f\u00e9d\u00e9rateur, d\u2019autant qu\u2019il s\u2019inscrit cette ann\u00e9e dans la continuit\u00e9 du grand succ\u00e8s des championnats de France de cyclisme.\u00a0\u00bb<\/p>\n<p>&#13;<br \/>\n&#13;<\/p>\n<p class=\"text-build-content\"><strong>B\u00e9rang\u00e8re Soulard<\/strong>,\u00a0<strong>Pr\u00e9sidente de la Commission Sport du Conseil D\u00e9partemental de la Vend\u00e9e :<\/strong><\/p>\n<p>&#13;<\/p>\n<p class=\"text-build-content\">\u00ab\u00a0Le D\u00e9partement de la Vend\u00e9e est un fid\u00e8le partenaire de l\u2019organisation du Chrono des Nations qu\u2019il accompagne depuis ses d\u00e9buts. C\u2019est un \u00e9v\u00e9nement sportif incontournable, atypique car les coureurs se battent contre le chrono, et int\u00e9ressant car il rassemble les meilleurs de chaque cat\u00e9gorie dont les femmes. Je salue l\u2019implication des b\u00e9n\u00e9voles et l\u2019organisation rudement men\u00e9e par l\u2019ensemble de l\u2019\u00e9quipe. Le D\u00e9partement de la Vend\u00e9e aime les grands \u00e9v\u00e9nements sportifs dont le Chrono des Nations fait partie.\u00a0\u00bb<\/p>\n","protected":false},"excerpt":{"rendered":"Lire la suite de l&rsquo;article&#13; \u00a0 &#13; Ma\u00ebva Squiban, Ellen van Dijk, Ethan Hayter&#8230; d\u00e9j\u00e0 du beau monde&#13;&hellip;\n","protected":false},"author":2,"featured_media":410120,"comment_status":"","ping_status":"","sticky":false,"template":"","format":"standard","meta":{"footnotes":""},"categories":[1411],"tags":[54131,1154,207,211,1011,27,209,60,210,212,208,213],"class_list":{"0":"post-410119","1":"post","2":"type-post","3":"status-publish","4":"format-standard","5":"has-post-thumbnail","7":"category-cyclisme","8":"tag-chrono-des-nations","9":"tag-cycling","10":"tag-cyclisme","11":"tag-ffc","12":"tag-fr","13":"tag-france","14":"tag-route","15":"tag-sports","16":"tag-tour-de-france","17":"tag-uci","18":"tag-velo","19":"tag-world-tour"},"share_on_mastodon":{"url":"https:\/\/pubeurope.com\/@fr\/115249482616995624","error":""},"_links":{"self":[{"href":"https:\/\/www.europesays.com\/fr\/wp-json\/wp\/v2\/posts\/410119","targetHints":{"allow":["GET"]}}],"collection":[{"href":"https:\/\/www.europesays.com\/fr\/wp-json\/wp\/v2\/posts"}],"about":[{"href":"https:\/\/www.europesays.com\/fr\/wp-json\/wp\/v2\/types\/post"}],"author":[{"embeddable":true,"href":"https:\/\/www.europesays.com\/fr\/wp-json\/wp\/v2\/users\/2"}],"replies":[{"embeddable":true,"href":"https:\/\/www.europesays.com\/fr\/wp-json\/wp\/v2\/comments?post=410119"}],"version-history":[{"count":0,"href":"https:\/\/www.europesays.com\/fr\/wp-json\/wp\/v2\/posts\/410119\/revisions"}],"wp:featuredmedia":[{"embeddable":true,"href":"https:\/\/www.europesays.com\/fr\/wp-json\/wp\/v2\/media\/410120"}],"wp:attachment":[{"href":"https:\/\/www.europesays.com\/fr\/wp-json\/wp\/v2\/media?parent=410119"}],"wp:term":[{"taxonomy":"category","embeddable":true,"href":"https:\/\/www.europesays.com\/fr\/wp-json\/wp\/v2\/categories?post=410119"},{"taxonomy":"post_tag","embeddable":true,"href":"https:\/\/www.europesays.com\/fr\/wp-json\/wp\/v2\/tags?post=410119"}],"curies":[{"name":"wp","href":"https:\/\/api.w.org\/{rel}","templated":true}]}}