{"id":410126,"date":"2025-09-22T19:01:13","date_gmt":"2025-09-22T19:01:13","guid":{"rendered":"https:\/\/www.europesays.com\/fr\/410126\/"},"modified":"2025-09-22T19:01:13","modified_gmt":"2025-09-22T19:01:13","slug":"chambery-la-librairie-excalibur-ouvre-a-chamnord","status":"publish","type":"post","link":"https:\/\/www.europesays.com\/fr\/410126\/","title":{"rendered":"Chamb\u00e9ry. La librairie Excalibur ouvre \u00e0 Chamnord"},"content":{"rendered":"<p>Le r\u00eave de Fr\u00e9d\u00e9rick Tognet aura mis de nombreuses ann\u00e9es \u00e0 aboutir\u00a0: sa librairie Excalibur vient d\u2019ouvrir dans la galerie de Chamnord. <\/p>\n<p>Comme beaucoup, c\u2019est durant l\u2019enfance qu\u2019il d\u00e9couvre la bande dessin\u00e9e, notamment avec Tintin. <\/p>\n<p>Titulaire d\u2019un brevet de technicien sup\u00e9rieur (BTS) action commerciale, il \u0153uvre d\u2019abord chez diff\u00e9rents employeurs, notamment \u00e0 Chamnord.<\/p>\n<p> Les \u00e9v\u00e8nements de sa vie personnelle vont lui permettre de cr\u00e9er, dans un premier temps, une librairie en ligne, qu\u2019il nomme Excalibur. <\/p>\n<p>Et depuis d\u00e9but septembre, elle est la premi\u00e8re librairie du genre \u00e0 ouvrir \u00e0 Chamnord.<\/p>\n","protected":false},"excerpt":{"rendered":"Le r\u00eave de Fr\u00e9d\u00e9rick Tognet aura mis de nombreuses ann\u00e9es \u00e0 aboutir\u00a0: sa librairie Excalibur vient d\u2019ouvrir dans&hellip;\n","protected":false},"author":2,"featured_media":410127,"comment_status":"","ping_status":"","sticky":false,"template":"","format":"standard","meta":{"footnotes":""},"categories":[1357],"tags":[1379,5509,12844,1687,58,7001,59,1011,27,1380,2410],"class_list":{"0":"post-410126","1":"post","2":"type-post","3":"status-publish","4":"format-standard","5":"has-post-thumbnail","7":"category-livres","8":"tag-books","9":"tag-chambery","10":"tag-chambery-bassin","11":"tag-culture-loisirs","12":"tag-divertissement","13":"tag-edition-chambery-aix-les-bains","14":"tag-entertainment","15":"tag-fr","16":"tag-france","17":"tag-livres","18":"tag-livres-bd"},"share_on_mastodon":{"url":"https:\/\/pubeurope.com\/@fr\/115249498507764713","error":""},"_links":{"self":[{"href":"https:\/\/www.europesays.com\/fr\/wp-json\/wp\/v2\/posts\/410126","targetHints":{"allow":["GET"]}}],"collection":[{"href":"https:\/\/www.europesays.com\/fr\/wp-json\/wp\/v2\/posts"}],"about":[{"href":"https:\/\/www.europesays.com\/fr\/wp-json\/wp\/v2\/types\/post"}],"author":[{"embeddable":true,"href":"https:\/\/www.europesays.com\/fr\/wp-json\/wp\/v2\/users\/2"}],"replies":[{"embeddable":true,"href":"https:\/\/www.europesays.com\/fr\/wp-json\/wp\/v2\/comments?post=410126"}],"version-history":[{"count":0,"href":"https:\/\/www.europesays.com\/fr\/wp-json\/wp\/v2\/posts\/410126\/revisions"}],"wp:featuredmedia":[{"embeddable":true,"href":"https:\/\/www.europesays.com\/fr\/wp-json\/wp\/v2\/media\/410127"}],"wp:attachment":[{"href":"https:\/\/www.europesays.com\/fr\/wp-json\/wp\/v2\/media?parent=410126"}],"wp:term":[{"taxonomy":"category","embeddable":true,"href":"https:\/\/www.europesays.com\/fr\/wp-json\/wp\/v2\/categories?post=410126"},{"taxonomy":"post_tag","embeddable":true,"href":"https:\/\/www.europesays.com\/fr\/wp-json\/wp\/v2\/tags?post=410126"}],"curies":[{"name":"wp","href":"https:\/\/api.w.org\/{rel}","templated":true}]}}