{"id":410151,"date":"2025-09-22T19:14:13","date_gmt":"2025-09-22T19:14:13","guid":{"rendered":"https:\/\/www.europesays.com\/fr\/410151\/"},"modified":"2025-09-22T19:14:13","modified_gmt":"2025-09-22T19:14:13","slug":"samy-kefi-jerome-une-sextape-pour-un-siege-de-depute","status":"publish","type":"post","link":"https:\/\/www.europesays.com\/fr\/410151\/","title":{"rendered":"Samy K\u00e9fi-J\u00e9r\u00f4me, une sextape pour un si\u00e8ge de\u2026 d\u00e9put\u00e9"},"content":{"rendered":"<p>\u00ab Il me faudrait un avocat commis d\u2019office, et donc un ajournement du dossier pour que je puisse me concerter avec cet avocat. \u00bb C\u2019est quand m\u00eame ballot. <a href=\"https:\/\/www.leprogres.fr\/p\/pierre-gauttieri\" target=\"_blank\" rel=\"noopener\">Pierre Gauttieri<\/a>, l\u2019ancien directeur de cabinet de <a href=\"https:\/\/www.leprogres.fr\/p\/gael-perdriau\" target=\"_blank\" rel=\"noopener\">Ga\u00ebl Perdriau<\/a>, celui qui au temps de sa splendeur fanfaronnait \u00ab fonctionner comme un criminel \u00bb et dont les col\u00e8res fissuraient les murs de la mairie de Saint-Etienne, est devenu une toute petite chose. Qui, alors que d\u00e9marre un proc\u00e8s attendu depuis trois longues ann\u00e9es, prend soudainement conscience qu\u2019il serait judicieux de s\u2019adjoindre les services d\u2019un avocat\u2026<\/p>\n<p>Le proc\u00e8s flotte : y\u2019aura-t-il un renvoi ?<\/p>\n<p>Lundi matin, <a href=\"https:\/\/www.leprogres.fr\/faits-divers-justice\/2025\/09\/22\/proces-perdriau-trois-ans-apres-l-affaire-de-la-sextape-l-audience-s-ouvre-ce-lundi\" target=\"_blank\" rel=\"noopener\">le proc\u00e8s du Chantage \u00e0 la mairie de Saint-Etienne a flott\u00e9 une dizaine de minutes<\/a>. Allait-il \u00eatre renvoy\u00e9 parce que Pierre Gauttieri pr\u00e9tendait \u00ab n\u2019avoir pas r\u00e9ussi \u00e0 trouver un avocat \u00bb ? La tentative de putsch s\u2019est fracass\u00e9e contre le professionnalisme de la pr\u00e9sidente du tribunal correctionnel de Lyon. \u00ab Vous avez \u00e9t\u00e9 inform\u00e9 fin juillet, ainsi que le tribunal, du&#8230;<\/p>\n","protected":false},"excerpt":{"rendered":"\u00ab Il me faudrait un avocat commis d\u2019office, et donc un ajournement du dossier pour que je puisse&hellip;\n","protected":false},"author":2,"featured_media":410152,"comment_status":"","ping_status":"","sticky":false,"template":"","format":"standard","meta":{"footnotes":""},"categories":[9653],"tags":[1111,11,42797,2430,7539,1777,674,274,107,1011,27,3367,12,25,4001,7538],"class_list":{"0":"post-410151","1":"post","2":"type-post","3":"status-publish","4":"format-standard","5":"has-post-thumbnail","7":"category-saint-etienne","8":"tag-actu","9":"tag-actualites","10":"tag-affaire-perdriau","11":"tag-auvergne-rhone-alpes","12":"tag-edition-loire-sud","13":"tag-eu","14":"tag-europe","15":"tag-faits-divers-justice","16":"tag-fil-info","17":"tag-fr","18":"tag-france","19":"tag-loire","20":"tag-news","21":"tag-republique-francaise","22":"tag-saint-etienne","23":"tag-saint-etienne-ville"},"share_on_mastodon":{"url":"https:\/\/pubeurope.com\/@fr\/115249549448345461","error":""},"_links":{"self":[{"href":"https:\/\/www.europesays.com\/fr\/wp-json\/wp\/v2\/posts\/410151","targetHints":{"allow":["GET"]}}],"collection":[{"href":"https:\/\/www.europesays.com\/fr\/wp-json\/wp\/v2\/posts"}],"about":[{"href":"https:\/\/www.europesays.com\/fr\/wp-json\/wp\/v2\/types\/post"}],"author":[{"embeddable":true,"href":"https:\/\/www.europesays.com\/fr\/wp-json\/wp\/v2\/users\/2"}],"replies":[{"embeddable":true,"href":"https:\/\/www.europesays.com\/fr\/wp-json\/wp\/v2\/comments?post=410151"}],"version-history":[{"count":0,"href":"https:\/\/www.europesays.com\/fr\/wp-json\/wp\/v2\/posts\/410151\/revisions"}],"wp:featuredmedia":[{"embeddable":true,"href":"https:\/\/www.europesays.com\/fr\/wp-json\/wp\/v2\/media\/410152"}],"wp:attachment":[{"href":"https:\/\/www.europesays.com\/fr\/wp-json\/wp\/v2\/media?parent=410151"}],"wp:term":[{"taxonomy":"category","embeddable":true,"href":"https:\/\/www.europesays.com\/fr\/wp-json\/wp\/v2\/categories?post=410151"},{"taxonomy":"post_tag","embeddable":true,"href":"https:\/\/www.europesays.com\/fr\/wp-json\/wp\/v2\/tags?post=410151"}],"curies":[{"name":"wp","href":"https:\/\/api.w.org\/{rel}","templated":true}]}}