{"id":410157,"date":"2025-09-22T19:18:11","date_gmt":"2025-09-22T19:18:11","guid":{"rendered":"https:\/\/www.europesays.com\/fr\/410157\/"},"modified":"2025-09-22T19:18:11","modified_gmt":"2025-09-22T19:18:11","slug":"le-stade-mayol-de-toulon-ferme-pour-une-semaine","status":"publish","type":"post","link":"https:\/\/www.europesays.com\/fr\/410157\/","title":{"rendered":"le stade Mayol de Toulon ferm\u00e9 pour une semaine"},"content":{"rendered":"<p>            Par<br \/>\n        <strong><br \/>\n            <a href=\"https:\/\/actu.fr\/auteur\/guillemette-herve\" title=\"Consulter tous les articles de Agence de presse APEI\" target=\"_blank\" rel=\"noopener\">Agence de presse APEI<\/a><br \/>\n        <\/strong><\/p>\n<p>        Publi\u00e9 le<\/p>\n<p>            22 sept. 2025 \u00e0 18h12        <\/p>\n<p>Un violent orage s\u2019est abattu ce dimanche 21 septembre 2025 au soir sur Toulon et le stade Mayol, entra\u00eenant <strong>le report du match<\/strong> de cl\u00f4ture de la troisi\u00e8me journ\u00e9e de Top 14 entre le RCT et <a href=\"https:\/\/actu.fr\/nouvelle-aquitaine\/la-rochelle_17300\/pour-ce-celebre-festival-de-nombreuses-celebrites-sont-a-la-rochelle-voici-qui-vous-pouvez-croiser_63189044.html\" target=\"_blank\" rel=\"noopener\">La Rochelle<\/a> pour des raisons de s\u00e9curit\u00e9.<\/p>\n<p>Ferm\u00e9 une semaine<\/p>\n<p class=\" wall-content\">Suite \u00e0 ces pluies diluviennes, <strong>un arr\u00eat\u00e9 municipal<\/strong> a \u00e9t\u00e9 pris par la municipalit\u00e9 de <a href=\"https:\/\/actu.fr\/provence-alpes-cote-d-azur\/toulon_83137\/toulon-le-corps-d-un-policier-menotte-retrouve-dans-l-anse-magaud_63112148.html\" target=\"_blank\" rel=\"noopener\">Toulon<\/a>, ce lundi 22 septembre, pour fermer le stade Mayol pendant une semaine.\u00a0<\/p>\n<p class=\" wall-content\">Cet arr\u00eat\u00e9 pourra \u00eatre prolong\u00e9 si <strong>aucune am\u00e9lioration<\/strong> n\u2019est constat\u00e9e, a indiqu\u00e9 <a href=\"https:\/\/www.bfmtv.com\/var\/info-bfm-toulon-var-le-stade-mayol-ferme-pendant-une-semaine-apres-les-intemperies_AN-202509220666.html\" target=\"_blank\" rel=\"noopener\">BFM TV<\/a>.<\/p>\n<p class=\" wall-content\">Personnalisez votre actualit\u00e9 en ajoutant vos villes et m\u00e9dias en favori avec <a href=\"https:\/\/moncompte.actu.fr\" title=\"D\u00e9couvez Mon Actu\" rel=\"nofollow noopener\" data-trk=\"{&quot;cta&quot;:{&quot;action&quot;:&quot;https:\\\/\\\/moncompte.actu.fr&quot;,&quot;category&quot;:&quot;mon compte&quot;,&quot;from&quot;:&quot;article footer&quot;,&quot;name&quot;:&quot;Mon actu&quot;,&quot;type&quot;:&quot;cta&quot;}}\" target=\"_blank\">Mon Actu<\/a>.<\/p>\n","protected":false},"excerpt":{"rendered":"Par Agence de presse APEI Publi\u00e9 le 22 sept. 2025 \u00e0 18h12 Un violent orage s\u2019est abattu ce&hellip;\n","protected":false},"author":2,"featured_media":410158,"comment_status":"","ping_status":"","sticky":false,"template":"","format":"standard","meta":{"footnotes":""},"categories":[9619],"tags":[1111,11,1777,674,1011,27,3059,2487,12,882,6717,25,2310],"class_list":{"0":"post-410157","1":"post","2":"type-post","3":"status-publish","4":"format-standard","5":"has-post-thumbnail","7":"category-toulon","8":"tag-actu","9":"tag-actualites","10":"tag-eu","11":"tag-europe","12":"tag-fr","13":"tag-france","14":"tag-intemperies","15":"tag-meteo","16":"tag-news","17":"tag-provence-alpes-cote-dazur","18":"tag-rct-rugby-club-toulonnais","19":"tag-republique-francaise","20":"tag-toulon"},"share_on_mastodon":{"url":"https:\/\/pubeurope.com\/@fr\/115249566580417758","error":""},"_links":{"self":[{"href":"https:\/\/www.europesays.com\/fr\/wp-json\/wp\/v2\/posts\/410157","targetHints":{"allow":["GET"]}}],"collection":[{"href":"https:\/\/www.europesays.com\/fr\/wp-json\/wp\/v2\/posts"}],"about":[{"href":"https:\/\/www.europesays.com\/fr\/wp-json\/wp\/v2\/types\/post"}],"author":[{"embeddable":true,"href":"https:\/\/www.europesays.com\/fr\/wp-json\/wp\/v2\/users\/2"}],"replies":[{"embeddable":true,"href":"https:\/\/www.europesays.com\/fr\/wp-json\/wp\/v2\/comments?post=410157"}],"version-history":[{"count":0,"href":"https:\/\/www.europesays.com\/fr\/wp-json\/wp\/v2\/posts\/410157\/revisions"}],"wp:featuredmedia":[{"embeddable":true,"href":"https:\/\/www.europesays.com\/fr\/wp-json\/wp\/v2\/media\/410158"}],"wp:attachment":[{"href":"https:\/\/www.europesays.com\/fr\/wp-json\/wp\/v2\/media?parent=410157"}],"wp:term":[{"taxonomy":"category","embeddable":true,"href":"https:\/\/www.europesays.com\/fr\/wp-json\/wp\/v2\/categories?post=410157"},{"taxonomy":"post_tag","embeddable":true,"href":"https:\/\/www.europesays.com\/fr\/wp-json\/wp\/v2\/tags?post=410157"}],"curies":[{"name":"wp","href":"https:\/\/api.w.org\/{rel}","templated":true}]}}