{"id":410161,"date":"2025-09-22T19:20:12","date_gmt":"2025-09-22T19:20:12","guid":{"rendered":"https:\/\/www.europesays.com\/fr\/410161\/"},"modified":"2025-09-22T19:20:12","modified_gmt":"2025-09-22T19:20:12","slug":"pourquoi-les-grands-chiens-patous-seront-ils-en-vedette","status":"publish","type":"post","link":"https:\/\/www.europesays.com\/fr\/410161\/","title":{"rendered":"pourquoi les grands chiens patous seront-ils en vedette\u00a0?"},"content":{"rendered":"<p>            Par<br \/>\n        <strong><br \/>\n            <a href=\"https:\/\/actu.fr\/auteur\/metropoop\" title=\"Consulter tous les articles de R\u00e9daction M\u00e9tropolitain\" target=\"_blank\" rel=\"noopener\">R\u00e9daction M\u00e9tropolitain<\/a><br \/>\n        <\/strong><\/p>\n<p>        Publi\u00e9 le<\/p>\n<p>            22 sept. 2025 \u00e0 20h37        <\/p>\n<p>Le traditionnel <strong>concours national de chiens de troupeaux sur brebis<\/strong> revient en cette fin septembre \u00e0 <strong>Saint-G\u00e9ly-du-Fes<\/strong>c, \u00e0 6 km au nord de Montpellier. Il se d\u00e9roulera le week-end du samedi 27 au dimanche 28 septembre 2025, de 9h \u00e0 17h sur le\u00a0terrain du Patus, route de Saint-Cl\u00e9ment-de-Rivi\u00e8re.<\/p>\n<p>    <a href=\"https:\/\/www.google.com\/maps\/embed?pb=!1m18!1m12!1m3!1d109416.27992213114!2d3.811140683045934!3d43.68509152712532!2m3!1f0!2f0!3f0!3m2!1i1024!2i768!4f13.1!3m3!1m2!1s0x12b6aa3351427ff9%3A0x4078821166abf20!2s34980%20Saint-G%C3%A9ly-du-Fesc!5e0!3m2!1sfr!2sfr!4v1758466081703!5m2!1sfr!2sfr\" title=\"Ouvrie le lien\" target=\"_blank\" rel=\"noopener\">Cliquez ici pour visualiser le contenu<\/a><\/p>\n<p class=\" wall-content\">C\u2019est un rendez-vous incontournable pour admirer le travail des chiens sur brebis. Sur le site, les visiteurs attendus nombreux en famille -entr\u00e9e gratuite- trouveront une\u00a0mini ferme, pourront faire des balades en cal\u00e8che, divers stands et des animations pour tous.\u00a0Une buvette et de la restauration seront \u00e9galement propos\u00e9es sur place.<\/p>\n<p class=\" wall-content\">Les chiens de troupeaux seront donc \u00e0 l\u2019honneur. Les <strong>patous<\/strong>, ces grands chiens de surveillance pour le b\u00e9tail, naissent au c\u0153ur des bergeries et grandissent au sein des troupeaux. \u00ab\u00a0Etant donn\u00e9 qu\u2019ils consid\u00e8rent les moutons qui les entourent comme leurs pairs, ils ressentent la responsabilit\u00e9 de les pr\u00e9server de toute intrusion ou perturbation\u00a0\u00bb, souligne un responsable de l\u2019organisation de ce concours national.<\/p>\n<p>Plan d\u2019action 2024-2029<\/p>\n<p class=\" wall-content\">Le plan national d\u2019action -PNA- 2024-2029 sur le loup et les activit\u00e9s d\u2019\u00e9levage, a mis en place dans la continuit\u00e9 des plans pr\u00e9c\u00e9dents un<strong> r\u00e9seau \u00ab chiens de protection \u00bb<\/strong> \u00e0 destination des \u00e9leveurs et des bergers. \u00a0Le mot \u00ab patou \u00bb d\u00e9nomme au sens strict les chiens de la race montagne des Pyr\u00e9n\u00e9es. Ce terme est d\u00e9riv\u00e9 du mot \u00ab pastre \u00bb qui signifiait \u00ab berger \u00bb et d\u00e9signait les chiens de berger, avant de ne faire r\u00e9f\u00e9rence qu\u2019au seul chien de montagne des Pyr\u00e9n\u00e9es.<\/p>\n<p class=\" wall-content\">Personnalisez votre actualit\u00e9 en ajoutant vos villes et m\u00e9dias en favori avec <a href=\"https:\/\/moncompte.actu.fr\" title=\"D\u00e9couvez Mon Actu\" rel=\"nofollow noopener\" data-trk=\"{&quot;cta&quot;:{&quot;action&quot;:&quot;https:\\\/\\\/moncompte.actu.fr&quot;,&quot;category&quot;:&quot;mon compte&quot;,&quot;from&quot;:&quot;article footer&quot;,&quot;name&quot;:&quot;Mon actu&quot;,&quot;type&quot;:&quot;cta&quot;}}\" target=\"_blank\">Mon Actu<\/a>.<\/p>\n","protected":false},"excerpt":{"rendered":"Par R\u00e9daction M\u00e9tropolitain Publi\u00e9 le 22 sept. 2025 \u00e0 20h37 Le traditionnel concours national de chiens de troupeaux&hellip;\n","protected":false},"author":2,"featured_media":410162,"comment_status":"","ping_status":"","sticky":false,"template":"","format":"standard","meta":{"footnotes":""},"categories":[9599],"tags":[1111,11,1867,4850,1777,674,1011,27,1652,2208,12,2680,25],"class_list":{"0":"post-410161","1":"post","2":"type-post","3":"status-publish","4":"format-standard","5":"has-post-thumbnail","7":"category-montpellier","8":"tag-actu","9":"tag-actualites","10":"tag-animaux","11":"tag-chien","12":"tag-eu","13":"tag-europe","14":"tag-fr","15":"tag-france","16":"tag-loisirs-culture","17":"tag-montpellier","18":"tag-news","19":"tag-occitanie","20":"tag-republique-francaise"},"share_on_mastodon":{"url":"","error":""},"_links":{"self":[{"href":"https:\/\/www.europesays.com\/fr\/wp-json\/wp\/v2\/posts\/410161","targetHints":{"allow":["GET"]}}],"collection":[{"href":"https:\/\/www.europesays.com\/fr\/wp-json\/wp\/v2\/posts"}],"about":[{"href":"https:\/\/www.europesays.com\/fr\/wp-json\/wp\/v2\/types\/post"}],"author":[{"embeddable":true,"href":"https:\/\/www.europesays.com\/fr\/wp-json\/wp\/v2\/users\/2"}],"replies":[{"embeddable":true,"href":"https:\/\/www.europesays.com\/fr\/wp-json\/wp\/v2\/comments?post=410161"}],"version-history":[{"count":0,"href":"https:\/\/www.europesays.com\/fr\/wp-json\/wp\/v2\/posts\/410161\/revisions"}],"wp:featuredmedia":[{"embeddable":true,"href":"https:\/\/www.europesays.com\/fr\/wp-json\/wp\/v2\/media\/410162"}],"wp:attachment":[{"href":"https:\/\/www.europesays.com\/fr\/wp-json\/wp\/v2\/media?parent=410161"}],"wp:term":[{"taxonomy":"category","embeddable":true,"href":"https:\/\/www.europesays.com\/fr\/wp-json\/wp\/v2\/categories?post=410161"},{"taxonomy":"post_tag","embeddable":true,"href":"https:\/\/www.europesays.com\/fr\/wp-json\/wp\/v2\/tags?post=410161"}],"curies":[{"name":"wp","href":"https:\/\/api.w.org\/{rel}","templated":true}]}}