{"id":410169,"date":"2025-09-22T19:26:02","date_gmt":"2025-09-22T19:26:02","guid":{"rendered":"https:\/\/www.europesays.com\/fr\/410169\/"},"modified":"2025-09-22T19:26:02","modified_gmt":"2025-09-22T19:26:02","slug":"grenoble-ce-pont-ultra-frequente-rouvre-aux-automobilistes-apres-de-longs-travaux","status":"publish","type":"post","link":"https:\/\/www.europesays.com\/fr\/410169\/","title":{"rendered":"Grenoble. Ce pont ultra fr\u00e9quent\u00e9 rouvre aux automobilistes apr\u00e8s de longs travaux"},"content":{"rendered":"<p>            Par<br \/>\n        <strong><br \/>\n            <a href=\"https:\/\/actu.fr\/auteur\/redaction-grenoble\" title=\"Consulter tous les articles de R\u00e9daction Grenoble\" target=\"_blank\" rel=\"noopener\">R\u00e9daction Grenoble<\/a><br \/>\n        <\/strong><\/p>\n<p>        Publi\u00e9 le<\/p>\n<p>            22 sept. 2025 \u00e0 12h08        <\/p>\n<p>C\u2019est l\u2019une des voies principales pour entrer dans l\u2019agglom\u00e9ration de <a href=\"https:\/\/actu.fr\/auvergne-rhone-alpes\/grenoble_38185\" target=\"_blank\" rel=\"noopener\">Grenoble<\/a>, et notamment sur la Presqu\u2019\u00eele et sa zone d\u2019activit\u00e9s. Le <strong>pont d\u2019Oxford<\/strong> est chaque jour emprunt\u00e9 par plus de 12 000 v\u00e9hicules, mais est compl\u00e8tement ferm\u00e9 \u00e0 la circulation depuis le mois de mai.<\/p>\n<p class=\" wall-content\">Cela fait donc presque quatre mois que les automobilistes sont oblig\u00e9s de contourner le secteur. Mais depuis lundi 22 septembre au matin, la <strong>travers\u00e9e du pont est \u00e0 nouveau possible<\/strong>.<\/p>\n<p>Fermeture maintenue la nuit<\/p>\n<p class=\" wall-content\">Le pont d\u2019Oxford est donc rouvert en journ\u00e9e pour les voitures, bus et autres v\u00e9hicules motoris\u00e9s, et ce m\u00eame le week-end. Les v\u00e9los et pi\u00e9tons peuvent toujours continuer d\u2019emprunter le pont par la passerelle Pique Pierre.\u00a0<\/p>\n<p>    <a href=\"https:\/\/www.facebook.com\/plugins\/post.php?href=https%3A%2F%2Fwww.facebook.com%2Fgrenoble.alpes.metropole%2Fposts%2Fpfbid02sbM1ong1eq5cAzjbjzNiWYaodeo9SPZeHTwQGpvXVQDkP7m7TXm4jCwX5BV1RNCbl&amp;show_text=true&amp;width=350\" title=\"Ouvrie le lien\" target=\"_blank\" rel=\"noopener\">Cliquez ici pour visualiser le contenu<\/a><\/p>\n<p class=\" wall-content\">Le pont d\u2019Oxford reste toutefois <strong>compl\u00e8tement ferm\u00e9 \u00e0 la circulation la nuit<\/strong>, de 20h30 \u00e0 6 heures, pour permettre le <a href=\"https:\/\/actu.fr\/auvergne-rhone-alpes\/grenoble_38185\/pourquoi-la-circulation-sur-ce-pont-en-entree-de-grenoble-va-rester-interdite-tout-l-ete_62916011.html\" target=\"_blank\" rel=\"noopener\">d\u00e9montage du chantier<\/a>. Les travaux sont cens\u00e9s se terminer au d\u00e9but du mois de novembre.<\/p>\n<p class=\" wall-content\">Personnalisez votre actualit\u00e9 en ajoutant vos villes et m\u00e9dias en favori avec <a href=\"https:\/\/moncompte.actu.fr\" title=\"D\u00e9couvez Mon Actu\" rel=\"nofollow noopener\" data-trk=\"{&quot;cta&quot;:{&quot;action&quot;:&quot;https:\\\/\\\/moncompte.actu.fr&quot;,&quot;category&quot;:&quot;mon compte&quot;,&quot;from&quot;:&quot;article footer&quot;,&quot;name&quot;:&quot;Mon actu&quot;,&quot;type&quot;:&quot;cta&quot;}}\" target=\"_blank\">Mon Actu<\/a>.<\/p>\n","protected":false},"excerpt":{"rendered":"Par R\u00e9daction Grenoble Publi\u00e9 le 22 sept. 2025 \u00e0 12h08 C\u2019est l\u2019une des voies principales pour entrer dans&hellip;\n","protected":false},"author":2,"featured_media":410170,"comment_status":"","ping_status":"","sticky":false,"template":"","format":"standard","meta":{"footnotes":""},"categories":[9566],"tags":[1111,11,2430,3542,1777,674,1011,27,2731,803,12,25,104,2086],"class_list":{"0":"post-410169","1":"post","2":"type-post","3":"status-publish","4":"format-standard","5":"has-post-thumbnail","7":"category-grenoble","8":"tag-actu","9":"tag-actualites","10":"tag-auvergne-rhone-alpes","11":"tag-circulation","12":"tag-eu","13":"tag-europe","14":"tag-fr","15":"tag-france","16":"tag-grenoble","17":"tag-info-trafic","18":"tag-news","19":"tag-republique-francaise","20":"tag-societe","21":"tag-travaux"},"share_on_mastodon":{"url":"https:\/\/pubeurope.com\/@fr\/115249596644706725","error":""},"_links":{"self":[{"href":"https:\/\/www.europesays.com\/fr\/wp-json\/wp\/v2\/posts\/410169","targetHints":{"allow":["GET"]}}],"collection":[{"href":"https:\/\/www.europesays.com\/fr\/wp-json\/wp\/v2\/posts"}],"about":[{"href":"https:\/\/www.europesays.com\/fr\/wp-json\/wp\/v2\/types\/post"}],"author":[{"embeddable":true,"href":"https:\/\/www.europesays.com\/fr\/wp-json\/wp\/v2\/users\/2"}],"replies":[{"embeddable":true,"href":"https:\/\/www.europesays.com\/fr\/wp-json\/wp\/v2\/comments?post=410169"}],"version-history":[{"count":0,"href":"https:\/\/www.europesays.com\/fr\/wp-json\/wp\/v2\/posts\/410169\/revisions"}],"wp:featuredmedia":[{"embeddable":true,"href":"https:\/\/www.europesays.com\/fr\/wp-json\/wp\/v2\/media\/410170"}],"wp:attachment":[{"href":"https:\/\/www.europesays.com\/fr\/wp-json\/wp\/v2\/media?parent=410169"}],"wp:term":[{"taxonomy":"category","embeddable":true,"href":"https:\/\/www.europesays.com\/fr\/wp-json\/wp\/v2\/categories?post=410169"},{"taxonomy":"post_tag","embeddable":true,"href":"https:\/\/www.europesays.com\/fr\/wp-json\/wp\/v2\/tags?post=410169"}],"curies":[{"name":"wp","href":"https:\/\/api.w.org\/{rel}","templated":true}]}}