{"id":410173,"date":"2025-09-22T19:28:23","date_gmt":"2025-09-22T19:28:23","guid":{"rendered":"https:\/\/www.europesays.com\/fr\/410173\/"},"modified":"2025-09-22T19:28:23","modified_gmt":"2025-09-22T19:28:23","slug":"un-nouveau-visage-et-une-nouvelle-image-dans-ce-quartier-sensible-de-rennes-cette-ecole-va-etre-rasee-puis-reconstruite","status":"publish","type":"post","link":"https:\/\/www.europesays.com\/fr\/410173\/","title":{"rendered":"\u00ab\u00a0Un nouveau visage et une nouvelle image\u00a0\u00bb\u00a0: dans ce quartier sensible de Rennes, cette \u00e9cole va \u00eatre ras\u00e9e, puis reconstruite"},"content":{"rendered":"<p>\u00c0 Rennes, les r\u00e9novations d\u2019\u00e9cole sont fr\u00e9quentes, les reconstructions compl\u00e8tes un peu moins. C\u2019est ce qui va arriver \u00e0 l\u2019\u00e9cole primaire Tr\u00e9gain. \u00c0 partir du premier semestre 2028, le groupe scolaire du quartier de Maurepas va \u00eatre d\u00e9moli puis reconstruit, comme l\u2019a ent\u00e9rin\u00e9 le conseil municipal de ce lundi 22 septembre 2025. Et les enfants du quartier \u00e9tudieront dans leur toute nouvelle \u00e9cole \u00e0 partir de la rentr\u00e9e scolaire 2030-2031.<\/p>\n<p>\u00ab L\u2019\u00e9cole actuelle est ancienne et pr\u00e9sente des probl\u00e8mes de maintenance. Or, il \u00e9tait tr\u00e8s co\u00fbteux \u00e0 r\u00e9nover \u00bb, pointe Ga\u00eblle Rougier, deuxi\u00e8me adjointe d\u00e9l\u00e9gu\u00e9e \u00e0 l\u2019\u00c9ducation. Construite en 1954, l\u2019\u00e9cole est \u00ab \u00e9clat\u00e9e en plusieurs b\u00e2timents de part et d\u2019autre d\u2019un cheminement public. Cette nouvelle \u00e9cole sera plus compacte et fonctionnelle \u00bb. Co\u00fbt total des travaux : 20 M\u20ac, dont 3 M\u20ac au titre de l\u2019Anru (Agence nationale pour la r\u00e9novation urbaine).<\/p>\n<p>Capacit\u00e9 de 420 \u00e9l\u00e8ves<\/p>\n<p>Les nouveaux b\u00e2timents, d\u2019une surface de 3 800 m\u00b2, permettront de lib\u00e9rer plus d\u2019un hectare de foncier. 700 m\u00b2 seront notamment d\u00e9volus au p\u00f4le commun aux deux \u00e9coles, 1 800 m\u00b2 pour le p\u00f4le enseignement, 400 m\u00b2 pour le restaurant scolaire et 100 m\u00b2 pour le p\u00e9riscolaire. Ce nouveau groupe scolaire pourra accueillir 420 \u00e9l\u00e8ves, dont 160 de maternelle r\u00e9partis en huit classes, et 260 en \u00e9l\u00e9mentaire, \u00e9galement r\u00e9partis en huit classes. \u00ab L\u2019\u00e9l\u00e9mentaire se situera au premier \u00e9tage et la maternelle au rez-de-chauss\u00e9e. L\u2019\u00e9cole sera raccord\u00e9e au r\u00e9seau de chaleur urbain et \u00e9quip\u00e9e de panneaux photovolta\u00efques, pr\u00e9cise Ga\u00eblle Rougier. La chaleur estivale sera \u00e9galement prise en compte dans la conception \u00bb.<\/p>\n<p>Le temps des travaux, les \u00e9l\u00e8ves n\u2019auront pas \u00e0 d\u00e9m\u00e9nager de leur \u00e9cole. \u00ab Avec la cr\u00e9ation de l\u2019\u00e9cole Toni-Morrison dans le quartier, l\u2019espace rendu disponible \u00e0 Tr\u00e9gain permettra de transf\u00e9rer les enfants de l\u2019\u00e9l\u00e9mentaire vers les locaux de la maternelle le temps des travaux, et inversement \u00bb, explique la maire de Rennes Nathalie App\u00e9r\u00e9.<\/p>\n<p>En premi\u00e8re ligne lors de la guerre de territoire de Maurepas<\/p>\n<p>\u00ab Ce sera un nouveau visage et une nouvelle image pour cette \u00e9cole \u00bb, ajoute Ga\u00eblle Rougier. Situ\u00e9e dans un quartier sensible de la ville, l\u2019\u00e9cole Tr\u00e9gain a \u00e9t\u00e9 en premi\u00e8re ligne de la guerre de territoire sur fonds de narcotrafic \u00e0 l\u2019automne 2024. D\u00e9but octobre 2024, l\u2019\u00e9cole a \u00e9t\u00e9 <a href=\"https:\/\/www.letelegramme.fr\/ille-et-vilaine\/rennes-35000\/au-milieu-dune-guerre-de-territoire-entre-dealers-une-ecole-de-rennes-confinee-deux-fois-en-deux-jours-6674254.php\" target=\"_blank\" rel=\"noopener\">confin\u00e9e deux jours suite \u00e0 une fusillade<\/a> \u00e0 proximit\u00e9. Fusillade au cours de laquelle des trafiquants arm\u00e9s ont \u00e9t\u00e9 aper\u00e7us traversant le passage public qui s\u00e9pare la maternelle du primaire. Avec ce nouveau visage, et une physionomie repens\u00e9e, l\u2019\u00e9cole Tr\u00e9gain \u00ab tournera le dos \u00e0 la rue de Tr\u00e9gain pour regarder vers le P\u00f4le associatif de la Marbaudais et la nouvelle aire de jeux \u00bb.<\/p>\n<p>L\u2019opposition d\u00e9nonce \u00ab la pr\u00e9sence de rats \u00bb<\/p>\n<p>Selon l\u2019\u00e9lue d\u2019opposition Carole Gandon (groupe R\u00e9v\u00e9ler Rennes), la construction de cette nouvelle \u00e9cole rev\u00eat d\u2019abord un but \u00e9lectoraliste. \u00ab Vous aviez inscrit la reconstruction de cette \u00e9cole lors de votre programme 2020 et vous la votez six mois avant les \u00e9lections. Or, la reconstruction de Tr\u00e9gain \u00e9tait indispensable, pointe l\u2019\u00e9lue rennaise. Nous avons constat\u00e9 la pr\u00e9sence de vermine dans les couloirs, sanitaires et classes, mais ce qui est intol\u00e9rable, c\u2019est la pr\u00e9sence r\u00e9guli\u00e8re de rats. Vous n\u2019avez jamais pris ce probl\u00e8me \u00e0 bras-le-corps. \u00bb<\/p>\n<p>\u00ab Dans les \u00e9coles, il peut y avoir des rats. C\u2019est d\u00fb \u00e0 la v\u00e9tust\u00e9 de l\u2019\u00e9cole Tr\u00e9gain, mais l\u2019action de la ville a \u00e9t\u00e9 imm\u00e9diate, dans la journ\u00e9e. Et nous menons un plan d\u2019action pr\u00e9ventif, avec plus de 200 pi\u00e8ges \u00e0 Maurepas \u00bb, lui a r\u00e9pondu Ga\u00eblle Rougier. Avant de d\u00e9fendre son bilan : \u00ab \u00c7a a \u00e9t\u00e9 un mandat au cours duquel les r\u00e9novations d\u2019\u00e9cole ont \u00e9t\u00e9 importantes et qualitatives, \u00e0 Volga, Guyenne, Clemenceau, Jean-Moulin et j\u2019en oublie. Nous d\u00e9passerons les 100 millions d\u2019euros d\u2019investissement sur ce mandat dans les \u00e9coles \u00bb.<\/p>\n","protected":false},"excerpt":{"rendered":"\u00c0 Rennes, les r\u00e9novations d\u2019\u00e9cole sont fr\u00e9quentes, les reconstructions compl\u00e8tes un peu moins. C\u2019est ce qui va arriver&hellip;\n","protected":false},"author":2,"featured_media":410174,"comment_status":"","ping_status":"","sticky":false,"template":"","format":"standard","meta":{"footnotes":""},"categories":[2821],"tags":[1111,11,829,1777,674,1011,27,848,12,50972,584,25],"class_list":{"0":"post-410173","1":"post","2":"type-post","3":"status-publish","4":"format-standard","5":"has-post-thumbnail","7":"category-rennes","8":"tag-actu","9":"tag-actualites","10":"tag-bretagne","11":"tag-eu","12":"tag-europe","13":"tag-fr","14":"tag-france","15":"tag-ille-et-vilaine","16":"tag-news","17":"tag-newsletter-la-rennes-quotidienne","18":"tag-rennes","19":"tag-republique-francaise"},"share_on_mastodon":{"url":"https:\/\/pubeurope.com\/@fr\/115249604544567394","error":""},"_links":{"self":[{"href":"https:\/\/www.europesays.com\/fr\/wp-json\/wp\/v2\/posts\/410173","targetHints":{"allow":["GET"]}}],"collection":[{"href":"https:\/\/www.europesays.com\/fr\/wp-json\/wp\/v2\/posts"}],"about":[{"href":"https:\/\/www.europesays.com\/fr\/wp-json\/wp\/v2\/types\/post"}],"author":[{"embeddable":true,"href":"https:\/\/www.europesays.com\/fr\/wp-json\/wp\/v2\/users\/2"}],"replies":[{"embeddable":true,"href":"https:\/\/www.europesays.com\/fr\/wp-json\/wp\/v2\/comments?post=410173"}],"version-history":[{"count":0,"href":"https:\/\/www.europesays.com\/fr\/wp-json\/wp\/v2\/posts\/410173\/revisions"}],"wp:featuredmedia":[{"embeddable":true,"href":"https:\/\/www.europesays.com\/fr\/wp-json\/wp\/v2\/media\/410174"}],"wp:attachment":[{"href":"https:\/\/www.europesays.com\/fr\/wp-json\/wp\/v2\/media?parent=410173"}],"wp:term":[{"taxonomy":"category","embeddable":true,"href":"https:\/\/www.europesays.com\/fr\/wp-json\/wp\/v2\/categories?post=410173"},{"taxonomy":"post_tag","embeddable":true,"href":"https:\/\/www.europesays.com\/fr\/wp-json\/wp\/v2\/tags?post=410173"}],"curies":[{"name":"wp","href":"https:\/\/api.w.org\/{rel}","templated":true}]}}