{"id":410178,"date":"2025-09-22T19:31:17","date_gmt":"2025-09-22T19:31:17","guid":{"rendered":"https:\/\/www.europesays.com\/fr\/410178\/"},"modified":"2025-09-22T19:31:17","modified_gmt":"2025-09-22T19:31:17","slug":"le-tribunal-administratif-saisi-en-refere-par-le-prefet-ordonne-lextinction-des-illuminations","status":"publish","type":"post","link":"https:\/\/www.europesays.com\/fr\/410178\/","title":{"rendered":"le tribunal administratif, saisi en r\u00e9f\u00e9r\u00e9 par le pr\u00e9fet, ordonne l\u2019extinction des illuminations"},"content":{"rendered":"<p>Strasbourg a embo\u00eet\u00e9 le pas, ce lundi, \u00e0 la cinquantaine de villes en France qui ont marqu\u00e9 la reconnaissance de la Palestine. La municipalit\u00e9 \u00e9cologiste est la seule en Alsace \u00e0 avoir brav\u00e9 l\u2019interdiction du minist\u00e8re de l\u2019Int\u00e9rieur pour \u00ab\u00a0faire \u00e9cho, ici \u00e0 Strasbourg, \u00e0 la reconnaissance de la Palestine par la France, qui sera act\u00e9e par le pr\u00e9sident de la R\u00e9publique dans l\u2019enceinte de <a href=\"https:\/\/www.dna.fr\/defense-guerre-conflit\/2025\/09\/22\/la-france-va-reconnaitre-l-etat-de-palestine-ce-lundi-un-processus-de-paix-est-il-possible\" target=\"_blank\" rel=\"noopener\">l\u2019Onu \u00e0 New York<\/a> \u00a0\u00bb, pr\u00e9cisait <a href=\"https:\/\/www.dna.fr\/p\/jeanne-barseghian\" target=\"_blank\" rel=\"noopener\">Jeanne Barseghian<\/a> sur son compte Facebook. Sans aller jusqu\u2019\u00e0 hisser le drapeau palestinien, la m\u00e9tropole alsacienne a projet\u00e9 ses couleurs sur l\u2019h\u00f4tel de ville \u00e0 la nuit tomb\u00e9e. \u00ab\u00a0Cette lumi\u00e8re symbolise notre soutien aux efforts diplomatiques en faveur d\u2019une paix juste et durable, o\u00f9 deux \u00c9tats \u2013 Isra\u00ebl et la Palestine \u2013 pourraient enfin coexister en s\u00e9curit\u00e9\u00a0\u00bb, ajoute la maire. Mais l\u2019illumination n\u2019a pas dur\u00e9 longtemps. Une demi-heure au mieux. Alors que les couleurs de la Palestine ont illumin\u00e9 la fa\u00e7ade de l\u2019h\u00f4tel Broglie \u00e0 19h30, le tribunal administratif, saisi par le pr\u00e9fet, a ordonn\u00e9 leur extinction\u2026 via un communiqu\u00e9, envoy\u00e9 vers 20\u00a0h. Le pr\u00e9fet, Jacques Witkowski, avait saisi en r\u00e9f\u00e9r\u00e9 suspension le tribunal administratif vers 17\u00a0h.<\/p>\n<p>  \u00ab\u00a0Cette d\u00e9cision refl\u00e8te une opinion politique sur le conflit en cours\u00a0\u00bb<\/p>\n<p>\u00ab\u00a0Le juge des r\u00e9f\u00e9r\u00e9s du tribunal a \u00e9t\u00e9 saisi par le pr\u00e9fet du Bas-Rhin d\u2019un recours contre la d\u00e9cision de la maire de Strasbourg d\u2019illuminer l\u2019h\u00f4tel de ville aux couleurs du drapeau palestinien, le 22\u00a0septembre 2025, dans le cadre de la reconnaissance par la France de l\u2019Etat de Palestine\u00a0\u00bb, a indiqu\u00e9 le tribunal administratif de Strasbourg. \u00ab\u00a0Apr\u00e8s avoir rappel\u00e9 que le principe de neutralit\u00e9 des services publics s\u2019opposait \u00e0 ce que soient appos\u00e9s sur les \u00e9difices publics des signes symbolisant la revendication d\u2019opinions politiques, religieuses ou philosophiques, le juge, par une ordonnance rendue ce jour (lundi 22\u00a0septembre, NDLR), a suspendu la d\u00e9cision de la maire de Strasbourg, estimant qu\u2019elle refl\u00e9tait une opinion politique sur un conflit international en cours.\u00a0\u00bb<\/p>\n<p>  \u00ab\u00a0Calcul \u00e9lectoral<\/p>\n<p>De quoi satisfaire les opposants \u00e0 la maire de Strasbourg. Qui d\u00e9non\u00e7aient dans cette op\u00e9ration, avant m\u00eame son interdiction, un simple \u00ab\u00a0calcul \u00e9lectoral\u00a0\u00bb, comme le soulignait l\u2019opposant (LR) <a href=\"https:\/\/www.dna.fr\/politique\/2025\/07\/08\/a-strasbourg-vetter-lance-un-appel-a-l-union-des-le-premier-tour\" target=\"_blank\" rel=\"noopener\"> Jean-Philippe Vetter<\/a> , tandis que le centriste <a href=\"https:\/\/www.dna.fr\/elections\/2025\/09\/04\/a-strasbourg-jakubowicz-se-declare-candidat-pour-faire-bouger-les-lignes\" target=\"_blank\" rel=\"noopener\">Pierre Jakubowicz<\/a> soup\u00e7onnait Jeanne Barseghian d\u2019importer \u00e0 Strasbourg \u00ab\u00a0le conflit dans le cadre de sa primaire avec LFI \u00e0 l\u2019extr\u00eame gauche\u00a0\u00bb. Il l\u2019accusait de se conduire \u00ab\u00a0en militante plut\u00f4t qu\u2019en maire\u00a0\u00bb.<\/p>\n<p>\u00ab\u00a0Vous ne respectez ni la neutralit\u00e9 r\u00e9publicaine, ni le nouvel an h\u00e9bra\u00efque qu\u2019une partie de vos administr\u00e9s va f\u00eater\u00a0\u00bb, estimaient pour leur part les repr\u00e9sentants du Crif en Alsace.<\/p>\n<p>  \u00ab\u00a0Vers une paix v\u00e9ritable\u00a0\u00bb<\/p>\n<p>Ce lundi, une <a href=\"https:\/\/www.lemonde.fr\/politique\/article\/2025\/09\/22\/des-drapeaux-palestiniens-au-fronton-des-mairies-malgre-la-mise-en-garde-du-ministere-de-l-interieur_6642396_823448.html\" target=\"_blank\" rel=\"noopener\">cinquantaine d\u2019autres mairies<\/a> , principalement de gauche, ont suivi ce mouvement en ordre dispers\u00e9\u00a0: la majorit\u00e9 (Lyon, Nantes\u2026) a tout simplement hiss\u00e9 le drapeau palestinien, certaines (Saint-Ouen) ont hiss\u00e9 les drapeaux isra\u00e9lien et palestinien c\u00f4te \u00e0 c\u00f4te.<\/p>\n<p>C\u2019est ce dernier choix, \u00ab\u00a0seul geste d\u2019apaisement\u00a0\u00bb possible, que Thierry Roos, consul honoraire d\u2019Isra\u00ebl \u00e0 Strasbourg, aurait pr\u00e9f\u00e9r\u00e9 voir adopt\u00e9, accompagn\u00e9 \u00ab\u00a0du ruban en hommage aux otages\u00a0\u00bb a-t-il \u00e9crit \u00e0 Jeanne Barseghian. \u00ab\u00a0Nous n\u2019oublions ni les otages du Hamas ni les victimes civiles\u00a0\u00bb, lui r\u00e9pond le message de la maire sur Facebook. \u00ab\u00a0Leur souffrance rappelle l\u2019urgence d\u2019un cessez-le-feu imm\u00e9diat et d\u2019une solution politique, seule voie vers une paix v\u00e9ritable\u00a0\u00bb.<\/p>\n","protected":false},"excerpt":{"rendered":"Strasbourg a embo\u00eet\u00e9 le pas, ce lundi, \u00e0 la cinquantaine de villes en France qui ont marqu\u00e9 la&hellip;\n","protected":false},"author":2,"featured_media":410179,"comment_status":"","ping_status":"","sticky":false,"template":"","format":"standard","meta":{"footnotes":""},"categories":[2820],"tags":[1111,11,2389,2649,3206,2880,1777,674,107,1011,27,775,937,3539,12,316,5889,25,104,640,2879],"class_list":{"0":"post-410178","1":"post","2":"type-post","3":"status-publish","4":"format-standard","5":"has-post-thumbnail","7":"category-strasbourg","8":"tag-actu","9":"tag-actualites","10":"tag-alsace","11":"tag-bas-rhin","12":"tag-defense-guerre-conflit","13":"tag-edition-strasbourg","14":"tag-eu","15":"tag-europe","16":"tag-fil-info","17":"tag-fr","18":"tag-france","19":"tag-grand-est","20":"tag-histoire","21":"tag-les-ecologistes","22":"tag-news","23":"tag-politique","24":"tag-religion-croyance","25":"tag-republique-francaise","26":"tag-societe","27":"tag-strasbourg","28":"tag-strasbourg-ville"},"share_on_mastodon":{"url":"https:\/\/pubeurope.com\/@fr\/115249616511665230","error":""},"_links":{"self":[{"href":"https:\/\/www.europesays.com\/fr\/wp-json\/wp\/v2\/posts\/410178","targetHints":{"allow":["GET"]}}],"collection":[{"href":"https:\/\/www.europesays.com\/fr\/wp-json\/wp\/v2\/posts"}],"about":[{"href":"https:\/\/www.europesays.com\/fr\/wp-json\/wp\/v2\/types\/post"}],"author":[{"embeddable":true,"href":"https:\/\/www.europesays.com\/fr\/wp-json\/wp\/v2\/users\/2"}],"replies":[{"embeddable":true,"href":"https:\/\/www.europesays.com\/fr\/wp-json\/wp\/v2\/comments?post=410178"}],"version-history":[{"count":0,"href":"https:\/\/www.europesays.com\/fr\/wp-json\/wp\/v2\/posts\/410178\/revisions"}],"wp:featuredmedia":[{"embeddable":true,"href":"https:\/\/www.europesays.com\/fr\/wp-json\/wp\/v2\/media\/410179"}],"wp:attachment":[{"href":"https:\/\/www.europesays.com\/fr\/wp-json\/wp\/v2\/media?parent=410178"}],"wp:term":[{"taxonomy":"category","embeddable":true,"href":"https:\/\/www.europesays.com\/fr\/wp-json\/wp\/v2\/categories?post=410178"},{"taxonomy":"post_tag","embeddable":true,"href":"https:\/\/www.europesays.com\/fr\/wp-json\/wp\/v2\/tags?post=410178"}],"curies":[{"name":"wp","href":"https:\/\/api.w.org\/{rel}","templated":true}]}}