{"id":410199,"date":"2025-09-22T19:43:12","date_gmt":"2025-09-22T19:43:12","guid":{"rendered":"https:\/\/www.europesays.com\/fr\/410199\/"},"modified":"2025-09-22T19:43:12","modified_gmt":"2025-09-22T19:43:12","slug":"un-juge-du-tribunal-judiciaire-de-marseille-suspendu-apres-la-decouverte-tardive-du-cadavre-de-sa-mere","status":"publish","type":"post","link":"https:\/\/www.europesays.com\/fr\/410199\/","title":{"rendered":"Un juge du tribunal judiciaire de Marseille suspendu apr\u00e8s la d\u00e9couverte tardive du cadavre de sa m\u00e8re"},"content":{"rendered":"<p>Ce sont les voisins de l&rsquo;appartement familial du 4e arrondissement, dans le centre-ville de la cit\u00e9 phoc\u00e9enne, qui alert\u00e9s par l&rsquo;odeur, avaient requis l&rsquo;intervention des marins-pompiers puis de la police le 25 juin dernier, entra\u00eenant la macabre d\u00e9couverte.\u00a0 Le corps avait \u00e9t\u00e9 transf\u00e9r\u00e9 \u00e0 l&rsquo;institut m\u00e9dico-l\u00e9gal pour autopsie. Elle serait d\u00e9c\u00e9d\u00e9e d\u00e9but juin, sa d\u00e9pouille aurait \u00e9t\u00e9 retrouv\u00e9e en \u00e9tat de d\u00e9composition au pied de son lit. Son fils, qui s&rsquo;\u00e9tait pr\u00e9sent\u00e9 \u00e0 l&rsquo;appartement peu de temps apr\u00e8s, avait \u00e9t\u00e9 plac\u00e9 en garde \u00e0 vue par les policiers marseillais. Il a depuis \u00e9t\u00e9 suspendu, n&rsquo;exer\u00e7ant plus aucune fonction juridictionnelle au sein du tribunal judiciaire.<\/p>\n<p>Mis en examen \u00e0 Aix<\/p>\n<p>Discr\u00e8tement d\u00e9localis\u00e9 \u00e0 <a href=\"https:\/\/www.laprovence.com\/bouches-du-rhone\/aix-en-provence-13001\" target=\"_blank\" rel=\"noopener\">Aix-en-Provence<\/a> afin d&rsquo;\u00e9viter les soup\u00e7ons de collusion, le dossier a \u00e9t\u00e9 pris en charge par un juge d&rsquo;instruction aixois, lequel a proc\u00e9d\u00e9 \u00e0 la mise en exame&#8230;<\/p>\n","protected":false},"excerpt":{"rendered":"Ce sont les voisins de l&rsquo;appartement familial du 4e arrondissement, dans le centre-ville de la cit\u00e9 phoc\u00e9enne, qui&hellip;\n","protected":false},"author":2,"featured_media":410200,"comment_status":"","ping_status":"","sticky":false,"template":"","format":"standard","meta":{"footnotes":""},"categories":[2814],"tags":[17,1111,11,150,5975,1777,674,274,1011,27,8639,9342,884,12,882,25,20719,3693],"class_list":{"0":"post-410199","1":"post","2":"type-post","3":"status-publish","4":"format-standard","5":"has-post-thumbnail","7":"category-marseille","8":"tag-17","9":"tag-actu","10":"tag-actualites","11":"tag-apres","12":"tag-decouverte","13":"tag-eu","14":"tag-europe","15":"tag-faits-divers-justice","16":"tag-fr","17":"tag-france","18":"tag-judiciaire","19":"tag-juge","20":"tag-marseille","21":"tag-news","22":"tag-provence-alpes-cote-dazur","23":"tag-republique-francaise","24":"tag-suspendu","25":"tag-tribunal"},"share_on_mastodon":{"url":"https:\/\/pubeurope.com\/@fr\/115249663528813998","error":""},"_links":{"self":[{"href":"https:\/\/www.europesays.com\/fr\/wp-json\/wp\/v2\/posts\/410199","targetHints":{"allow":["GET"]}}],"collection":[{"href":"https:\/\/www.europesays.com\/fr\/wp-json\/wp\/v2\/posts"}],"about":[{"href":"https:\/\/www.europesays.com\/fr\/wp-json\/wp\/v2\/types\/post"}],"author":[{"embeddable":true,"href":"https:\/\/www.europesays.com\/fr\/wp-json\/wp\/v2\/users\/2"}],"replies":[{"embeddable":true,"href":"https:\/\/www.europesays.com\/fr\/wp-json\/wp\/v2\/comments?post=410199"}],"version-history":[{"count":0,"href":"https:\/\/www.europesays.com\/fr\/wp-json\/wp\/v2\/posts\/410199\/revisions"}],"wp:featuredmedia":[{"embeddable":true,"href":"https:\/\/www.europesays.com\/fr\/wp-json\/wp\/v2\/media\/410200"}],"wp:attachment":[{"href":"https:\/\/www.europesays.com\/fr\/wp-json\/wp\/v2\/media?parent=410199"}],"wp:term":[{"taxonomy":"category","embeddable":true,"href":"https:\/\/www.europesays.com\/fr\/wp-json\/wp\/v2\/categories?post=410199"},{"taxonomy":"post_tag","embeddable":true,"href":"https:\/\/www.europesays.com\/fr\/wp-json\/wp\/v2\/tags?post=410199"}],"curies":[{"name":"wp","href":"https:\/\/api.w.org\/{rel}","templated":true}]}}