{"id":410215,"date":"2025-09-22T19:52:16","date_gmt":"2025-09-22T19:52:16","guid":{"rendered":"https:\/\/www.europesays.com\/fr\/410215\/"},"modified":"2025-09-22T19:52:16","modified_gmt":"2025-09-22T19:52:16","slug":"michel-barnier-vise-une-victoire-claire-et-nette-au-second-tour","status":"publish","type":"post","link":"https:\/\/www.europesays.com\/fr\/410215\/","title":{"rendered":"Michel Barnier vise une victoire \u00abclaire et nette\u00bb au second\u00a0tour"},"content":{"rendered":"<p><strong>D\u00c9CRYPTAGE &#8211;<\/strong> Arriv\u00e9 en t\u00eate du 1er\u00a0tour dans la 2e\u00a0circonscription, devant la socialiste Fr\u00e9d\u00e9rique Bredin, l\u2019ex-premier ministre mise sur sa forte l\u00e9gitimit\u00e9 pour peser dans les d\u00e9bats \u00e0 l\u2019Assembl\u00e9e, jusqu\u2019\u00e0 la pr\u00e9sidentielle de 2027.<\/p>\n<p class=\"fig-paragraph\">Mobilisation g\u00e9n\u00e9rale jusqu\u2019\u00e0 la derni\u00e8re minute\u00a0!\u00a0<a href=\"http:\/\/www.lefigaro.fr\/politique\/legislative-partielle-a-paris-michel-barnier-largement-en-tete-devant-la-candidate-socialiste-qu-il-affrontera-au-second-tour-20250921\" target=\"_blank\" data-fig-type=\"NewsFlash\" rel=\"noopener\" data-gtm-custom-categorie=\"navigation\" data-gtm-custom-action=\"crossclick\" data-gtm-custom-label=\"Contextuel\" data-gtm-event=\"customEventSPE\" data-fig-domain=\"LEFIGARO\">Si Michel Barnier a appr\u00e9ci\u00e9 les r\u00e9sultats<\/a>\u00a0enregistr\u00e9s au 1er\u00a0tour de l\u2019\u00e9lection l\u00e9gislative partielle dans la 2e\u00a0circonscription de Paris (qui compte le 5e\u00a0arrondissement et une partie du 6e et du 7e), il pr\u00e9f\u00e8re maintenir la pression sur les troupes. De nombreux \u00e9lus l\u2019ont f\u00e9licit\u00e9 de vive voix dimanche soir, notamment\u00a0<a href=\"http:\/\/www.lefigaro.fr\/politique\/a-port-marly-laurent-wauquiez-appelle-les-republicains-a-rendre-possible-ce-qui-est-necessaire-20250906\" target=\"_blank\" data-fig-type=\"Article\" rel=\"noopener\" data-gtm-custom-categorie=\"navigation\" data-gtm-custom-action=\"crossclick\" data-gtm-custom-label=\"Contextuel\" data-gtm-event=\"customEventSPE\" data-fig-domain=\"LEFIGARO\">Laurent Wauquiez, pr\u00e9sident du groupe Droite R\u00e9publicaine<\/a>\u00a0au sein duquel si\u00e9gera l\u2019ex-premier ministre, en cas de victoire dimanche prochain.<\/p>\n<p class=\"fig-paragraph\">Sur 19\u00a0273\u00a0votants (26\u00a0% des inscrits), le candidat de la droite a donc r\u00e9colt\u00e9 8702\u00a0voix au 1er\u00a0tour, soit pr\u00e8s de 45\u00a0%. \u00ab\u00a0Une \u00e9lection n\u2019est jamais gagn\u00e9e avant le soir du 2e\u00a0tour. Nous sommes dans le 5e\u00a0arrondissement d\u00e8s ce matin. On continue. Nous devons mobiliser car si nous avons une avance, je tiens \u00e0 dire que plus le r\u00e9sultat sera clair et net, plus forte sera notre cr\u00e9dibilit\u00e9 et ma voix \u00e0 l\u2019Assembl\u00e9e nationale\u00a0\u00bb, confie-t-il au Figaro.<\/p>\n<p class=\"fig-paragraph\">Au 1er\u00a0tour, si le candidat des\u2026<\/p>\n<p class=\"fig-premium-paywall__infos\">\n        Cet article est r\u00e9serv\u00e9 aux abonn\u00e9s.        Il vous reste 79% \u00e0 d\u00e9couvrir.\n    <\/p>\n<p>                <img  data- alt=\"Le Figaro\" class=\"fig-img--complete fig-img\"\/><\/p>\n<p class=\"fig-premium-paywall__title\">Vous avez envie de lire la suite ?<\/p>\n<p class=\"fig-premium-paywall__subtitle\">D\u00e9bloquez tous les articles imm\u00e9diatement.<\/p>\n<p class=\"fig-premium-paywall__connect\">\n                D\u00e9j\u00e0 abonn\u00e9\u00a0?                <a class=\"fig-premium-paywall__connect-link\" href=\"https:\/\/connect.lefigaro.fr\/login?client=horizon_web&amp;type=main&amp;redirect_uri=https%3A%2F%2Fwww.lefigaro.fr%2Fpolitique%2Flegislative-partielle-a-paris-michel-barnier-vise-une-victoire-claire-et-nette-au-second-tour-20250922\" data-js-gtm=\"{&quot;customCategorie&quot;: &quot;conversion&quot;, &quot;customAction&quot;: &quot;before_Landing_Connexion_paywall_auto&quot;, &quot;customLabel&quot;: &quot;bGVmaWdhcm8uZnJfXzFmMDk3OTY0LTY4MTAtNmZlMC05ZmQxLTExOTc2MWUyYjZjZF9fQXJ0aWNsZQ==_L\u00e9gislative partielle \u00e0 Paris\u00a0: Michel Barnier vise une victoire \u00abclaire et nette\u00bb au second\u00a0tour_30&quot;, &quot;customIDSPE&quot;: &quot;bGVmaWdhcm8uZnJfXzFmMDk3OTY0LTY4MTAtNmZlMC05ZmQxLTExOTc2MWUyYjZjZF9fQXJ0aWNsZQ==&quot;, &quot;event&quot;: &quot;customEventSPE&quot;}\" target=\"_blank\" rel=\"noopener\"><br \/>\n                    Connectez-vous<br \/>\n                <\/a>\n            <\/p>\n","protected":false},"excerpt":{"rendered":"D\u00c9CRYPTAGE &#8211; Arriv\u00e9 en t\u00eate du 1er\u00a0tour dans la 2e\u00a0circonscription, devant la socialiste Fr\u00e9d\u00e9rique Bredin, l\u2019ex-premier ministre mise&hellip;\n","protected":false},"author":2,"featured_media":410216,"comment_status":"","ping_status":"","sticky":false,"template":"","format":"standard","meta":{"footnotes":""},"categories":[1888],"tags":[11,8513,1777,674,1011,27,27636,12,626,25],"class_list":{"0":"post-410215","1":"post","2":"type-post","3":"status-publish","4":"format-standard","5":"has-post-thumbnail","7":"category-paris","8":"tag-actualites","9":"tag-elections-legislatives","10":"tag-eu","11":"tag-europe","12":"tag-fr","13":"tag-france","14":"tag-michel-barnier","15":"tag-news","16":"tag-paris","17":"tag-republique-francaise"},"share_on_mastodon":{"url":"https:\/\/pubeurope.com\/@fr\/115249698933853429","error":""},"_links":{"self":[{"href":"https:\/\/www.europesays.com\/fr\/wp-json\/wp\/v2\/posts\/410215","targetHints":{"allow":["GET"]}}],"collection":[{"href":"https:\/\/www.europesays.com\/fr\/wp-json\/wp\/v2\/posts"}],"about":[{"href":"https:\/\/www.europesays.com\/fr\/wp-json\/wp\/v2\/types\/post"}],"author":[{"embeddable":true,"href":"https:\/\/www.europesays.com\/fr\/wp-json\/wp\/v2\/users\/2"}],"replies":[{"embeddable":true,"href":"https:\/\/www.europesays.com\/fr\/wp-json\/wp\/v2\/comments?post=410215"}],"version-history":[{"count":0,"href":"https:\/\/www.europesays.com\/fr\/wp-json\/wp\/v2\/posts\/410215\/revisions"}],"wp:featuredmedia":[{"embeddable":true,"href":"https:\/\/www.europesays.com\/fr\/wp-json\/wp\/v2\/media\/410216"}],"wp:attachment":[{"href":"https:\/\/www.europesays.com\/fr\/wp-json\/wp\/v2\/media?parent=410215"}],"wp:term":[{"taxonomy":"category","embeddable":true,"href":"https:\/\/www.europesays.com\/fr\/wp-json\/wp\/v2\/categories?post=410215"},{"taxonomy":"post_tag","embeddable":true,"href":"https:\/\/www.europesays.com\/fr\/wp-json\/wp\/v2\/tags?post=410215"}],"curies":[{"name":"wp","href":"https:\/\/api.w.org\/{rel}","templated":true}]}}