{"id":410217,"date":"2025-09-22T19:53:21","date_gmt":"2025-09-22T19:53:21","guid":{"rendered":"https:\/\/www.europesays.com\/fr\/410217\/"},"modified":"2025-09-22T19:53:21","modified_gmt":"2025-09-22T19:53:21","slug":"les-etats-unis-promettent-de-defendre-chaque-centimetre-du-territoire-de-lotan-liberation","status":"publish","type":"post","link":"https:\/\/www.europesays.com\/fr\/410217\/","title":{"rendered":"les Etats-Unis promettent de d\u00e9fendre \u00ab chaque centim\u00e8tre du territoire de l\u2019Otan\u00bb \u2013 Lib\u00e9ration"},"content":{"rendered":"<p class=\"sc-cPiKLX AiZTS text-element\">Les Etats-Unis ont promis lundi de d\u00e9fendre \u00abchaque centim\u00e8tre du territoire de l\u2019Otan\u00bb, au cours d\u2019un Conseil de s\u00e9curit\u00e9 de l\u2019ONU convoqu\u00e9 par l\u2019Estonie apr\u00e8s l\u2019incursion d\u2019avions russes dans son espace a\u00e9rien, le troisi\u00e8me incident en dix jours visant des pays voisins de la Russie. <\/p>\n<p class=\"sc-cPiKLX AiZTS text-element\">\u00abAu moment o\u00f9 le pr\u00e9sident Trump et les Etats-Unis\u00bb tentent de \u00abmettre fin \u00e0 cette guerre atroce entre la Russie et l\u2019Ukraine, nous nous attendons \u00e0 ce que la Russie cherche des moyens de d\u00e9sescalade, et non \u00e0 prendre le risque d\u2019une extension du conflit\u00bb, a lanc\u00e9 le nouvel ambassadeur des Etats-Unis aupr\u00e8s de l\u2019ONU, <a href=\"https:\/\/www.liberation.fr\/international\/amerique\/signalgate-mike-waltz-le-conseiller-a-la-securite-nationale-de-trump-pousse-vers-la-sortie-20250501_XCN4LYSVHZHPHDSS4F3BNTO5NQ\/\" target=\"_blank\" rel=\"noreferrer nofollow noopener\" title=\"https:\/\/www.liberation.fr\/international\/amerique\/signalgate-mike-waltz-le-conseiller-a-la-securite-nationale-de-trump-pousse-vers-la-sortie-20250501_XCN4LYSVHZHPHDSS4F3BNTO5NQ\/\">Mike Waltz.<\/a> \u00abLa Russie doit de toute urgence mettre un terme \u00e0 ce comportement dangereux\u00bb, a-t-il encore dit. <\/p>\n<p class=\"sc-cPiKLX AiZTS text-element\">Peu avant la tenue de cette r\u00e9union d\u2019urgence du Conseil de s\u00e9curit\u00e9, r\u00e9clam\u00e9e par Tallinn, le ministre estonien des Affaires \u00e9trang\u00e8res Margus Tsahkna a lu un texte soutenu par une cinquantaine de pays alli\u00e9s, r\u00e9clamant \u00e9galement que Moscou mette fin aux \u00abprovocations et menaces\u00bb contre ses voisins. \u00abLes actions irresponsables de la Russie constituent non seulement une violation du droit international, mais aussi une escalade d\u00e9stabilisatrice qui rapproche la r\u00e9gion d\u2019un conflit plus qu\u2019\u00e0 tout autre moment de ces derni\u00e8res ann\u00e9es\u00bb, a-t-il dit. <\/p>\n<p class=\"sc-cPiKLX AiZTS text-element\"><a href=\"https:\/\/www.liberation.fr\/international\/europe\/une-audace-sans-precedent-lestonie-denonce-une-violation-sans-precedent-de-son-espace-aerien-par-trois-avions-de-combat-russes-20250919_HLAICE2JQZH3JAGK6QYU2AMO4U\/\" target=\"_blank\" rel=\"noreferrer nofollow noopener\" title=\"https:\/\/www.liberation.fr\/international\/europe\/une-audace-sans-precedent-lestonie-denonce-une-violation-sans-precedent-de-son-espace-aerien-par-trois-avions-de-combat-russes-20250919_HLAICE2JQZH3JAGK6QYU2AMO4U\/\">Vendredi, trois avions de combat russes sont entr\u00e9s dans l\u2019espace a\u00e9rien estonien<\/a> et y sont rest\u00e9s pendant 12 minutes. Moscou a d\u00e9menti toute violation. Cet incident survient quelques jour apr\u00e8s le passage <a href=\"https:\/\/www.liberation.fr\/international\/europe\/incursion-de-drones-en-pologne-la-defense-antiaerienne-est-une-question-fondamentale-pour-leurope-20250917_RNYYLNO2BZCSFGMNQI2VJJ5XWU\/\" target=\"_blank\" rel=\"noreferrer nofollow noopener\" title=\"https:\/\/www.liberation.fr\/international\/europe\/incursion-de-drones-en-pologne-la-defense-antiaerienne-est-une-question-fondamentale-pour-leurope-20250917_RNYYLNO2BZCSFGMNQI2VJJ5XWU\/\">d\u2019une vingtaine de drones russes dans l\u2019espace a\u00e9rien polonais,<\/a> dont trois avaient \u00e9t\u00e9 abattus. La Roumanie a \u00e9galement d\u00e9nonc\u00e9 le vol d\u2019un drone russe au dessus du pays. <\/p>\n<p class=\"sc-cPiKLX AiZTS text-element\">\u00abIl s\u2019agit en dix jours de la troisi\u00e8me fois que la Russie viole l\u2019espace a\u00e9rien de l\u2019Union europ\u00e9enne et de l\u2019Otan. Cette derni\u00e8re incursion ne laisse aucune place au doute : la Russie choisit l\u2019escalade et la provocation\u00bb, a \u00e9galement jug\u00e9 l\u2019ambassadeur fran\u00e7ais adjoint \u00e0 l\u2019ONU Jay Dharmadhikari. <\/p>\n<p class=\"sc-cPiKLX AiZTS text-element\">Le sous-secr\u00e9taire g\u00e9n\u00e9ral de l\u2019ONU pour l\u2019Europe Miroslav Jenca a de son c\u00f4t\u00e9 appel\u00e9 \u00abtoutes les parties concern\u00e9es \u00e0 agir de mani\u00e8re responsable, \u00e0 utiliser tous les canaux disponibles et \u00e0 prendre imm\u00e9diatement des mesures pour d\u00e9samorcer les tensions et pr\u00e9venir de nouveaux risques pour la s\u00e9curit\u00e9 r\u00e9gionale\u00bb. <\/p>\n<p class=\"sc-cPiKLX AiZTS text-element\">Lors de l\u2019incident dans l\u2019espace a\u00e9rien estonien, des chasseurs F-35 italiens rattach\u00e9s \u00e0 la mission de soutien de la d\u00e9fense a\u00e9rienne de l\u2019Otan dans les Etats baltes, ainsi que des avions su\u00e9dois et finlandais, ont \u00e9t\u00e9 d\u00e9p\u00each\u00e9s pour intercepter les avions russes.<\/p>\n<p class=\"sc-cPiKLX AiZTS text-element\">Confront\u00e9 aux \u00e9l\u00e9ments rassembl\u00e9s par l\u2019Estonie et ses alli\u00e9s, l\u2019ambassadeur russe adjoint, Dmitry Polyanskiy a assur\u00e9 que \u00abcomme toujours, il n\u2019existe aucune preuve, si ce n\u2019est l\u2019hyst\u00e9rie russophobe qui \u00e9mane de Tallinn\u00bb. \u00abLes appareils russes ne se sont pas \u00e9cart\u00e9s de l\u2019itin\u00e9raire convenu et n\u2019ont pas p\u00e9n\u00e9tr\u00e9 dans l\u2019espace a\u00e9rien estonien. Leur trajectoire s\u2019est d\u00e9roul\u00e9e au-dessus des eaux neutres de la mer Baltique\u00bb, a-t-il martel\u00e9. <\/p>\n<p class=\"sc-cPiKLX AiZTS text-element\">La r\u00e9union de lundi aux Nations unies est la premi\u00e8re r\u00e9clam\u00e9e par l\u2019Estonie depuis 34 ans d\u2019adh\u00e9sion \u00e0 l\u2019ONU de ce pays \u00e9galement membre de l\u2019Union europ\u00e9enne et de l\u2019Otan, fervent partisan de l\u2019Ukraine. Dimanche, Donald Trump avait assur\u00e9 que les Etats-Unis participeraient \u00e0 <a href=\"https:\/\/www.liberation.fr\/international\/amerique\/volodymyr-zelensky-dit-quil-rencontrera-donald-trump-en-marge-de-lassemblee-generale-de-lonu-la-semaine-prochaine-20250920_HDFI7IOJ7JBLRDL7QAT7ZI5AFQ\/\" target=\"_blank\" rel=\"noreferrer nofollow noopener\" title=\"https:\/\/www.liberation.fr\/international\/amerique\/volodymyr-zelensky-dit-quil-rencontrera-donald-trump-en-marge-de-lassemblee-generale-de-lonu-la-semaine-prochaine-20250920_HDFI7IOJ7JBLRDL7QAT7ZI5AFQ\/\">la d\u00e9fense de la Pologne et des pays baltes<\/a> si la Russie intensifiait son activit\u00e9 militaire dans la r\u00e9gion. <\/p>\n<p class=\"sc-cPiKLX AiZTS text-element\">Les relations parfois amicales entre le pr\u00e9sident am\u00e9ricain et son homologue russe Vladimir Poutine semblent s\u2019\u00eatre d\u00e9t\u00e9rior\u00e9es, ce dernier poursuivant son invasion de l\u2019Ukraine malgr\u00e9 les efforts de paix d\u00e9ploy\u00e9s par le dirigeant am\u00e9ricain. A l\u2019issue d\u2019une visite officielle au Royaume-Uni jeudi, Donald Trump a d\u00e9clar\u00e9 que Vladimir Poutine l\u2019avait \u00abvraiment laiss\u00e9 tomber\u00bb en poursuivant la guerre, qui en est maintenant \u00e0 sa quatri\u00e8me ann\u00e9e. <\/p>\n","protected":false},"excerpt":{"rendered":"Les Etats-Unis ont promis lundi de d\u00e9fendre \u00abchaque centim\u00e8tre du territoire de l\u2019Otan\u00bb, au cours d\u2019un Conseil de&hellip;\n","protected":false},"author":2,"featured_media":410218,"comment_status":"","ping_status":"","sticky":false,"template":"","format":"standard","meta":{"footnotes":""},"categories":[1591],"tags":[11,75,73,1887,12,136,1885,1886,132,297,135],"class_list":{"0":"post-410217","1":"post","2":"type-post","3":"status-publish","4":"format-standard","5":"has-post-thumbnail","7":"category-russie","8":"tag-actualites","9":"tag-donald-trump","10":"tag-etats-unis","11":"tag-federation-de-russie","12":"tag-news","13":"tag-otan","14":"tag-russia","15":"tag-russian-federation","16":"tag-russie","17":"tag-ukraine-la-crise","18":"tag-vladimir-poutine"},"share_on_mastodon":{"url":"https:\/\/pubeurope.com\/@fr\/115249702829419396","error":""},"_links":{"self":[{"href":"https:\/\/www.europesays.com\/fr\/wp-json\/wp\/v2\/posts\/410217","targetHints":{"allow":["GET"]}}],"collection":[{"href":"https:\/\/www.europesays.com\/fr\/wp-json\/wp\/v2\/posts"}],"about":[{"href":"https:\/\/www.europesays.com\/fr\/wp-json\/wp\/v2\/types\/post"}],"author":[{"embeddable":true,"href":"https:\/\/www.europesays.com\/fr\/wp-json\/wp\/v2\/users\/2"}],"replies":[{"embeddable":true,"href":"https:\/\/www.europesays.com\/fr\/wp-json\/wp\/v2\/comments?post=410217"}],"version-history":[{"count":0,"href":"https:\/\/www.europesays.com\/fr\/wp-json\/wp\/v2\/posts\/410217\/revisions"}],"wp:featuredmedia":[{"embeddable":true,"href":"https:\/\/www.europesays.com\/fr\/wp-json\/wp\/v2\/media\/410218"}],"wp:attachment":[{"href":"https:\/\/www.europesays.com\/fr\/wp-json\/wp\/v2\/media?parent=410217"}],"wp:term":[{"taxonomy":"category","embeddable":true,"href":"https:\/\/www.europesays.com\/fr\/wp-json\/wp\/v2\/categories?post=410217"},{"taxonomy":"post_tag","embeddable":true,"href":"https:\/\/www.europesays.com\/fr\/wp-json\/wp\/v2\/tags?post=410217"}],"curies":[{"name":"wp","href":"https:\/\/api.w.org\/{rel}","templated":true}]}}