{"id":410221,"date":"2025-09-22T19:55:13","date_gmt":"2025-09-22T19:55:13","guid":{"rendered":"https:\/\/www.europesays.com\/fr\/410221\/"},"modified":"2025-09-22T19:55:13","modified_gmt":"2025-09-22T19:55:13","slug":"les-etats-unis-disposes-a-lancer-une-bouee-de-sauvetage-financiere-a-largentine-de-milei-22-09-2025-a-2120","status":"publish","type":"post","link":"https:\/\/www.europesays.com\/fr\/410221\/","title":{"rendered":"Les Etats-Unis dispos\u00e9s \u00e0 lancer une bou\u00e9e de sauvetage financi\u00e8re \u00e0 l&rsquo;Argentine de Milei &#8211; 22\/09\/2025 \u00e0 21:20"},"content":{"rendered":"<p>        <img fetchpriority=\"high\" decoding=\"async\" src=\"https:\/\/www.europesays.com\/fr\/wp-content\/uploads\/2025\/09\/2e3fd0ab684e9165153063be2abf79cd-760x507.jpg\" alt=\"Le pr\u00e9sident argentin Javier Milei lors d'un discours au Parlement du Paraguay \u00e0 Asuncion le 17 septembre 2025 ( AFP \/ DANIEL DUARTE                    )\" loading=\"eager\" width=\"760\" height=\"507\" style=\"max-width: 100%!important; height: auto;\"\/><\/p>\n<p class=\"c-image-news__legend\">Le pr\u00e9sident argentin Javier Milei lors d&rsquo;un discours au Parlement du Paraguay \u00e0 Asuncion le 17 septembre 2025 ( AFP \/ DANIEL DUARTE                    )<\/p>\n<p>\n Le Tr\u00e9sor am\u00e9ricain s&rsquo;est dit lundi pr\u00eat \u00e0 \u00ab\u00a0faire ce qui est n\u00e9cessaire\u00a0\u00bb pour soutenir l&rsquo;\u00e9conomie de l&rsquo;Argentine, alors que le pr\u00e9sident ultralib\u00e9ral Javier Milei s&#8217;emploie \u00e0 calmer des march\u00e9s financiers f\u00e9briles apr\u00e8s plusieurs revers politiques.\n<\/p>\n<p>\n Le gouvernement de Javier Milei, proche alli\u00e9 de Donald Trump, fait face depuis quelques semaines \u00e0 une crise du taux de change qui s&rsquo;est accentu\u00e9e apr\u00e8s une gifle \u00e9lectorale d\u00e9but septembre lors d&rsquo;un scrutin r\u00e9gional dans la province de Buenos Aires, per\u00e7u comme test en vue des l\u00e9gislatives de mi-mandat, le 26 octobre.\n<\/p>\n<p>\n Le pr\u00e9sident argentin a par ailleurs essuy\u00e9 des camouflets au Parlement, qui s&rsquo;est prononc\u00e9 contre plusieurs de ses veto sur des textes portant sur des augmentations de financements de l&rsquo;aide aux personnes handicap\u00e9es, \u00e0 l&rsquo;universit\u00e9, ou \u00e0 un h\u00f4pital p\u00e9diatrique embl\u00e9matique.\n<\/p>\n<p>\n Les march\u00e9s financiers ont r\u00e9agi par une vive d\u00e9pr\u00e9ciation du peso et une baisse des obligations et des actions.\n<\/p>\n<p>\n C&rsquo;est dans ce contexte et alors qu&rsquo;il cherche un pr\u00eat am\u00e9ricain pour couvrir les \u00e9ch\u00e9ances de la dette que Javier Milei doit rencontrer le pr\u00e9sident Donald Trump et le secr\u00e9taire au Tr\u00e9sor Scott Bessent mardi, en marge de l&rsquo;Assembl\u00e9e g\u00e9n\u00e9rale des Nations Unies \u00e0 New York.\n<\/p>\n<p>\n Les \u00c9tats-Unis \u00ab\u00a0sont pr\u00eats \u00e0 faire ce qui est n\u00e9cessaire\u00a0\u00bb pour soutenir l&rsquo;Argentine, a affirm\u00e9 lundi sur X le secr\u00e9taire am\u00e9ricain. \u00ab\u00a0Ces options peuvent inclure, mais ne se limitent pas \u00e0, des lignes d&rsquo;\u00e9change, des achats directs de devises et des acquisitions de dette gouvernementale libell\u00e9e en dollars am\u00e9ricains\u00a0\u00bb, a d\u00e9taill\u00e9 Scott Bessent.\n<\/p>\n<p>\n L&rsquo;Argentine \u00ab\u00a0est un alli\u00e9 syst\u00e9mique important des \u00c9tats-Unis en Am\u00e9rique latine\u00a0\u00bb et Washington reste convaincu que le soutien de M. Milei \u00ab\u00a0\u00e0 la discipline budg\u00e9taire et aux r\u00e9formes favorisant la croissance est n\u00e9cessaire pour rompre avec la longue histoire de d\u00e9clin de l&rsquo;Argentine\u00a0\u00bb, a-t-il poursuivi.\n<\/p>\n<p>\n Sur X, Javier Milei a remerci\u00e9 MM. Trump et Bessent pour leur \u00ab\u00a0soutien inconditionnel au peuple argentin\u00a0\u00bb, estimant que \u00ab\u00a0ceux d&rsquo;entre nous qui d\u00e9fendent les id\u00e9es de libert\u00e9 doivent travailler ensemble\u00a0\u00bb.\n<\/p>\n<p>\n La directrice g\u00e9n\u00e9rale du Fonds mon\u00e9taire international, Kristalina Georgieva, a \u00e9galement salu\u00e9 la d\u00e9claration de Scott Bessent et soulign\u00e9 \u00ab\u00a0le r\u00f4le crucial des partenaires dans la promotion de politiques fortes pour la stabilisation et la croissance au b\u00e9n\u00e9fice du peuple argentin\u00a0\u00bb.\n<\/p>\n<p>\n Les \u00c9tats-Unis ont soutenu un accord conclu en avril par l&rsquo;Argentine avec le FMI pour un pr\u00eat de 20 milliards de dollars, auxquels se sont ajout\u00e9s 12 milliards de dollars de la Banque mondiale et 10 milliards de dollars de la Banque interam\u00e9ricaine de d\u00e9veloppement.\n<\/p>\n<p>\n Sous l&rsquo;effet d&rsquo;une aust\u00e9rit\u00e9 budg\u00e9taire drastique et de larges coupes dans la d\u00e9pense publique, le pr\u00e9sident argentin, \u00e9lu en d\u00e9cembre 2023 avec pour ambition de redresser l&rsquo;\u00e9conomie de son pays, est parvenu \u00e0 juguler l&rsquo;inflation chronique, qui d\u00e9passait 200% sur un an, \u00e0 33,6%.\n<\/p>\n<p> &#8211; \u00ab\u00a0Nous y travaillons\u00a0\u00bb &#8211;<\/p>\n<p>\n Le ministre argentin des Affaires \u00e9trang\u00e8res, Gerardo Werthein, a jug\u00e9 lundi la rencontre \u00e0 venir \u00ab\u00a0tr\u00e8s prometteuse\u00a0\u00bb.\n<\/p>\n<p>\n Concernant le montant du pr\u00eat discut\u00e9 avec le Tr\u00e9sor am\u00e9ricain, \u00ab\u00a0il y a eu beaucoup de sp\u00e9culations, on a parl\u00e9 de 30 milliards de dollars et c&rsquo;est absolument faux\u00a0\u00bb, a-t-il affirm\u00e9 aupr\u00e8s de Radio Mitre, \u00ab\u00a0nous y travaillons mais pour un montant plus modeste\u00a0\u00bb.\n<\/p>\n<p>\n L&rsquo;Argentine, qui a un historique de crises \u00e9conomiques et d&rsquo;hyperinflation, est devenu au fil des ans le principal d\u00e9biteur du FMI.\n<\/p>\n<p>\n En 2018, le pays sud-am\u00e9ricain a obtenu un pr\u00eat massif de 44 milliards de dollars du Fonds, montant dont le pays doit encore rembourser la majeure partie, et pour lequel le gouvernement p\u00e9roniste (centre-gauche) pr\u00e9c\u00e9dant celui de Javier Milei a n\u00e9goci\u00e9 un refinancement en 2022.\n<\/p>\n<p>\n Le gouvernement Milei a par ailleurs annonc\u00e9 lundi la suspension des taxes sur les exportations de c\u00e9r\u00e9ales jusqu&rsquo;au 31 octobre afin de \u00ab\u00a0g\u00e9n\u00e9rer un plus grand apport en dollars\u00a0\u00bb, selon le porte-parole pr\u00e9sidentiel Manuel Adorni.<\/p>\n","protected":false},"excerpt":{"rendered":"Le pr\u00e9sident argentin Javier Milei lors d&rsquo;un discours au Parlement du Paraguay \u00e0 Asuncion le 17 septembre 2025&hellip;\n","protected":false},"author":2,"featured_media":410222,"comment_status":"","ping_status":"","sticky":false,"template":"","format":"standard","meta":{"footnotes":""},"categories":[1589],"tags":[400,11,398,408,405,73,1866,403,402,399,404,12,401,406,1864,1865,1863,308,407],"class_list":{"0":"post-410221","1":"post","2":"type-post","3":"status-publish","4":"format-standard","5":"has-post-thumbnail","7":"category-etats-unis","8":"tag-action-cac-40","9":"tag-actualites","10":"tag-bourse-de-paris","11":"tag-boursorama","12":"tag-cotations","13":"tag-etats-unis","14":"tag-etats-unis-damerique","15":"tag-indices-devises","16":"tag-investir","17":"tag-investissement","18":"tag-marche-boursier","19":"tag-news","20":"tag-sicav","21":"tag-trackers","22":"tag-united-states","23":"tag-united-states-of-america","24":"tag-us","25":"tag-usa","26":"tag-warrants"},"share_on_mastodon":{"url":"https:\/\/pubeurope.com\/@fr\/115249711146685106","error":""},"_links":{"self":[{"href":"https:\/\/www.europesays.com\/fr\/wp-json\/wp\/v2\/posts\/410221","targetHints":{"allow":["GET"]}}],"collection":[{"href":"https:\/\/www.europesays.com\/fr\/wp-json\/wp\/v2\/posts"}],"about":[{"href":"https:\/\/www.europesays.com\/fr\/wp-json\/wp\/v2\/types\/post"}],"author":[{"embeddable":true,"href":"https:\/\/www.europesays.com\/fr\/wp-json\/wp\/v2\/users\/2"}],"replies":[{"embeddable":true,"href":"https:\/\/www.europesays.com\/fr\/wp-json\/wp\/v2\/comments?post=410221"}],"version-history":[{"count":0,"href":"https:\/\/www.europesays.com\/fr\/wp-json\/wp\/v2\/posts\/410221\/revisions"}],"wp:featuredmedia":[{"embeddable":true,"href":"https:\/\/www.europesays.com\/fr\/wp-json\/wp\/v2\/media\/410222"}],"wp:attachment":[{"href":"https:\/\/www.europesays.com\/fr\/wp-json\/wp\/v2\/media?parent=410221"}],"wp:term":[{"taxonomy":"category","embeddable":true,"href":"https:\/\/www.europesays.com\/fr\/wp-json\/wp\/v2\/categories?post=410221"},{"taxonomy":"post_tag","embeddable":true,"href":"https:\/\/www.europesays.com\/fr\/wp-json\/wp\/v2\/tags?post=410221"}],"curies":[{"name":"wp","href":"https:\/\/api.w.org\/{rel}","templated":true}]}}