{"id":410227,"date":"2025-09-22T19:58:20","date_gmt":"2025-09-22T19:58:20","guid":{"rendered":"https:\/\/www.europesays.com\/fr\/410227\/"},"modified":"2025-09-22T19:58:20","modified_gmt":"2025-09-22T19:58:20","slug":"mulhouse-la-tour-de-leurope-un-phare-dans-la-ville-pour-la-fin-des-festivites-des-800-ans","status":"publish","type":"post","link":"https:\/\/www.europesays.com\/fr\/410227\/","title":{"rendered":"Mulhouse. La Tour de l\u2019Europe, un phare dans la ville pour la fin des festivit\u00e9s des 800 ans"},"content":{"rendered":"<p>En 1798, Napol\u00e9on Bonaparte pronon\u00e7ait cette c\u00e9l\u00e8bre phrase \u00ab\u00a0Soldats, du haut de ces pyramides, quarante si\u00e8cles vous contemplent&#8230;\u00a0\u00bb C\u2019\u00e9tait lors de la bataille des Pyramides. Un peu plus de 227 ans apr\u00e8s, c\u2019est un collectif d\u2019artistes aux sensibilit\u00e9s diverses qui lance un message plus pacifique, \u00ab\u00a0du haut de cette tour\u2026 800 ans d\u2019histoire(s) sont \u00e0 contempler\u00a0\u00bb.<\/p>\n<p>La comparaison s\u2019arr\u00eate bien entendu l\u00e0. Il n\u2019en demeure pas moins que l\u2019\u00e9v\u00e9nement \u00e9tait historique \u00e0 \u00e9couter les&#8230;<\/p>\n","protected":false},"excerpt":{"rendered":"En 1798, Napol\u00e9on Bonaparte pronon\u00e7ait cette c\u00e9l\u00e8bre phrase \u00ab\u00a0Soldats, du haut de ces pyramides, quarante si\u00e8cles vous contemplent&#8230;\u00a0\u00bb&hellip;\n","protected":false},"author":2,"featured_media":410228,"comment_status":"","ping_status":"","sticky":false,"template":"","format":"standard","meta":{"footnotes":""},"categories":[1586],"tags":[11,1687,1636,1777,674,107,1011,27,937,1757,6225,1634,873,12,2661,25,1635,4604,104,3140],"class_list":{"0":"post-410227","1":"post","2":"type-post","3":"status-publish","4":"format-standard","5":"has-post-thumbnail","7":"category-europe","8":"tag-actualites","9":"tag-culture-loisirs","10":"tag-edition-mulhouse-thann","11":"tag-eu","12":"tag-europe","13":"tag-fil-info","14":"tag-fr","15":"tag-france","16":"tag-histoire","17":"tag-insolite","18":"tag-la-matinale","19":"tag-mulhouse","20":"tag-musique","21":"tag-news","22":"tag-patrimoine-culturel","23":"tag-republique-francaise","24":"tag-secteur-de-mulhouse","25":"tag-selection-abonne","26":"tag-societe","27":"tag-spectacle"},"share_on_mastodon":{"url":"https:\/\/pubeurope.com\/@fr\/115249722479219810","error":""},"_links":{"self":[{"href":"https:\/\/www.europesays.com\/fr\/wp-json\/wp\/v2\/posts\/410227","targetHints":{"allow":["GET"]}}],"collection":[{"href":"https:\/\/www.europesays.com\/fr\/wp-json\/wp\/v2\/posts"}],"about":[{"href":"https:\/\/www.europesays.com\/fr\/wp-json\/wp\/v2\/types\/post"}],"author":[{"embeddable":true,"href":"https:\/\/www.europesays.com\/fr\/wp-json\/wp\/v2\/users\/2"}],"replies":[{"embeddable":true,"href":"https:\/\/www.europesays.com\/fr\/wp-json\/wp\/v2\/comments?post=410227"}],"version-history":[{"count":0,"href":"https:\/\/www.europesays.com\/fr\/wp-json\/wp\/v2\/posts\/410227\/revisions"}],"wp:featuredmedia":[{"embeddable":true,"href":"https:\/\/www.europesays.com\/fr\/wp-json\/wp\/v2\/media\/410228"}],"wp:attachment":[{"href":"https:\/\/www.europesays.com\/fr\/wp-json\/wp\/v2\/media?parent=410227"}],"wp:term":[{"taxonomy":"category","embeddable":true,"href":"https:\/\/www.europesays.com\/fr\/wp-json\/wp\/v2\/categories?post=410227"},{"taxonomy":"post_tag","embeddable":true,"href":"https:\/\/www.europesays.com\/fr\/wp-json\/wp\/v2\/tags?post=410227"}],"curies":[{"name":"wp","href":"https:\/\/api.w.org\/{rel}","templated":true}]}}