{"id":410235,"date":"2025-09-22T20:02:28","date_gmt":"2025-09-22T20:02:28","guid":{"rendered":"https:\/\/www.europesays.com\/fr\/410235\/"},"modified":"2025-09-22T20:02:28","modified_gmt":"2025-09-22T20:02:28","slug":"en-direct-la-france-reconnait-aujourdhui-letat-de-palestine-lance-emmanuel-macron-devant-lonu","status":"publish","type":"post","link":"https:\/\/www.europesays.com\/fr\/410235\/","title":{"rendered":"EN DIRECT &#8211; \u00ab\u00a0La France reconna\u00eet aujourd&rsquo;hui l&rsquo;\u00c9tat de Palestine\u00a0\u00bb, lance Emmanuel Macron devant l&rsquo;ONU"},"content":{"rendered":"<ul class=\"jsx-862013697 ArticleChapo__List\">\n<li class=\"jsx-862013697 ArticleChapo__List_Item flex\">Apr\u00e8s le Canada, le Royaume-Uni, l&rsquo;Australie et le Portugal dimanche, la France a officiellement reconnu l&rsquo;\u00c9tat palestinien ce lundi devant l&rsquo;ONU.<\/li>\n<li class=\"jsx-862013697 ArticleChapo__List_Item flex\">Suivez les derni\u00e8res informations.<\/li>\n<\/ul>\n<p><a href=\"https:\/\/www.tf1info.fr\/actualite\/treve-a-gaza-cessez-le-feu-et-liberation-d-otages-13863\/\" rel=\"noopener\" class=\"jsx-484472199 Link jsx-1428418400 jsx-554215408\" target=\"_blank\"><\/p>\n<p style=\"font-weight:400\" class=\"jsx-1837267516\">Suivez la couverture compl\u00e8te<\/p>\n<p style=\"font-weight:800\" class=\"jsx-1837267516\">Isra\u00ebl veut prendre \u00ab\u00a0le contr\u00f4le\u00a0\u00bb de Gaza<\/p>\n<p><\/a>Les \u00e9l\u00e9ments marquants\u00a0\u00bbLA FRANCE RECONNAIT AUJOURD&rsquo;HUI L&rsquo;\u00c9TAT DE PALESTINE\u00a0\u00bb21:22<\/p>\n<p>\u00ab\u00a0Une solution existe : la reconnaissance de l&rsquo;autre\u00a0\u00bb, a d\u00e9clar\u00e9 Emmanuel Macron \u00e0 la tribune.\u00a0<\/p>\n<p>\u00ab\u00a0C&rsquo;est pourquoi, fid\u00e8le \u00e0 l&rsquo;engagement historique de mon pays au Proche-Orient, je d\u00e9clare que la France reconnait aujourd&rsquo;hui l&rsquo;\u00c9tat de Palestine, a-t-il ajout\u00e9. Ce chemin vise \u00e0 briser l&rsquo;engrenage de la violence\u00a0\u00bb.<\/p>\n<p>Valider les filtresR\u00e9initialiser les filtres<\/p>\n<p>Minute par minuteFiltrer par Temps fortsFiltrer\u00a0\u00bbMESURE HISTORIQUE\u00a0\u00bb21:52<\/p>\n<p>Suite \u00e0 la reconnaissance par la France d&rsquo;un \u00c9tat palestinien, l&rsquo;Arabie Saoudite a appel\u00e9 tous les pays \u00e0 prendre la m\u00eame \u00ab\u00a0mesure historique\u00a0\u00bb.\u00a0<\/p>\n<p>Cela aura un \u00ab\u00a0impact important pour soutenir les efforts vers la mise en place de la solution \u00e0 deux \u00c9tats et parvenir \u00e0 une paix totale au Moyen-Orient\u00a0\u00bb, a d\u00e9clar\u00e9 le ministre saoudien des Affaires \u00e9trang\u00e8res, Fay\u00e7al ben Farhane, \u00e0 la tribune.<\/p>\n<p>UNE D\u00c9CISION \u00ab\u00a0HISTORIQUE ET COURAGEUSE\u00a0\u00bb21:48<\/p>\n<p>L&rsquo;Autorit\u00e9 palestinienne a salu\u00e9 la reconnaissance de l&rsquo;\u00c9tat de Palestine par la France, la qualifiant de d\u00e9cision \u00ab\u00a0historique et courageuse\u00a0\u00bb.<\/p>\n<p>L&rsquo;organisation dirig\u00e9e par Mahmoud Abbas salue \u00e9galement \u00ab\u00a0le r\u00f4le pionnier jou\u00e9 par la France et le pr\u00e9sident Macron en incitant de nombreux \u00c9tats\u00a0\u00bb.<\/p>\n<p>\u00ab\u00a0VIVE L&rsquo;ETAT DE PALESTINE\u00a0\u00bb, A REAGI IAN BROSSAT (PCF)21:41<\/p>\n<p>\u00ab\u00a0Vive l&rsquo;Etat de Palestine\u00a0\u00bb, s&rsquo;est exclam\u00e9 sur X le s\u00e9nateur communiste Ian Brossat.\u00a0<\/p>\n<p>\u00ab\u00a0R\u00e9unis aux c\u00f4t\u00e9s de l\u2019ambassadrice de Palestine en ce jour historique o\u00f9 France reconna\u00eet enfin l\u2019\u00c9tat de Palestine, tandis qu\u2019un g\u00e9nocide se poursuit\u00a0\u00bb, a-t-il \u00e9crit, entour\u00e9 de nombreux \u00e9lus de gauche, dont Mathilde Panot ou Manuel Bompard.<\/p>\n<blockquote data-testid=\"EmbedTwitter\" id=\"tweet-1970210898985001290-:Rec39lkmcmj9n79m:\" class=\"jsx-aeff1a1c40f54d7a twitter-tweet flex justify-center items-center\"><p>R\u00e9unis aux c\u00f4t\u00e9s de l\u2019ambassadrice de Palestine en ce jour historique. La France reconna\u00eet enfin l\u2019\u00c9tat de Palestine, tandis qu\u2019un g\u00e9nocide se poursuit. Vive l\u2019\u00c9tat de Palestine \ud83c\uddf5\ud83c\uddf8  pic.twitter.com\/9e0P3FQvxR \u2014 Ian Brossat \ud83c\udf49 (@IanBrossat)  September 22, 2025<\/p><\/blockquote>\n<p>UNE AMBASSADE EN PALESTINE ?21:35<\/p>\n<p>Emmanuel Macron a n\u00e9anmoins conditionn\u00e9 l&rsquo;installation d&rsquo;une ambassade de France en Palestine \u00e0 la lib\u00e9ration de \u00a0\u00ab\u00a0tous les otages\u00a0\u00bb et un \u00ab\u00a0cessez-le-feu\u00a0\u00bb \u00e0 Gaza.<\/p>\n<p>\u00ab\u00a0LE DEUXI\u00c8ME TEMPS EST CELUI DE LA STABILISATION ET DE LA RECONSTRUCTION\u00a0\u00bb21:31<\/p>\n<p>Emmanuel Macron a longuement d\u00e9taill\u00e9 les prochaines \u00e9tapes de cette reconnaissance, affirmant que le \u00ab\u00a0deuxi\u00e8me temps est celui de la stabilisation et de la reconstruction de Gaza\u00a0\u00bb.\u00a0<\/p>\n<p>\u00ab\u00a0Mahmoud Abbas (pr\u00e9sident de l&rsquo;autorit\u00e9 palestinienne, NDLR) a condamn\u00e9 avec force les attaques terroristes du 7-octobre et m&rsquo;a assur\u00e9 de la d\u00e9militarisation et de l&rsquo;exclusion du Hamas de la gouvernance future\u00a0\u00bb, a expliqu\u00e9 le chef de l&rsquo;\u00c9tat.<\/p>\n<p>\u00ab\u00a0Le temps est venu de voir un \u00c9tat de Palestine souverain et d\u00e9militaris\u00e9, reconnaissance Isra\u00ebl et reconnu par Isra\u00ebl\u00a0\u00bb.<\/p>\n<p>\u00ab\u00a0LA FRANCE RECONNAIT AUJOURD&rsquo;HUI L&rsquo;\u00c9TAT DE PALESTINE\u00a0\u00bb21:22<\/p>\n<p>\u00ab\u00a0Une solution existe : la reconnaissance de l&rsquo;autre\u00a0\u00bb, a d\u00e9clar\u00e9 Emmanuel Macron \u00e0 la tribune.\u00a0<\/p>\n<p>\u00ab\u00a0C&rsquo;est pourquoi, fid\u00e8le \u00e0 l&rsquo;engagement historique de mon pays au Proche-Orient, je d\u00e9clare que la France reconnait aujourd&rsquo;hui l&rsquo;\u00c9tat de Palestine, a-t-il ajout\u00e9. Ce chemin vise \u00e0 briser l&rsquo;engrenage de la violence\u00a0\u00bb.<\/p>\n<p>\u00ab\u00a0RIEN NE JUSTIFIE PLUS LA GUERRE A GAZA\u00a0\u00bb21:20<\/p>\n<p>\u00ab\u00a0Il faut mettre un terme d\u00e9finitif \u00e0 la guerre pour sauver des vies : (&#8230;) celles des otages isra\u00e9liens et celles des civils palestiniens, a demand\u00e9 le pr\u00e9sident de la R\u00e9publique. Depuis 2 ans, c&rsquo;est la n\u00e9gation de l&rsquo;humanit\u00e9 de l&rsquo;autre et le sacrifice de la vie humaine qui pr\u00e9valent. Depuis le 7 octobre c&rsquo;est la vie de l&rsquo;autre qui est ni\u00e9e\u00a0\u00bb<\/p>\n<p>\u00ab\u00a0LE TEMPS DE LA PAIX EST VENU\u00a0\u00bb21:18<\/p>\n<p>\u00ab\u00a0Le temps de la paix est venu, a commenc\u00e9 Emmanuel Macron lors de son discours \u00e0 l&rsquo;ONU.\u00a0<\/p>\n<p>\u00ab\u00a0Depuis 1947, la promesse d&rsquo;un \u00e9tat arabe reste jusqu&rsquo;\u00e0 ce jour inachev\u00e9, a-t-il poursuivi. Nous portons la responsabilit\u00e9 collective d&rsquo;avoir failli \u00e0 b\u00e2tir une paix juste et durable au Proche-Orient\u00a0\u00bb.\u00a0<\/p>\n<p>EMMANUEL MACRON COMMENCE SON DISCOURS DANS LA SALLE PL\u00c9NI\u00c8RE DE L&rsquo;ONU21:06<\/p>\n<p>Le pr\u00e9sident de la R\u00e9publique Emmanuel Macron est mont\u00e9 \u00e0 la tribune de la salle pl\u00e9ni\u00e8re de l&rsquo;Assembl\u00e9e g\u00e9n\u00e9rale des Nations-Unies \u00e0 New-York.\u00a0<\/p>\n<p>Il y prononce en ce moment m\u00eame et en direct sur LCI, un discours sur la reconnaissance par la France de l&rsquo;\u00c9tat de Palestine.\u00a0<\/p>\n<p>RETAILLEAU SUR LCI20:44<\/p>\n<p><a href=\"https:\/\/www.tf1info.fr\/politique\/bruno-retailleau-ministre-demissionnaire-de-l-interieur-est-l-invite-de-darius-rochebin-sur-lci-lundi-22-septembre-2025-2396155.html\" target=\"_blank\" rel=\"noopener\">Interrog\u00e9 sur LCI <\/a>\u00e0 propos de \u00a0la reconnaissance de l&rsquo;\u00c9tat de Palestine, que la France s&rsquo;appr\u00eate \u00e0 faire officiellement ce soir par la voix d&rsquo;Emmanuel Macron, Bruno Retailleau redit son opposition. \u00ab\u00a0C&rsquo;est le choix du pr\u00e9sident de la R\u00e9publique, c&rsquo;est son domaine r\u00e9serv\u00e9. C&rsquo;est donc son choix, mais ce n&rsquo;est pas le mien\u00a0\u00bb, indique-t-il ce soir sur le plateau de Darius Rochebin. \u00a0\u00ab\u00a0Il me semblait que l&rsquo;on ne pourrait reconnaitre cet \u00c9tat que si les conditions \u00e9taient r\u00e9unies, comme la lib\u00e9ration des otages isra\u00e9liens. Je ne pense pas qu&rsquo;elles soient r\u00e9unies\u00a0\u00bb aujourd&rsquo;hui, poursuit le ministre de l&rsquo;Int\u00e9rieur d\u00e9missionnaire.\u00a0<\/p>\n<p>LA RECONNAISSANCE D\u00c9J\u00c0 VOT\u00c9E EN FRANCE IL Y A 11 ANS ?20:25<\/p>\n<p>Alors qu&rsquo;Emmanuel Macron doit, dans les prochaines minutes, annoncer \u00e0 la tribune de l&rsquo;ONU la reconnaissance par la France de l&rsquo;\u00c9tat de Palestine, retour sur les r\u00e9solutions du Parlement d\u00e9j\u00e0 vot\u00e9es en ce sens.<\/p>\n<p>Politique<img decoding=\"async\" src=\"https:\/\/www.europesays.com\/fr\/wp-content\/uploads\/2025\/09\/assemblee-nationale-octobre-2024-abecdc-1@1x.jpeg\" alt=\"L'Assembl\u00e9e nationale peut-elle d\u00e9missionner collectivement pour sortir de la crise, comme le propose un d\u00e9put\u00e9 ? \" loading=\"lazy\" importance=\"low\" fetchpriority=\"low\" class=\"\" aria-hidden=\"true\"\/>Publi\u00e9 aujourd&rsquo;hui \u00e0 17h05&Prime;R\u00c9COMPENSE\u00a0\u00bb20:07<\/p>\n<p>Donald Trump \u00ab\u00a0pense que c&rsquo;est une r\u00e9compense pour le Hamas\u00a0\u00bb de reconna\u00eetre l&rsquo;\u00c9tat de Palestine, a dit sa porte-parole. Karoline Leavitt a ajout\u00e9 que le pr\u00e9sident am\u00e9ricain s&rsquo;exprimerait demain devant l&rsquo;assembl\u00e9e g\u00e9n\u00e9rale de l&rsquo;ONU sur cette d\u00e9cision prise par plusieurs pays, dont la France, pour leur faire savoir que ce sont \u00ab\u00a0des mots et pas assez d&rsquo;actions concr\u00e8tes.\u00a0\u00bb<\/p>\n<p>DRAPEAU D\u00c9PLOY\u00c9 SUR LA MAIRIE DE PARIS19:17<\/p>\n<p>Des militants pro-Gaza et des \u00e9lus de gauche ont d\u00e9ploy\u00e9, contre l&rsquo;avis d&rsquo;Anne Hidalgo, un drapeau palestinien sur la fa\u00e7ade de l&rsquo;h\u00f4tel de ville, avant d&rsquo;\u00eatre retir\u00e9.<\/p>\n<p>Un d\u00e9ploiement r\u00e9alis\u00e9 sous les yeux de nombreux \u00e9lus, comme Danielle Simonnet (LFI), ou David Belliard (Les \u00c9cologistes) et de militants associatifs.<\/p>\n<p><img decoding=\"async\" src=\"https:\/\/www.europesays.com\/fr\/wp-content\/uploads\/2025\/09\/drapeau-palestine-paris-cb2de8-0@1x.jpeg\" alt=\"JULIEN DE ROSA \/ AFP\" loading=\"lazy\" importance=\"low\" fetchpriority=\"low\" class=\"\"\/>JULIEN DE ROSA \/ AFP86 COMMUNES ONT HISS\u00c9 LE DRAPEAU PALESTINIEN19:01<\/p>\n<p>Selon les informations de TF1-LCI, 86 communes ont appos\u00e9 le drapeau palestinien sur le fronton de leur mairie, sur les 34.875 communes que compte le territoire.<\/p>\n<p>Parmi ces communes, des viles de taille moyenne, comme Grigny ou Saint-Denis, mais aussi de plus grandes, \u00e0 l&rsquo;image de Nantes, Rennes ou Lyon. \u00c0 Tours, le drapeau devrait \u00eatre hiss\u00e9 \u00e0 19h.<\/p>\n<p>Le minist\u00e8re de l&rsquo;Int\u00e9rieur a donn\u00e9 instruction aux pr\u00e9fets de faire cesser tout pavoisement, en vertu du principe de neutralit\u00e9 du service public.\u00a0<\/p>\n<p><img decoding=\"async\" src=\"https:\/\/www.europesays.com\/fr\/wp-content\/uploads\/2025\/09\/drapeau-palestine-mairie-nantes-e3f82f-0@1x.jpeg\" alt=\"Loic VENANCE \/ AFP\" loading=\"lazy\" importance=\"low\" fetchpriority=\"low\" class=\"\"\/>Loic VENANCE \/ AFPLA SYRIE TEMPORISE18:43<\/p>\n<p>Pas de reconnaissance \u00e0 court terme d&rsquo;Isra\u00ebl par la Syrie. C&rsquo;est ce qu&rsquo;a annonc\u00e9 le nouveau dirigeant syrien Ahmad al-Chareh ce lundi.<\/p>\n<p>\u00ab\u00a0J&rsquo;esp\u00e8re que cela nous m\u00e8nera \u00e0 un accord qui pr\u00e9servera la souverainet\u00e9 de la Syrie et r\u00e9soudra \u00e9galement certaines des craintes s\u00e9curitaires d&rsquo;Isra\u00ebl, a expliqu\u00e9 Ahmad al-Chareh. Mais ce qui se passe \u00e0 Gaza a un impact sur notre position\u00a0\u00bb.<\/p>\n<p>LES CONDITIONS DE MACRON RESPECT\u00c9ES ?18:15<\/p>\n<p>Magali Barthes, \u00e9ditorialiste internationale de LCI, explique pourquoi Emmanuel Macron reconna\u00eet l&rsquo;\u00c9tat palestinien alors qu&rsquo;aucune de ses conditions n&rsquo;a \u00e9t\u00e9 respect\u00e9e, sur le plateau de LCI.<\/p>\n<p>International<img decoding=\"async\" src=\"https:\/\/www.europesays.com\/fr\/wp-content\/uploads\/2025\/09\/reconnaissance-d-un-etat-palestinien-les-conditions-d-emmanuel-macron-respectees-d31142-0@1x.jpeg\" alt=\"Reconnaissance d'un \u00c9tat palestinien : les conditions d'Emmanuel Macron respect\u00e9es ? \" loading=\"lazy\" importance=\"low\" fetchpriority=\"low\" class=\"\" aria-hidden=\"true\"\/>Publi\u00e9 aujourd&rsquo;hui \u00e0 16h45&Prime;C&rsquo;EST LE DRAPEAU FRAN\u00c7AIS QU&rsquo;ON DOIT METTRE SUR LES MAIRIES\u00a0\u00bb18:01<\/p>\n<p>Invit\u00e9 sur LCI, le pr\u00e9sident du Consistoire isra\u00e9lite Central de France, Elie Korchia, a vivement \u00ab\u00a0condamn\u00e9\u00a0\u00bb l&rsquo;installation de drapeaux palestiniens sur le fronton d&rsquo;une cinquantaine de mairies ce lundi.\u00a0<\/p>\n<p>\u00ab\u00a0Je trouve que c&rsquo;est importer le conflit chez nous\u00a0\u00bb, a-t-il notamment estim\u00e9.\u00a0<\/p>\n<p>\u00ab\u00a0C&rsquo;est le drapeau fran\u00e7ais qui doit \u00eatre sur les mairies\u00a0\u00bb, affirme Elie Korchia pr\u00e9sident du Consistoire isra\u00e9lite central de FranceSource : TF1 Info<\/p>\n<p><img decoding=\"async\" src=\"https:\/\/www.europesays.com\/fr\/wp-content\/uploads\/2025\/09\/c-est-le-drapeau-francais-qui-doit-etre-sur-les-mairies-affirme-elie-korchia-president-du-consistoir.jpeg\" alt=\"&quot;C'est le drapeau fran\u00e7ais qui doit \u00eatre sur les mairies&quot;, affirme Elie Korchia pr\u00e9sident du Consistoire isra\u00e9lite central de France\" loading=\"lazy\" importance=\"low\" fetchpriority=\"low\" class=\"\"\/><img decoding=\"async\" src=\"https:\/\/www.tf1info.fr\/images\/icons\/player-logo-play.svg\" alt=\"Logo lecture\" class=\"jsx-d0de44c05fe3042c PlayerLazyload__Play\"\/>MATHILDE PANOT DEMANDE \u00a0\u00bb LA PROTECTION DIPLOMATIQUE\u00a0\u00bb AUX FLOTTILLES DE LA LIBERT\u00c917:49<\/p>\n<p>Dans un courrier envoy\u00e9 \u00e0 Emmanuel Macron, la pr\u00e9sidente du groupe La France insoumise \u00e0 l&rsquo;Assembl\u00e9e nationale demande d&rsquo;octroyer \u00ab\u00a0la protection diplomatique de la France\u00a0\u00bb aux passagers des Flottilles de la libert\u00e9 qui se sont \u00e9lanc\u00e9es vers Gaza fin ao\u00fbt.<\/p>\n<p>\u00ab\u00a0Il s&rsquo;agit de la plus grande op\u00e9ration de flottilles humanitaires jamais organis\u00e9e qui vise \u00e0 briser le blocus impos\u00e9 \u00e0 Gaza par Isra\u00ebl\u00a0\u00bb, ajoute la d\u00e9put\u00e9e insoumise.\u00a0<\/p>\n<blockquote data-testid=\"EmbedTwitter\" id=\"tweet-1970150662563336434-:Reci9lkmcmj9n79m:\" class=\"jsx-aeff1a1c40f54d7a twitter-tweet flex justify-center items-center\"><p>Monsieur le Pr\u00e9sident, la responsabilit\u00e9 de prot\u00e9ger les ressortissants fran\u00e7ais participant aux flottilles vous incombe. Alors que vous vous appr\u00eatez \u00e0 reconna\u00eetre l\u2019Etat de Palestine, nous vous demandons d\u2019octroyer \u00e0 la protection diplomatique de la France. Mon courrier \u00e0\u2026  pic.twitter.com\/zJczLjaFsA \u2014 Mathilde Panot (@MathildePanot)  September 22, 2025<\/p><\/blockquote>\n<p>UNE QUESTION QUI DIVISE LES PARTIS POLITIQUES FRAN\u00c7AIS17:32<\/p>\n<p>Alors que le pr\u00e9sident Emmanuel Macron doit officialiser ce soir \u00e0 New-York la reconnaissance d&rsquo;un \u00c9tat de Palestine, TF1info fait le point sur ce qu&rsquo;en pensent les principaux responsables politiques fran\u00e7ais.<\/p>\n<p>International<img decoding=\"async\" src=\"https:\/\/www.europesays.com\/fr\/wp-content\/uploads\/2025\/09\/emmanuel-macron-onu-25-septembre-2024-c1fcfe-0@1x.jpeg\" alt=\"Reconnaissance d'un \u00c9tat palestinien : qui est pour, qui est contre, et pourquoi ?\" loading=\"lazy\" importance=\"low\" fetchpriority=\"low\" class=\"\" aria-hidden=\"true\"\/>Publi\u00e9 aujourd&rsquo;hui \u00e0 16h45DES DIZAINES DE MILLIERS DE MANIFESTANTS EN ITALIE17:11<\/p>\n<p>Plusieurs dizaines de milliers de personnes, dont 20.000 \u00e0 Rome, manifestent en ce moment m\u00eame \u00e0 travers toute l&rsquo;Italie pour \u00ab\u00a0d\u00e9noncer le g\u00e9nocide \u00e0 Gaza\u00a0\u00bb.\u00a0<\/p>\n<p>Des heurts ont notamment \u00e9clat\u00e9 \u00e0 Milan, mais de nombreux ports, bus, m\u00e9tros et autoroutes ont \u00e9t\u00e9 perturb\u00e9s dans de nombreuses villes du pays.<\/p>\n<p>L&rsquo;Italie, tr\u00e8s prudente sur la reconnaissance de la Palestine, ne veut pas se joindre \u00e0 la d\u00e9cision de la France pour le moment.<\/p>\n<p><img decoding=\"async\" src=\"https:\/\/www.europesays.com\/fr\/wp-content\/uploads\/2025\/09\/italie-manifs-palestine-98e460-0@1x.jpeg\" alt=\"PIERO CRUCIATTI \/ AFP\" loading=\"lazy\" importance=\"low\" fetchpriority=\"low\" class=\"\"\/>PIERO CRUCIATTI \/ AFPDES COLONS FRANCO-ISRA\u00c9LIENS VIS\u00c9S PAR UNE PLAINTE16:58<\/p>\n<p>Une plainte a \u00e9t\u00e9 d\u00e9pos\u00e9e ce lundi devant le Parquet national anti-terroriste par l&rsquo;association France Palestine Solidarit\u00e9.\u00a0<\/p>\n<p>Elle vise six franco-isra\u00e9liens, accus\u00e9s par l&rsquo;association de se rendre complices de crimes de guerre et contre l&rsquo;humanit\u00e9 en participant et soutenant la colonisation dans les territoires occup\u00e9s par Isra\u00ebl.<\/p>\n<p>International<img decoding=\"async\" src=\"https:\/\/www.europesays.com\/fr\/wp-content\/uploads\/2025\/09\/un-checkpoint-en-cisjordanie-de-l-armee-israelienne-le-12-avril-2024-73db0f-0@1x.jpeg\" alt=\"Un checkpoint en Cisjordanie de l'arm\u00e9e isra\u00e9lienne, le 12 avril 2024\" loading=\"lazy\" importance=\"low\" fetchpriority=\"low\" class=\"\" aria-hidden=\"true\"\/>Publi\u00e9 aujourd&rsquo;hui \u00e0 16h16LYON HISSE AUSSI LE DRAPEAU PALESTINIEN16:42<\/p>\n<p>Apr\u00e8s la cinquantaine de mairies ayant d\u00e9j\u00e0 hiss\u00e9 le drapeau palestinien sur leur fronton ce matin, c&rsquo;est au tour de Lyon de le faire tr\u00f4ner sur la fa\u00e7ade de l&rsquo;H\u00f4tel de ville.<\/p>\n<p>\u00ab\u00a0Un geste qui accompagne la d\u00e9cision historique\u00a0\u00bb de la France de reconna\u00eetre l&rsquo;\u00c9tat de Palestine, selon le maire \u00e9cologiste de la ville, Gr\u00e9gory Doucet.<\/p>\n<p><img decoding=\"async\" src=\"https:\/\/www.europesays.com\/fr\/wp-content\/uploads\/2025\/09\/lyon-mairie-palestine-6243c6-0@1x.jpeg\" alt=\"OLIVIER CHASSIGNOLE \/ AFP\" loading=\"lazy\" importance=\"low\" fetchpriority=\"low\" class=\"\"\/>OLIVIER CHASSIGNOLE \/ AFPMARSEILLE ANNONCE SON JUMELAGE AVEC BETHL\u00c9EM16:13<\/p>\n<p>Benoit Payan, maire de Marseille, annonc\u00e9 ce lundi que sa commune sera d\u00e9sormais jumel\u00e9e avec la ville palestinienne de Bethl\u00e9em.\u00a0<\/p>\n<p>\u00ab\u00a0Ce jumelage est un acte fort, de fraternit\u00e9 et de solidarit\u00e9, dans un contexte g\u00e9opolitique dramatique, a expliqu\u00e9 l&rsquo;\u00e9dile dans un communiqu\u00e9. \u00c0 travers lui, Marseille dit haut et fort au peuple palestinien : vous n&rsquo;\u00eates pas seuls\u00a0\u00bb.<\/p>\n<p>150 EUROS D&rsquo;ASTREINTE PAR JOUR15:48<\/p>\n<p>Le tribunal administratif de Cergy-Pontoise a inflig\u00e9 lundi \u00e0 la mairie de Malakoff (Hauts-de-Seine) une astreinte journali\u00e8re de 150 euros, jusqu&rsquo;au retrait du drapeau palestinien de son fronton.<\/p>\n<p>La commune fait partie des villes ayant fait le choix de hisser ce drapeau en soutien \u00e0 la reconnaissance par la France d&rsquo;un \u00c9tat palestinien, lors d&rsquo;un discours qu&rsquo;Emmanuel Macron doit prononcer ce soir \u00e0 l&rsquo;ONU.<\/p>\n<p>La ville de Malakoff a annonc\u00e9 interjeter appel devant le Conseil d&rsquo;\u00c9tat, \u00ab\u00a0afin de d\u00e9fendre le principe de libre administration des communes et la libre expression d\u00e9mocratique\u00a0\u00bb.<\/p>\n<p><img decoding=\"async\" src=\"https:\/\/www.europesays.com\/fr\/wp-content\/uploads\/2025\/09\/malakoff-drapeau-palestine-7da843-0@1x.jpeg\" alt=\"Bertrand GUAY \/ AFP\" loading=\"lazy\" importance=\"low\" fetchpriority=\"low\" class=\"\"\/>Bertrand GUAY \/ AFPLE CRIF \u00ab\u00a0TIRE LA SONNETTE D&rsquo;ALARME\u00a0\u00bb15:22<\/p>\n<p>\u00ab\u00a0L&rsquo;antis\u00e9mitisme qui se d\u00e9veloppe depuis le 7-Octobre se nourrit de la d\u00e9testation et de l&rsquo;obsession autour d&rsquo;Isra\u00ebl\u00a0\u00bb, a affirm\u00e9 Yonathan Arfi, pr\u00e9sident du Conseil repr\u00e9sentatif des institutions juives de France (Crif) et invit\u00e9 sur LCI.<\/p>\n<p>\u00c0 propos de la reconnaissance d&rsquo;un \u00c9tat palestinien par la France, Yonathan Arfi estime que la radicalisation des opinions sur le sujet est \u00ab\u00a0malsaine, dangereuse pour le pluralisme dans notre discussion, et aussi pour les Fran\u00e7ais juifs\u00a0\u00bb.<\/p>\n<p>International<\/p>\n<p>VU SUR LCI<\/p>\n<p><img decoding=\"async\" src=\"https:\/\/www.europesays.com\/fr\/wp-content\/uploads\/2025\/09\/yonathan-arfi-crif-etat-palestinien-22-09-e7be32-0@1x.jpeg\" alt=\"Yonathan Arfi, pr\u00e9sident du Crif, s'est exprim\u00e9 au sujet de la reconnaissance de l'Etat palestinien sur le plateau le LCI.\" loading=\"lazy\" importance=\"low\" fetchpriority=\"low\" class=\"\" aria-hidden=\"true\"\/>Publi\u00e9 aujourd&rsquo;hui \u00e0 14h24MELENCHON FUSTIGE LA MAIRIE DE PARIS13:44<\/p>\n<p>Le leader de La France insoumise Jean-Luc M\u00e9lenchon a qualifi\u00e9 lundi de \u00ab\u00a0consternante de stupidit\u00e9\u00a0\u00bb la d\u00e9cision de la maire de Paris Anne Hidalgo de projeter dimanche soir les drapeaux isra\u00e9lien et palestinien sur la tour Eiffel.\u00a0<\/p>\n<p>\u00ab\u00a0Hidalgo, dans la grande tradition des coups tordus de congr\u00e8s (socialistes, ndlr), pavoise la tour Eiffel aux drapeaux d&rsquo;Isra\u00ebl et de Palestine. Consternant de stupidit\u00e9 apr\u00e8s deux ans de g\u00e9nocide\u00a0\u00bb, a \u00e9crit le fondateur de LFI sur son blog. \u00a0\u00ab\u00a0Le ni\/ni devient un +et en m\u00eame temps+ d\u00e9go\u00fbtant. Le PS trahit tout le monde \u00e0 la fois\u00a0\u00bb, a accus\u00e9 Jean-Luc M\u00e9lenchon.<\/p>\n<p>Ce pavoisement sur un grand \u00e9cran a eu lieu dimanche de 21H00 \u00e0 23H45. La mairie de Paris, propri\u00e9taire du monument, \u00ab\u00a0soutient l&rsquo;initiative port\u00e9e aux Nations-Unies par le pr\u00e9sident de la R\u00e9publique fran\u00e7aise pour la reconnaissance de l&rsquo;Etat de Palestine\u00a0\u00bb, avait affirm\u00e9 dimanche la maire socialiste de Paris sur le r\u00e9seau social Bluesky.<\/p>\n<p>LE BILAN REVU A LA HAUSSE POUR LES DRAPEAUX SUR LES MAIRIES13:43<\/p>\n<p>Le minist\u00e8re de l&rsquo;Int\u00e9rieur, qui avait donn\u00e9 instruction aux pr\u00e9fets de faire cesser tout pavoisement en vertu du principe de neutralit\u00e9 du service public, de non ing\u00e9rence dans la politique internationale de la France et du risque de \u00ab\u00a0troubles graves\u00a0\u00bb \u00e0 l&rsquo;ordre public, a recens\u00e9 lundi midi 52 communes r\u00e9fractaires.<\/p>\n<p>A Saint-Denis, le maire PS Mathieu Hanotin a ainsi hiss\u00e9 \u00e0 9H40 la banni\u00e8re rouge, noire, blanche et verte aux c\u00f4t\u00e9s des drapeaux fran\u00e7ais et europ\u00e9en.<\/p>\n<p>\u00ab\u00a0Nous souhaitons marquer le coup de cette journ\u00e9e historique (&#8230;). Depuis des ann\u00e9es je me bats pour l&rsquo;\u00e9mergence d&rsquo;une solution \u00e0 deux Etats comme seule solution durable pour esp\u00e9rer une paix au Proche-Orient\u00a0\u00bb, a-t-il d\u00e9clar\u00e9 devant la presse, \u00e9voquant aussi un \u00ab\u00a0t\u00e9moignage de solidarit\u00e9 internationale vis-\u00e0-vis des massacres en cours\u00a0\u00bb.<\/p>\n<p>UNE PLAINTE CONTRE DES COLONS10:54<\/p>\n<p>L&rsquo;association France Palestine Solidarit\u00e9 a port\u00e9 plainte lundi \u00e0 Paris contre des Franco-Isra\u00e9liens, accus\u00e9s de se rendre complices de crimes de guerre et contre l&rsquo;humanit\u00e9 en participant et soutenant la colonisation dans les territoires occup\u00e9s par Isra\u00ebl, a-t-on appris aupr\u00e8s de leur avocate.<\/p>\n<p>La plainte, d\u00e9pos\u00e9e lundi contre X devant le Parquet national antiterroriste, comp\u00e9tent en mati\u00e8re de crimes contre l&rsquo;humanit\u00e9, identifie au total \u00ab\u00a0six personnes\u00a0\u00bb qui pourraient \u00eatre poursuivies, a expliqu\u00e9 \u00e0 l&rsquo;AFP Me Sarah Sameur. \u00a0Elle vise plus particuli\u00e8rement deux colons franco-isra\u00e9liens et leurs organisations, proches de l&rsquo;extr\u00eame droite isra\u00e9lienne.<\/p>\n<p>L&rsquo;association esp\u00e8re par ce biais ouvrir un front juridique en France contre la colonisation isra\u00e9lienne des territoires palestiniens, condamn\u00e9e par l&rsquo;ONU.<\/p>\n<p>\u00ab\u00a0LE HAMASTAN ET NON LA PALESTINE\u00a0\u00bb10:51<\/p>\n<p>La d\u00e9put\u00e9e a vivement critiqu\u00e9 la reconnaissance de l&rsquo;Etat palestinien par la France,\u00a0fustigeant un \u00ab\u00a0\u00e9tat terroriste.\u00a0\u00bb<\/p>\n<blockquote data-testid=\"EmbedTwitter\" id=\"tweet-1970017257829929216-:Rect9lkmcmj9n79m:\" class=\"jsx-aeff1a1c40f54d7a twitter-tweet flex justify-center items-center\"><p>En effectuant cette reconnaissance aujourd\u2019hui, sans aucune condition, c\u2019est le Hamastan et non la Palestine que reconna\u00eet Emmanuel Macron. Un \u00c9tat terroriste dont l\u2019acte de naissance sera \u00e9crit avec le sang des victimes du plus grand pogrom organis\u00e9 depuis la Deuxi\u00e8me Guerre\u2026 \u2014 Marine Le Pen (@MLP_officiel)  September 22, 2025<\/p><\/blockquote>\n<p>\u00ab\u00a0PAS LE DRAPEAU DU HAMAS\u00a0\u00bb10:49<\/p>\n<p>Reconna\u00eetre un \u00c9tat de Palestine ne constitue pas \u00ab\u00a0un geste qui favorise le Hamas\u00a0\u00bb mais rappelle au gouvernement isra\u00e9lien que \u00ab\u00a0nous ne sommes pas pr\u00eats \u00e0 accepter l&rsquo;id\u00e9e qu&rsquo;il y ait un grand Isra\u00ebl\u00a0\u00bb de la \u00ab\u00a0M\u00e9diterran\u00e9e jusqu&rsquo;au fleuve du Jourdain\u00a0\u00bb, a estim\u00e9 lundi le patron du PS Olivier Faure.<\/p>\n<p>\u00ab\u00a0Ce drapeau-l\u00e0 n&rsquo;est pas le drapeau du Hamas, il est le drapeau de femmes et d&rsquo;hommes qui ont le droit, eux aussi, \u00e0 la libert\u00e9 et \u00e0 l&rsquo;autod\u00e9termination\u00a0\u00bb, a d\u00e9clar\u00e9 le d\u00e9put\u00e9 lors d&rsquo;une c\u00e9r\u00e9monie de pavoisement de la mairie socialiste de Saint-Denis (Seine-Saint-Denis) avec le drapeau palestinien.\u00a0<\/p>\n<p>L&rsquo;\u00c9tat de Palestine que la France doit reconna\u00eetre lundi soir devant l&rsquo;ONU, \u00ab\u00a0est un \u00c9tat qui reste virtuel \u00e0 ce stade mais c&rsquo;est une fa\u00e7on d&rsquo;engager le d\u00e9bat, d&rsquo;engager une autre voie\u00a0\u00bb, a-t-il ajout\u00e9, en soutien au pr\u00e9sident Emmanuel Macron qui a men\u00e9 ce combat depuis plusieurs mois.\u00a0<\/p>\n<p>LE DRAPEAU PALESTINIEN HISS\u00c9 SUR 21 COMMUNES EN FRANCE10:48<\/p>\n<p>Le minist\u00e8re de l&rsquo;int\u00e9rieur recensait 21 communes ayant hiss\u00e9 le drapeau palestinien sur un total de 34 875 communes en France, selon une source au minist\u00e8re de l\u2019Int\u00e9rieur jointe par TF1.<\/p>\n<p>ALLEMAGNE10:04<\/p>\n<p>L&rsquo;Allemagne a r\u00e9affirm\u00e9 sa position selon laquelle la reconnaissance d&rsquo;un Etat palestinien ne devrait intervenir qu&rsquo;\u00e0 la fin d&rsquo;un processus de n\u00e9gociation d&rsquo;une solution \u00e0 deux Etats, face au nombre croissant de pays ayant fait \u00e9tat de cette reconnaissance.<\/p>\n<p>\u00ab\u00a0Une solution n\u00e9goci\u00e9e \u00e0 deux Etats est la voie qui peut permettre aux Isra\u00e9liens et aux Palestiniens de vivre dans la paix, la s\u00e9curit\u00e9 et la dignit\u00e9\u00a0\u00bb, a d\u00e9clar\u00e9 le ministre allemand des Affaires \u00e9trang\u00e8res, Johann Wadephul, avant son d\u00e9part pour New York o\u00f9 il doit participer \u00e0 l&rsquo;Assembl\u00e9e g\u00e9n\u00e9rale des Nations unies.\u00a0<\/p>\n<p>\u00ab\u00a0Pour l&rsquo;Allemagne, la reconnaissance d&rsquo;un Etat palestinien se situe plut\u00f4t \u00e0 la fin du processus. Mais un tel processus doit commencer d\u00e8s maintenant\u00a0\u00bb, a-t-il ajout\u00e9.<\/p>\n<p>INTERVIEW10:04<\/p>\n<p>Par ailleurs, pour le ministre des Affaires \u00e9trang\u00e8res d\u00e9missionnaire, la lib\u00e9ration des otages toujours aux mains du Hamas \u00ab\u00a0est une condition claire avant que nous ouvrions une ambassade\u00a0\u00bb.<\/p>\n<p>Politique<\/p>\n<p>VU SUR TF1<\/p>\n<p><img decoding=\"async\" src=\"https:\/\/www.europesays.com\/fr\/wp-content\/uploads\/2025\/09\/jean-noel-barrot-22-septembre-2025-tf1-1d57ea-0@1x.jpeg\" alt=\"Reconnaissance de l'\u00c9tat palestinien : &quot;Une victoire diplomatique majeure pour la France&quot;, se f\u00e9licite Jean-No\u00ebl Barrot\" loading=\"lazy\" importance=\"low\" fetchpriority=\"low\" class=\"\" aria-hidden=\"true\"\/>Publi\u00e9 aujourd&rsquo;hui \u00e0 9h23&Prime;GAZA EST DEVENU UN MOUROIR\u00a0\u00bb08:07<\/p>\n<p>Interrog\u00e9 sur la volont\u00e9 du gouvernement isra\u00e9lien de poursuivre la <a href=\"https:\/\/www.tf1info.fr\/international\/israel-valide-un-plan-de-colonisation-en-cisjordanie-qui-couperait-en-deux-un-eventuel-etat-palestinien-2389752.html\" target=\"_blank\" rel=\"noopener\">colonisation en Cisjordanie (nouvelle fen\u00eatre)<\/a> occup\u00e9e, Jean-No\u00ebl Barrot affirme qu&rsquo;il est \u00ab\u00a0illusoire d&rsquo;imaginer pouvoir r\u00e9cup\u00e9rer les otages sans tracer une perspective politique. Ce qui a achopp\u00e9 jusqu&rsquo;\u00e0 pr\u00e9sent dans les n\u00e9gociations entre Isra\u00ebl et le Hamas, c&rsquo;est de savoir ce qui se passerait apr\u00e8s. Le plan de la France pour la solution \u00e0 deux \u00c9tats comporte des \u00e9tapes concr\u00e8tes pour pr\u00e9parer l&rsquo;imm\u00e9diate apr\u00e8s-guerre pour qu&rsquo;une mission de stabilisation puisse venir \u00e0 Gaza, assurer la protection des Palestiniens comme des Isra\u00e9liens.\u00a0\u00bb<\/p>\n<p>Pourquoi le ministre refuse-t-il d&#8217;employer le mot \u00ab\u00a0g\u00e9nocide\u00a0\u00bb ? Car il appartient \u00ab\u00a0aux juridictions internationales, \u00e0 la Cour internationale de Justice, la Cour p\u00e9nale internationale, de trancher cette question\u00a0\u00bb. Selon Jean-No\u00ebl Barrot, le rapport de l&rsquo;ONU employant ce mot t\u00e9moigne n\u00e9anmoins de la gravit\u00e9 de la situation et \u00ab\u00a0appelle \u00e0 ce que cela cesse : Gaza est devenu un mouroir.\u00a0\u00bb<\/p>\n<p>\u00ab\u00a0L&rsquo;\u00c9TAT DE PALESTINE, C&rsquo;EST LA FIN DU HAMAS\u00a0\u00bb08:02<\/p>\n<p>Jean-No\u00ebl Barrot consid\u00e8re-t-il que le gouvernement n&rsquo;a pas convaincu la communaut\u00e9 juive en France ? \u00ab\u00a0Notre r\u00f4le a \u00e9t\u00e9 d&rsquo;amener les pays arabes, l&rsquo;Autorit\u00e9 palestinienne, \u00e0 des gestes envers Isra\u00ebl. La France est ind\u00e9fectiblement attach\u00e9e \u00e0 la s\u00e9curit\u00e9 d&rsquo;Isra\u00ebl, nous l&rsquo;avons d\u00e9montr\u00e9 (&#8230;) quand son existence \u00e9tait en jeu. Nous l&rsquo;avons montr\u00e9 l&rsquo;ann\u00e9e derni\u00e8re en contribuant \u00e0 parer les attaques balistiques visant Isra\u00ebl.\u00a0\u00bb<\/p>\n<p>Le ministre l&rsquo;assure : \u00ab\u00a0Notre analyse, notre conviction profonde, c&rsquo;est que l&rsquo;\u00c9tat de Palestine, c&rsquo;est la fin du Hamas et la s\u00e9curit\u00e9 pour Isra\u00ebl.\u00a0\u00bb<\/p>\n<p>UNE RECONNAISSANCE \u00ab\u00a0PROGRESSIVE\u00a0\u00bb SELON BARROT07:58<\/p>\n<p>Pour Jean-No\u00ebl Barrot, la France \u00ab\u00a0a obtenu le 12 septembre dernier pour la premi\u00e8re fois que les Nations unies condamnent le Hamas pour ses crimes, appellent \u00e0 son d\u00e9sarmement et l&rsquo;exclusion de tout futur r\u00f4le dans la gouvernance de Gaza. Les pays arabes entourant Isra\u00ebl ont affirm\u00e9 leur intention d&rsquo;entrer dans une organisation r\u00e9gionale commune avec Isra\u00ebl et la Palestine. C&rsquo;est la premi\u00e8re fois qu&rsquo;ils le disent.\u00a0\u00bb<\/p>\n<p>\u00ab\u00a0La d\u00e9cision que le pr\u00e9sident pr\u00e9sentera cet apr\u00e8s-midi est symbolique, imm\u00e9diate, politique, d\u00e9montrant l&rsquo;attachement de la France \u00e0 la solution \u00e0 deux Etats. Sa mise en oeuvre sera progressive et conditionn\u00e9e \u00e0 des \u00e9l\u00e9ments sur le terrain, dont la lib\u00e9ration des otages.\u00a0\u00bb<\/p>\n<p>\u00ab\u00a0UNE VICTOIRE DIPLOMATIQUE POUR LA FRANCE\u00a0\u00bb07:54<\/p>\n<p>Invit\u00e9 dans Bonjour ! sur TF1, le ministre des Affaires \u00e9trang\u00e8res d\u00e9missionnaire Jean-No\u00ebl Barrot consid\u00e8re que \u00ab\u00a0cette journ\u00e9e est un grand jour pour la paix, c&rsquo;est une victoire diplomatique majeure pour la France.\u00a0\u00bb<\/p>\n<p>\u00ab\u00a0Que fera si Isra\u00ebl ferme l&rsquo;ambassade fran\u00e7aise en repr\u00e9sailles ? Ce n&rsquo;est en aucun cas dans leur int\u00e9r\u00eat. Si des mesures telles sont prises, nous y r\u00e9pondrons avec une extr\u00eame fermet\u00e9. J&rsquo;esp\u00e8re que nous n&rsquo;en arriverons pas l\u00e0, cette initiative concourt \u00e0 la s\u00e9curit\u00e9 d&rsquo;Isra\u00ebl\u00a0\u00bb.<\/p>\n<p>REACTION 07:37<\/p>\n<p>Pour des membres de la communaut\u00e9 juive, ce reconnaissance intervient au mauvais moment.<\/p>\n<p>Reconnaissance de la Palestine : col\u00e8re de la communaut\u00e9 juiveSource : TF1 Info<\/p>\n<p><img decoding=\"async\" src=\"https:\/\/www.europesays.com\/fr\/wp-content\/uploads\/2025\/09\/reconnaissance-de-la-palestine-colere-de-la-communaute-juive-d733af-0@1x.jpeg\" alt=\"Reconnaissance de la Palestine : col\u00e8re de la communaut\u00e9 juive\" loading=\"lazy\" importance=\"low\" fetchpriority=\"low\" class=\"\"\/><img decoding=\"async\" src=\"https:\/\/www.tf1info.fr\/images\/icons\/player-logo-play.svg\" alt=\"Logo lecture\" class=\"jsx-d0de44c05fe3042c PlayerLazyload__Play\"\/>VRAI CHANGEMENT OU PUR SYMBOLE ?06:20<\/p>\n<p>Emmanuel Macron va reconna\u00eetre officiellement l&rsquo;\u00c9tat de Palestine lundi 22 septembre \u00e0 l&rsquo;ONU. Cette d\u00e9cision, dans la lign\u00e9e de la position historique fran\u00e7aise, est avant tout symbolique. Elle permet cependant \u00e0 Paris de \u00ab\u00a0corriger une exception\u00a0\u00bb, comme nous l&rsquo;explique Am\u00e9lie F\u00e9rey, chercheuse \u00e0 l&rsquo;Ifri.<\/p>\n<p>International<\/p>\n<p>INTERVIEW<\/p>\n<p><img decoding=\"async\" src=\"https:\/\/www.europesays.com\/fr\/wp-content\/uploads\/2025\/09\/macron-abbas-etat-palestinien-d1706d-1@1x.jpeg\" alt=\"Reconnaissance de l'\u00c9tat palestinien : vrai changement ou pur symbole ?\" loading=\"lazy\" importance=\"low\" fetchpriority=\"low\" class=\"\" aria-hidden=\"true\"\/>Publi\u00e9 aujourd&rsquo;hui \u00e0 6h00RECONNAISSANCE DE LA PALESTINE05:58<\/p>\n<p>Quatre pays ont reconnu officiellement l&rsquo;\u00c9tat palestinien dimanche. Le Canada, le Royaume-Uni, l&rsquo;Australie et le Portugal embo\u00eetent le pas \u00e0 la France.<\/p>\n<p>International<img decoding=\"async\" src=\"https:\/\/www.europesays.com\/fr\/wp-content\/uploads\/2025\/09\/drapeau-palestienne-90bb9e-0@1x.jpeg\" alt=\"Le Royaume-Uni, le Canada, l'Australie et le Portugal reconnaissent l'\u00c9tat de Palestine\" loading=\"lazy\" importance=\"low\" fetchpriority=\"low\" class=\"\" aria-hidden=\"true\"\/>JOURN\u00c9E HISTORIQUE05:49<\/p>\n<p>Emmanuel Macron va prendre la parole ce lundi \u00e0 21h (heure fran\u00e7aise) devant l&rsquo;Assembl\u00e9e g\u00e9n\u00e9rale de l&rsquo;ONU. Sa d\u00e9claration solennelle va valoir reconnaissance officielle de l&rsquo;\u00c9tat de Palestine par la France. TF1info fait le point sur le d\u00e9roul\u00e9 de la journ\u00e9e.<\/p>\n<p>International<img decoding=\"async\" src=\"https:\/\/www.europesays.com\/fr\/wp-content\/uploads\/2025\/09\/macron-reconnaissance-palestine-86acfb-1@1x.jpeg\" alt=\"Reconnaissance de l\u2019\u00c9tat de Palestine : ce que l'on sait de la prise de parole d'Emmanuel Macron \u00e0 l'ONU ce lundi\" loading=\"lazy\" importance=\"low\" fetchpriority=\"low\" class=\"\" aria-hidden=\"true\"\/>Publi\u00e9 aujourd&rsquo;hui \u00e0 5h47<\/p>\n<p data-module=\"article-paragraph\" class=\"jsx-3046738180 Paragraph\">Le Royaume-Uni, l&rsquo;Australie le Canada et le Portugal ont officiellement <a href=\"https:\/\/www.tf1info.fr\/international\/le-royaume-uni-le-canada-et-l-australie-reconnaissent-l-etat-de-palestine-2395922.html\" target=\"_blank\" rel=\"noopener\">reconnu dimanche l&rsquo;Etat de Palestine<\/a>, \u00e0 la veille d&rsquo;annonces similaires d&rsquo;autres pays &#8211; dont la France &#8211; et avant l&rsquo;Assembl\u00e9e g\u00e9n\u00e9rale de l&rsquo;ONU, une d\u00e9cision historique mais surtout symbolique fustig\u00e9e par Isra\u00ebl qui menace d&rsquo;\u00e9tendre la colonisation en Cisjordanie occup\u00e9e.\u00a0<\/p>\n<p data-module=\"article-paragraph\" class=\"jsx-3046738180 Paragraph Paragraph__End\">Cette reconnaissance, de la part notamment d&rsquo;alli\u00e9s historiques d&rsquo;Isra\u00ebl, intervient alors que l&rsquo;arm\u00e9e isra\u00e9lienne a intensifi\u00e9 son offensive \u00e0 Gaza, d\u00e9clench\u00e9e par une attaque meurtri\u00e8re du mouvement islamiste palestinien Hamas en 2023.<\/p>\n<p data-module=\"article-paragraph\" class=\"jsx-3046738180 Paragraph\">Isra\u00ebl voit la pression internationale s&rsquo;accentuer face \u00e0 la situation humanitaire d\u00e9sastreuse dans le territoire palestinien assi\u00e9g\u00e9. Un nombre croissant d&rsquo;autres Etats, longtemps proches d&rsquo;Isra\u00ebl, ont d\u00e9j\u00e0 franchi ce pas symbolique ces derniers mois, et ce malgr\u00e9 les fortes pressions des Etats-Unis et d&rsquo;Isra\u00ebl.<\/p>\n<p data-module=\"article-paragraph\" class=\"jsx-3046738180 Paragraph\">Lors d&rsquo;un sommet lundi copr\u00e9sid\u00e9 par la France et l&rsquo;Arabie saoudite &#8211; qui doit se pencher sur l&rsquo;avenir de la solution \u00e0 deux Etats \u00e0 la veille de l&rsquo;Assembl\u00e9e g\u00e9n\u00e9rale de l&rsquo;ONU -, une dizaine de pays doivent confirmer leur reconnaissance formelle de l&rsquo;Etat palestinien.<\/p>\n<p data-module=\"article-paragraph\" class=\"jsx-3046738180 Paragraph Paragraph__End\">Le Premier ministre isra\u00e9lien Benjamin Netanyahou a lui affirm\u00e9 dimanche vouloir \u00e9tendre la colonisation en Cisjordanie occup\u00e9e et martel\u00e9 <a href=\"https:\/\/www.tf1info.fr\/international\/reconnaissance-de-l-etat-palestinien-netanyahou-denonce-une-recompense-enorme-au-terrorisme-2395929.html\" target=\"_blank\" rel=\"noopener\">qu&rsquo;il n&rsquo;y aurait pas d&rsquo;Etat palestinien<\/a>. \u00ab\u00a0Cela n&rsquo;arrivera pas. Aucun Etat palestinien ne verra le jour \u00e0 l&rsquo;ouest du Jourdain\u00a0\u00bb, a-t-il dit dans une vid\u00e9o diffus\u00e9e par son bureau. Le ministre de la S\u00e9curit\u00e9 nationale, Itamar Ben Gvir, a lui propos\u00e9 de r\u00e9pondre par l&rsquo;annexion \u00ab\u00a0imm\u00e9diate\u00a0\u00bb de la Cisjordanie.\u00a0<\/p>\n<p><a href=\"https:\/\/www.tf1info.fr\/international\/les-drapeaux-palestinien-et-israelien-projetes-sur-la-tour-eiffel-ce-dimanche-soir-2395954.html\" rel=\"noopener\" class=\"jsx-3308031228 Link flex\" target=\"_blank\"><img decoding=\"async\" src=\"https:\/\/www.europesays.com\/fr\/wp-content\/uploads\/2025\/09\/tour-eiffel-2232-91d3eb-0@1x.jpeg\" alt=\"Anne Hidalgo \/ BlueSky\" loading=\"lazy\" importance=\"low\" fetchpriority=\"low\" class=\"\" aria-hidden=\"true\"\/><\/p>\n<p class=\"jsx-3657663356 ReadMoreArticle__Title\">Lire aussi<\/p>\n<p class=\"jsx-3657663356\">Les drapeaux palestinien et isra\u00e9lien projet\u00e9s sur la tour Eiffel ce dimanche soir<\/p>\n<p><\/a><\/p>\n<p data-module=\"article-paragraph\" class=\"jsx-3046738180 Paragraph\">Face aux accusations du gouvernement, isra\u00e9lien Keir Starmer a r\u00e9p\u00e9t\u00e9 que sa d\u00e9cision n&rsquo;\u00e9tait \u00ab\u00a0pas une r\u00e9compense envers le Hamas\u00a0\u00bb qui \u00ab\u00a0ne peut avoir aucun avenir, aucun r\u00f4le\u00a0\u00bb \u00e0 l&rsquo;avenir en Palestine.<\/p>\n<p data-module=\"article-paragraph\" class=\"jsx-3046738180 Paragraph\">Le pr\u00e9sident fran\u00e7ais Emmanuel Macron a lui pr\u00e9cis\u00e9, dans un entretien diffus\u00e9 dimanche sur la cha\u00eene am\u00e9ricaine CBS, que Paris posait comme \u00ab\u00a0condition claire\u00a0\u00bb \u00e0 l&rsquo;ouverture d&rsquo;une ambassade en Palestine la lib\u00e9ration des otages isra\u00e9liens d\u00e9tenus \u00e0 Gaza par le Hamas.<\/p>\n<p data-module=\"article-paragraph\" class=\"jsx-3046738180 Paragraph Paragraph__End\">Les trois quarts environ des 193 Etats membres de l&rsquo;ONU reconnaissent l&rsquo;Etat palestinien proclam\u00e9 par la direction palestinienne en exil en 1988.<\/p>\n<p>La r\u00e9daction de TF1info<\/p>\n<p><script async src=\"https:\/\/platform.twitter.com\/widgets.js\" charset=\"utf-8\"><\/script><\/p>\n","protected":false},"excerpt":{"rendered":"Apr\u00e8s le Canada, le Royaume-Uni, l&rsquo;Australie et le Portugal dimanche, la France a officiellement reconnu l&rsquo;\u00c9tat palestinien ce&hellip;\n","protected":false},"author":2,"featured_media":410236,"comment_status":"","ping_status":"","sticky":false,"template":"","format":"standard","meta":{"footnotes":""},"categories":[4],"tags":[1111,11,4947,1921,4628,952,2486,1073,73,1011,27,3519,1922,664,12736,24211,10059,12,25,133,1920],"class_list":{"0":"post-410235","1":"post","2":"type-post","3":"status-publish","4":"format-standard","5":"has-post-thumbnail","7":"category-france","8":"tag-actu","9":"tag-actualites","10":"tag-arabie-saoudite","11":"tag-article-video","12":"tag-bande-de-gaza","13":"tag-benyamin-netanyahou","14":"tag-cisjordanie","15":"tag-emmanuel-macron","16":"tag-etats-unis","17":"tag-fr","18":"tag-france","19":"tag-hamas","20":"tag-info","21":"tag-israel","22":"tag-israel-palestine","23":"tag-israel-veut-prendre-le-controle-de-gaza","24":"tag-mahmoud-abbas","25":"tag-news","26":"tag-republique-francaise","27":"tag-video","28":"tag-video-international"},"share_on_mastodon":{"url":"https:\/\/pubeurope.com\/@fr\/115249739266673483","error":""},"_links":{"self":[{"href":"https:\/\/www.europesays.com\/fr\/wp-json\/wp\/v2\/posts\/410235","targetHints":{"allow":["GET"]}}],"collection":[{"href":"https:\/\/www.europesays.com\/fr\/wp-json\/wp\/v2\/posts"}],"about":[{"href":"https:\/\/www.europesays.com\/fr\/wp-json\/wp\/v2\/types\/post"}],"author":[{"embeddable":true,"href":"https:\/\/www.europesays.com\/fr\/wp-json\/wp\/v2\/users\/2"}],"replies":[{"embeddable":true,"href":"https:\/\/www.europesays.com\/fr\/wp-json\/wp\/v2\/comments?post=410235"}],"version-history":[{"count":0,"href":"https:\/\/www.europesays.com\/fr\/wp-json\/wp\/v2\/posts\/410235\/revisions"}],"wp:featuredmedia":[{"embeddable":true,"href":"https:\/\/www.europesays.com\/fr\/wp-json\/wp\/v2\/media\/410236"}],"wp:attachment":[{"href":"https:\/\/www.europesays.com\/fr\/wp-json\/wp\/v2\/media?parent=410235"}],"wp:term":[{"taxonomy":"category","embeddable":true,"href":"https:\/\/www.europesays.com\/fr\/wp-json\/wp\/v2\/categories?post=410235"},{"taxonomy":"post_tag","embeddable":true,"href":"https:\/\/www.europesays.com\/fr\/wp-json\/wp\/v2\/tags?post=410235"}],"curies":[{"name":"wp","href":"https:\/\/api.w.org\/{rel}","templated":true}]}}