{"id":410239,"date":"2025-09-22T20:08:15","date_gmt":"2025-09-22T20:08:15","guid":{"rendered":"https:\/\/www.europesays.com\/fr\/410239\/"},"modified":"2025-09-22T20:08:15","modified_gmt":"2025-09-22T20:08:15","slug":"valentin-royer-qualifie-a-hangzhou-pour-sa-premiere-finale-atp","status":"publish","type":"post","link":"https:\/\/www.europesays.com\/fr\/410239\/","title":{"rendered":"Valentin Royer qualifi\u00e9 \u00e0 Hangzhou pour sa premi\u00e8re finale ATP"},"content":{"rendered":"<p>Le Fran\u00e7ais s\u2019est impos\u00e9 en demi-finales face \u00e0 son compatriote Corentin Moutet en deux manches \u00e0 sens unique (6-3, 6-2).<\/p>\n<p class=\"fig-paragraph\">Le Fran\u00e7ais Valentin Royer (88e mondial) s&rsquo;est qualifi\u00e9 lundi \u00e0 Hangzhou, dans l&rsquo;est de la Chine, pour sa premi\u00e8re finale sur le circuit ATP. Deux jours apr\u00e8s avoir vaincu pour la premi\u00e8re fois un membre du top 20 mondial (le 14e Andrey Rublev), le droitier de 24 ans s&rsquo;est impos\u00e9 en deux manches (6-3, 6-2) contre son compatriote Corentin Moutet (39e), qu&rsquo;il affrontait pour la premi\u00e8re fois.<\/p>\n<p class=\"fig-paragraph\">Royer est le sixi\u00e8me Fran\u00e7ais \u00e0 atteindre la finale d&rsquo;un tournoi ATP en 2025, apr\u00e8s Alexandre M\u00fcller (vainqueur \u00e0 Hong Kong et finaliste \u00e0 Rio de Janeiro), Ga\u00ebl Monfils (vainqueur \u00e0 Auckland), Ugo Humbert (vainqueur \u00e0 Marseille), Corentin Moutet (finaliste \u00e0 Majorque) et Arthur Cazaux (finaliste \u00e0 Kitzb\u00fchel). \u00c0 l\u2019exception de M\u00fcller qui a atteint la finale d&rsquo;un ATP 500 \u00e0 Rio, tous les autres fran\u00e7ais de la saison ont jou\u00e9 le titre dans des tournois ATP 250, ceux qui rapportent le moins de points sur le circuit ATP.<\/p>\n<p>                                    <a class=\"fig-a11y-skip a11y-hidden\" href=\"#fig-a11y-skip-main-inarticle\"><br \/>\n        Passer la publicit\u00e9<br \/>\n    <\/a><\/p>\n<p class=\"fig-paragraph\">Royer affrontera mardi pour le titre le laur\u00e9at de la seconde demi-finale entre le Kazakh Alexander Bublik (19e) et le natif d&rsquo;Hangzhou Wu Yibing (196e), invit\u00e9 par les organisateurs du tournoi et tombeur de l&rsquo;ex-num\u00e9ro 1 mondial Daniil Medvedev en quarts de finale. Issu des qualifications, Royer a align\u00e9 lundi une sixi\u00e8me victoire d&rsquo;affil\u00e9e et atteindra le meilleur rang de sa carri\u00e8re dans le prochain classement ATP.<\/p>\n","protected":false},"excerpt":{"rendered":"Le Fran\u00e7ais s\u2019est impos\u00e9 en demi-finales face \u00e0 son compatriote Corentin Moutet en deux manches \u00e0 sens unique&hellip;\n","protected":false},"author":2,"featured_media":410240,"comment_status":"","ping_status":"","sticky":false,"template":"","format":"standard","meta":{"footnotes":""},"categories":[1415],"tags":[47,4169,525,1981,4178,4179,1011,27,1114,3996,4177,4176,4174,4175,1980,4171,60,1467,4172,4173,4170],"class_list":{"0":"post-410239","1":"post","2":"type-post","3":"status-publish","4":"format-standard","5":"has-post-thumbnail","7":"category-tennis","8":"tag-actualite","9":"tag-atp","10":"tag-calendrier","11":"tag-classement","12":"tag-coupe-davis","13":"tag-fed-cup","14":"tag-fr","15":"tag-france","16":"tag-infos","17":"tag-jeux-olympiques","18":"tag-masters-1000","19":"tag-masters-500","20":"tag-masters-series","21":"tag-open-daustralie","22":"tag-resultats","23":"tag-roland-garros","24":"tag-sports","25":"tag-tennis","26":"tag-us-open","27":"tag-wimbledon","28":"tag-wta"},"share_on_mastodon":{"url":"https:\/\/pubeurope.com\/@fr\/115249761735659174","error":""},"_links":{"self":[{"href":"https:\/\/www.europesays.com\/fr\/wp-json\/wp\/v2\/posts\/410239","targetHints":{"allow":["GET"]}}],"collection":[{"href":"https:\/\/www.europesays.com\/fr\/wp-json\/wp\/v2\/posts"}],"about":[{"href":"https:\/\/www.europesays.com\/fr\/wp-json\/wp\/v2\/types\/post"}],"author":[{"embeddable":true,"href":"https:\/\/www.europesays.com\/fr\/wp-json\/wp\/v2\/users\/2"}],"replies":[{"embeddable":true,"href":"https:\/\/www.europesays.com\/fr\/wp-json\/wp\/v2\/comments?post=410239"}],"version-history":[{"count":0,"href":"https:\/\/www.europesays.com\/fr\/wp-json\/wp\/v2\/posts\/410239\/revisions"}],"wp:featuredmedia":[{"embeddable":true,"href":"https:\/\/www.europesays.com\/fr\/wp-json\/wp\/v2\/media\/410240"}],"wp:attachment":[{"href":"https:\/\/www.europesays.com\/fr\/wp-json\/wp\/v2\/media?parent=410239"}],"wp:term":[{"taxonomy":"category","embeddable":true,"href":"https:\/\/www.europesays.com\/fr\/wp-json\/wp\/v2\/categories?post=410239"},{"taxonomy":"post_tag","embeddable":true,"href":"https:\/\/www.europesays.com\/fr\/wp-json\/wp\/v2\/tags?post=410239"}],"curies":[{"name":"wp","href":"https:\/\/api.w.org\/{rel}","templated":true}]}}