{"id":410241,"date":"2025-09-22T20:12:18","date_gmt":"2025-09-22T20:12:18","guid":{"rendered":"https:\/\/www.europesays.com\/fr\/410241\/"},"modified":"2025-09-22T20:12:18","modified_gmt":"2025-09-22T20:12:18","slug":"le-top-instagram-de-la-semaine-quartararo-roule-avec-le-v4-rossi-le-decouvre-la-mere-de-bezzecchi-tombe-a-la-renverse-15-au-21-septembre","status":"publish","type":"post","link":"https:\/\/www.europesays.com\/fr\/410241\/","title":{"rendered":"Le Top Instagram de la semaine : Quartararo roule avec le V4, Rossi le d\u00e9couvre, la m\u00e8re de Bezzecchi tombe \u00e0 la renverse&#8230; (15 au 21 septembre)"},"content":{"rendered":"<p><strong>Chaque semaine, les pilotes et les \u00e9quipes des<br \/>\ndiff\u00e9rents championnats partagent leur quotidien sur les r\u00e9seaux<br \/>\nsociaux, avec une pr\u00e9f\u00e9rence pour <a href=\"https:\/\/www.instagram.com\/\" rel=\"nofollow noopener\" target=\"_blank\">Instagram<\/a>. C\u2019est bel et bien sur<br \/>\nce r\u00e9seau social qu\u2019il faut \u00eatre pour ne rien manquer, mais il<br \/>\nn\u2019est pas toujours \u00e9vident de voir tous les posts.<\/strong><br \/>\n<strong>Entre actualit\u00e9, belles images, humour et parfois \u00e9motion,<br \/>\nnous vous proposons chaque semaine de d\u00e9couvrir \u00ab le Top Instagram<br \/>\n\u00bb afin de suivre les coulisses du MotoGP, Moto2, Moto3, Superbike<br \/>\nou encore MotoAmerica au fil des publications. C\u2019est parti<br \/>\n!<\/strong><\/p>\n<p style=\"text-align: center;\"><strong>LE TOP INSTAGRAM :<br \/>\nSEMAINE DU 15 AU 21 SEPTEMBRE<\/strong><\/p>\n<p>Lundi 15 septembre : C\u2019\u00e9tait l\u2019\u00e9v\u00e9nement du test MotoGP<br \/>\nde Misano : les pilotes Yamaha ont pu rouler pour la premi\u00e8re fois<br \/>\navec <a href=\"https:\/\/www.paddock-gp.com\/motogp-test-misano-fabio-quartararo-sans-detour-apres-avoir-essaye-le-v4-on-nest-pas-prets-pour-2026\/\" target=\"_blank\" rel=\"noopener nofollow\">la Yamaha \u00e9quip\u00e9e d\u2019un moteur V4<\/a><br \/>\nen-dehors des essais priv\u00e9s. Ici, la premi\u00e8re sortie de<br \/>\n<strong>Fabio Quartararo<\/strong>\u00a0(Cliquez sur l\u2019image<br \/>\npour voir la vid\u00e9o).<\/p>\n<p>Lundi 15 septembre : Pr\u00e9sent \u00e0 Misano pour soutenir son<br \/>\n\u00e9quipe et les pilotes de son Academy, <strong>Valentino<br \/>\nRossi<\/strong> a eu l\u2019honneur de lui aussi essayer le V4, m\u00eame si<br \/>\nla moto n\u2019a pas boug\u00e9 du box (Cliquez sur la fl\u00e8che \u00e0 droite<br \/>\npour faire d\u00e9filer les photos).<\/p>\n<p>Lundi 15 septembre : <strong>Fabio Quartararo<\/strong> et<br \/>\n<strong>Jack Miller<\/strong> en pleine conversation lors du test.<br \/>\nParlent-ils du V4 ? (Cliquez sur l\u2019image pour voir la<br \/>\nvid\u00e9o)<\/p>\n<p>Mardi 16 septembre : <strong>Jonathan Rea<\/strong><br \/>\n(WorldSBK) vous emm\u00e8ne en cam\u00e9ra embarqu\u00e9e durant l\u2019un de ses<br \/>\nentra\u00eenements (Cliquez sur l\u2019image pour voir la<br \/>\nvid\u00e9o).<\/p>\n<p>Mardi 16 septembre : Le compte officiel du MotoGP a<br \/>\npartag\u00e9 une image amusante du Grand Prix de dimanche : emport\u00e9e par<br \/>\nson enthousiasme apr\u00e8s <a href=\"https:\/\/www.paddock-gp.com\/motogp-misano-j3-marco-bezzecchi-aprilia-2-battu-en-heros-a-domicile-lune-des-plus-belles-emotions-de-ma-carriere\/\" target=\"_blank\" rel=\"noopener nofollow\">le podium de <strong>Marco<br \/>\nBezzecchi<\/strong><\/a>, sa m\u00e8re en est tomb\u00e9e \u00e0 la renverse !<br \/>\n(Cliquez sur l\u2019image pour voir la vid\u00e9o)<\/p>\n<p>Mardi 16 septembre : <strong>Jorge Mart\u00edn<\/strong> et<br \/>\n<strong>Enea Bastianini<\/strong>, redoutables adversaires depuis le<br \/>\nMoto3, ont symboliquement \u00e9chang\u00e9 leur casque (Cliquez sur la<br \/>\nfl\u00e8che \u00e0 droite pour faire d\u00e9filer les photos).<\/p>\n<p>Mercredi 17 septembre : Aprilia a r\u00e9serv\u00e9 une surprise \u00e0<br \/>\n<strong>Marco Bezzecchi<\/strong> : il a re\u00e7u l\u2019appel d\u2019Aldo Baglio,<br \/>\nl\u2019un des trois acteurs-r\u00e9alisateurs du film \u00ab\u00a0Trois hommes et<br \/>\nune jambe\u00a0\u00bb, dont il s\u2019est inspir\u00e9 pour son casque et sa<br \/>\nc\u00e9l\u00e9bration du Grand Prix (Cliquez sur l\u2019image pour voir la<br \/>\nvid\u00e9o).<\/p>\n<p>Samedi 20 septembre : <strong>Jorge Mart\u00edn<\/strong> et<br \/>\nles <strong>fr\u00e8res Espargar\u00f3<\/strong>, Aleix et Pol, \u00e9taient<br \/>\ninvit\u00e9s \u00e0 un mariage (Cliquez sur la fl\u00e8che \u00e0 droite pour faire<br \/>\nd\u00e9filer les photos).<\/p>\n<p>Samedi 20 septembre : <strong>Valentino Rossi<\/strong> a<br \/>\nrejoint <strong>Casey Stoner<\/strong>, <strong>Francesco<br \/>\nBagnaia<\/strong>, <strong>Marco Bezzecchi<\/strong>, <strong>Franco<br \/>\nMorbidelli<\/strong> et <strong>Celestino Vietti<\/strong> (Moto2)<br \/>\npour une journ\u00e9e de karting (Cliquez sur l\u2019image pour voir la<br \/>\nvid\u00e9o).<\/p>\n<p>Samedi 20 septembre : <strong>Tech3<\/strong> vous fait<br \/>\nd\u00e9couvrir les coulisses de la logistique du transport du mat\u00e9riel<br \/>\npour la tourn\u00e9e outre-mer. Direction le Japon ! (Cliquez sur<br \/>\nl\u2019image pour voir la vid\u00e9o)<\/p>\n<p><script async src=\"\/\/www.instagram.com\/embed.js\"><\/script><\/p>\n","protected":false},"excerpt":{"rendered":"Chaque semaine, les pilotes et les \u00e9quipes des diff\u00e9rents championnats partagent leur quotidien sur les r\u00e9seaux sociaux, avec&hellip;\n","protected":false},"author":2,"featured_media":410242,"comment_status":"","ping_status":"","sticky":false,"template":"","format":"standard","meta":{"footnotes":""},"categories":[1413],"tags":[1011,27,1457,1456,60],"class_list":{"0":"post-410241","1":"post","2":"type-post","3":"status-publish","4":"format-standard","5":"has-post-thumbnail","7":"category-moto","8":"tag-fr","9":"tag-france","10":"tag-moto","11":"tag-motocycle","12":"tag-sports"},"share_on_mastodon":{"url":"https:\/\/pubeurope.com\/@fr\/115249777833936507","error":""},"_links":{"self":[{"href":"https:\/\/www.europesays.com\/fr\/wp-json\/wp\/v2\/posts\/410241","targetHints":{"allow":["GET"]}}],"collection":[{"href":"https:\/\/www.europesays.com\/fr\/wp-json\/wp\/v2\/posts"}],"about":[{"href":"https:\/\/www.europesays.com\/fr\/wp-json\/wp\/v2\/types\/post"}],"author":[{"embeddable":true,"href":"https:\/\/www.europesays.com\/fr\/wp-json\/wp\/v2\/users\/2"}],"replies":[{"embeddable":true,"href":"https:\/\/www.europesays.com\/fr\/wp-json\/wp\/v2\/comments?post=410241"}],"version-history":[{"count":0,"href":"https:\/\/www.europesays.com\/fr\/wp-json\/wp\/v2\/posts\/410241\/revisions"}],"wp:featuredmedia":[{"embeddable":true,"href":"https:\/\/www.europesays.com\/fr\/wp-json\/wp\/v2\/media\/410242"}],"wp:attachment":[{"href":"https:\/\/www.europesays.com\/fr\/wp-json\/wp\/v2\/media?parent=410241"}],"wp:term":[{"taxonomy":"category","embeddable":true,"href":"https:\/\/www.europesays.com\/fr\/wp-json\/wp\/v2\/categories?post=410241"},{"taxonomy":"post_tag","embeddable":true,"href":"https:\/\/www.europesays.com\/fr\/wp-json\/wp\/v2\/tags?post=410241"}],"curies":[{"name":"wp","href":"https:\/\/api.w.org\/{rel}","templated":true}]}}