{"id":410243,"date":"2025-09-22T20:13:16","date_gmt":"2025-09-22T20:13:16","guid":{"rendered":"https:\/\/www.europesays.com\/fr\/410243\/"},"modified":"2025-09-22T20:13:16","modified_gmt":"2025-09-22T20:13:16","slug":"luis-enrique-remporte-le-trophee-cruyff-pendant-om-psg","status":"publish","type":"post","link":"https:\/\/www.europesays.com\/fr\/410243\/","title":{"rendered":"Luis Enrique remporte le Troph\u00e9e Cruyff&#8230; pendant OM-PSG"},"content":{"rendered":"<p>Architecte du sacre parisien en C1, le technicien espagnol a d\u00e9croch\u00e9 lundi, au Th\u00e9\u00e2tre du Ch\u00e2telet, le troph\u00e9e r\u00e9compensant le meilleur entra\u00eeneur de la saison \u00e9coul\u00e9e.<\/p>\n<p class=\"fig-paragraph\">Sign\u00e9 Luis Enrique. Si le Paris Saint-Germain est mont\u00e9 sur le toit de l\u2019Europe le 31 mai dernier, \u00e0 Munich, apr\u00e8s\u00a0<a href=\"http:\/\/www.lefigaro.fr\/sports\/football\/ligue-des-champions\/ligue-des-champions-a-l-issue-d-une-finale-de-reve-le-psg-au-sommet-de-l-europe-20250531\" data-fig-type=\"NewsFlash\" data-gtm-custom-categorie=\"navigation\" data-gtm-custom-action=\"crossclick\" data-gtm-custom-label=\"Contextuel\" data-gtm-event=\"customEventSPE\" data-fig-domain=\"LEFIGARO\" target=\"_blank\" rel=\"noopener\">une finale en forme de d\u00e9monstration face \u00e0 l\u2019Inter (5-0)<\/a>, c\u2019est pour tout un tas de raison. \u00c0 commencer par les montagnes de gazodollars engloutis sur le march\u00e9 des transferts au fil des ans par le \u00abQatar-SG\u00bb, il faut le dire. Si on parle des performances individuelles, Ousmane Demb\u00e9l\u00e9, Gigio Donnarumma, Achraf Hakimi ou encore Vitinha sont \u00e0 mettre en avant. Luis Campos a sa part, Nasser Al-Khela\u00effi aussi. Sans oublier les petits coups de pouce du destin qui vont bien, comme la pluie de blessures qui s\u2019est abattue sur Arsenal avant la demi-finale entre les deux clubs ou la sortie de piste du Bar\u00e7a, contre l\u2019Inter.<\/p>\n<p class=\"fig-paragraph\">Tout cela est vrai. Ce qui l\u2019est encore davantage, c\u2019est que le tripl\u00e9 magique du PSG porte la marque de Luis Enrique \u00e0 tous les \u00e9tages. Le mercato, c\u2019est lui. La philosophie de jeu, c\u2019est lui. Le turnover, la gestion des hommes et des organismes, c\u2019est lui. La main de fer aussi et le choix de replacer \u00abDembouz\u00bb dans l\u2019axe, aussi. Un chef d\u2019orchestre, un gourou, un guide. D\u00e9j\u00e0 laur\u00e9at de la C1 en 2015, avec le Bar\u00e7a de L\u00e9o Messi, la fiert\u00e9 est 1000 fois plus forte.<\/p>\n<p class=\"fig-body-link\">\n        <a class=\"fig-body-link__link\" href=\"https:\/\/www.lefigaro.fr\/sports\/football\/en-direct-ballon-d-or-dembele-reve-du-trophee-decouvrez-les-dernieres-places-du-classement-20250922\" data-fig-type=\"Live\" data-gtm-custom-categorie=\"navigation\" data-gtm-custom-action=\"crossclick\" data-gtm-custom-label=\"Contextuel\" data-gtm-event=\"customEventSPE\" data-fig-domain=\"LEFIGARO\" target=\"_blank\" rel=\"noopener\"><\/p>\n<p>EN DIRECT &#8211; Ballon d\u2019Or\u00a0: Luis Enrique r\u00e9compens\u00e9 pendant OM-PSG, d\u00e9j\u00e0 un troph\u00e9e pour Yamal, Demb\u00e9l\u00e9 r\u00eave d\u2019un sacre historique<br \/>\n    <\/a>\n<\/p>\n<p>                                    <a class=\"fig-a11y-skip a11y-hidden\" href=\"#fig-a11y-skip-main-inarticle\"><br \/>\n        Passer la publicit\u00e9<br \/>\n    <\/a><\/p>\n<p>Laborantin g\u00e9nial<\/p>\n<p class=\"fig-paragraph\">C\u2019est donc sans surprise qu\u2019il a h\u00e9rit\u00e9 du troph\u00e9e Cruyff r\u00e9compensant le meilleur entra\u00eeneur de la saison ce lundi, au Th\u00e9\u00e2tre du Ch\u00e2telet, lors de la c\u00e9r\u00e9monie de remise du Ballon d\u2019or. Il n\u2019avait pas de comp\u00e9tition, tant il a touch\u00e9 au sublime en 2024-25. Il n\u2019a pas juste fait triompher le Paris Saint-Germain, il a fait triompher ses id\u00e9es, son jeu, son dogme. Au FC Barcelone ou avec la s\u00e9lection espagnole, il a fait ce qu\u2019il pouvait, en \u00e9tant limit\u00e9 dans son expression par la pr\u00e9sence de stars comme L\u00e9o Messi dans un cas et le cheptel de joueurs \u00e0 sa disposition dans le deuxi\u00e8me. \u00c0 Paris, aucune superstar pour freiner son projet et il pouvait recruter les profils id\u00e9aux pour son foot. Un coach\u00a0? Un laborantin g\u00e9nial, qui a \u00e9t\u00e9 au bout de son dogme.<\/p>\n<p class=\"fig-body-link\">\n            \u00c0 lire aussi<br \/>\n        <a class=\"fig-body-link__link fig-premium-mark\" href=\"http:\/\/www.lefigaro.fr\/sports\/football\/ligue-des-champions\/psg-luis-enrique-chef-d-orchestre-intransigeant-et-ideologue-inspire-20250601\" data-fig-type=\"Article\" data-gtm-custom-categorie=\"navigation\" data-gtm-custom-action=\"crossclick\" data-gtm-custom-label=\"Contextuel\" data-gtm-event=\"customEventSPE\" data-fig-domain=\"LEFIGARO\" target=\"_blank\" rel=\"noopener\">PSG\u00a0: Luis Enrique, chef d\u2019orchestre intransigeant et id\u00e9ologue inspir\u00e9<br \/>\n    <\/a>\n<\/p>\n<p class=\"fig-paragraph\">Le tout avec des pouvoirs dont ses pr\u00e9d\u00e9cesseurs n\u2019auraient m\u00eame pas os\u00e9 r\u00eaver. Jugez plut\u00f4t. Malgr\u00e9 une deuxi\u00e8me partie de saison \u00e9tincelante, Gigio Donnarumma a \u00e9t\u00e9 \u00e9vinc\u00e9 sans piti\u00e9 par la seule volont\u00e9 de Luis Enrique de disposer d\u2019un gardien plus performant \u00e0 la relance. La version officielle veut toutefois que les exigences salariales de l\u2019Italien n\u2019ont pas aid\u00e9. Mais dans tous les cas,\u00a0<a href=\"http:\/\/www.lefigaro.fr\/sports\/football\/ligue-1\/psg-on-cherchait-un-profil-de-gardien-different-luis-enrique-se-justifie-pour-donnarumma-20250812\" data-fig-type=\"NewsFlash\" data-gtm-custom-categorie=\"navigation\" data-gtm-custom-action=\"crossclick\" data-gtm-custom-label=\"Contextuel\" data-gtm-event=\"customEventSPE\" data-fig-domain=\"LEFIGARO\" target=\"_blank\" rel=\"noopener\">\u00abLucho\u00bb visait \u00abun autre profil de gardien\u00bb<\/a>, tout simplement. Quel autre coach aurait \u00e9t\u00e9 autoris\u00e9 \u00e0 faire cela dans le concert mondial\u00a0?<\/p>\n<blockquote class=\"fig-quote&#10;    \">\n<p class=\"fig-quote__text\">Johan Cruyff aurait ador\u00e9.<\/p>\n<p>            Carles Rexach \u00e0 L\u2019\u00c9quipe\n    <\/p><\/blockquote>\n<p class=\"fig-paragraph\">Roi soleil, Luis Enrique a les pleins pouvoirs au sein d\u2019un PSG qui ne sait d\u00e9cid\u00e9ment pas faire dans la demi-mesure. Au d\u00e9but de l\u2019\u00e8re QSI, l\u2019agent Mino Raiola faisait la pluie et le beau temps sur les bords de la Seine (Ibrahimovic, Maxwell, Matuidi\u2026), o\u00f9 on parlait beaucoup l\u2019italien. Puis le club de la capitale a tout mis\u00e9 sur les noms, les stars, le clinquant en vue de la Coupe du monde au Qatar (Neymar, Mbapp\u00e9, Messi, Ramos\u2026). Et maintenant, place au \u00abLuis Enrique FC\u00bb. Pour le meilleur et pour le pire\u00a0? Jusqu\u2019ici, c\u2019est le meilleur. Ce ne sera peut-\u00eatre pas toujours le cas. Le management de l\u2019Espagnol de 55 ans pourrait en irriter certains sur la dur\u00e9e, dans le vestiaire ou m\u00eame dans les locaux de la Factory. Jusqu\u2019ici, tout va.<\/p>\n<p class=\"fig-paragraph\">Et dans tous les cas, l\u2019histoire retiendra que c\u2019est gr\u00e2ce aux pr\u00e9ceptes du sorcier espagnol que le club de la capitale a r\u00e9ussi l\u00e0 o\u00f9 il \u00e9chouait depuis 2011 et la prise de contr\u00f4le par QSI. C\u2019est son football qui a permis aux Rouge et Bleu de r\u00e9gner sur l\u2019Europe. Et c\u2019est donc fort justement que le technicien des Asturies se voit r\u00e9compens\u00e9 par le troph\u00e9e Cruyff ce lundi, au Ch\u00e2telet.<\/p>\n<p class=\"fig-body-link\">\n            \u00c0 lire aussi<br \/>\n        <a class=\"fig-body-link__link fig-premium-mark\" href=\"http:\/\/www.lefigaro.fr\/sports\/football\/ligue-des-champions\/ligue-des-champions-le-psg-enfin-sur-le-toit-de-l-europe-ca-valait-le-coup-d-attendre-20250601\" data-fig-type=\"NewsFlash\" data-gtm-custom-categorie=\"navigation\" data-gtm-custom-action=\"crossclick\" data-gtm-custom-label=\"Contextuel\" data-gtm-event=\"customEventSPE\" data-fig-domain=\"LEFIGARO\" target=\"_blank\" rel=\"noopener\">Ligue des champions\u00a0: le PSG (enfin) sur le toit de l\u2019Europe, \u00e7a valait le coup d\u2019attendre<br \/>\n    <\/a>\n<\/p>\n<p class=\"fig-paragraph\">Quelle plus belle r\u00e9compense pour celui qui estimait, en 2016, que le regrett\u00e9 Johan Cruyff incarnait \u00abla quintessence du football\u00bb\u00a0? Et Cruyff, aurait-il aim\u00e9 le jeu du PSG de Luis Enrique\u00a0? \u00abJohan aurait ador\u00e9, affirme Carles Rexach, ancien adjoint de la l\u00e9gende n\u00e9erlandaise, pour\u00a0<a href=\"https:\/\/www.lequipe.fr\/Football\/Article\/-johan-cruyff-aurait-adore-carles-rexach-un-historique-du-barca-adoube-le-psg-de-luis-enrique\/1577461\" target=\"_blank\" rel=\"sponsored noopener\" data-gtm-custom-categorie=\"navigation\" data-gtm-custom-action=\"crossclick\" data-gtm-custom-label=\"Contextuel\" data-gtm-event=\"customEventSPE\">L\u2019\u00c9quipe<\/a> . Dans le foot, il y a des modes. Aujourd\u2019hui, tout le monde veut jouer comme le PSG car c\u2019est l\u2019\u00e9quipe la plus attrayante, la plus spectaculaire\u00bb.<\/p>\n<p>                                    <a class=\"fig-a11y-skip a11y-hidden\" href=\"#fig-a11y-skip-main-inarticle_mtf\"><br \/>\n        Passer la publicit\u00e9<br \/>\n    <\/a><\/p>\n<p>Marquer l\u2019histoire<\/p>\n<p class=\"fig-paragraph\">Pour Luis Enrique et ses hommes, le plus dur ne fait toutefois que commencer. Gagner, c\u2019est bien. Continuer \u00e0 gagner, c\u2019est encore mieux. Et c\u2019est encore plus difficile\u2026 Le coach espagnol ne cache en tout cas pas son ambition de \u00abmarquer l\u2019histoire\u00bb en gagnant \u00abune deuxi\u00e8me Ligue des champions d\u2019affil\u00e9e\u00bb. Avec un effectif aussi jeune et qui n\u2019est appel\u00e9 qu\u2019\u00e0 progresser dans les ann\u00e9es \u00e0 venir, \u00e7a n\u2019a rien d\u2019une mission impossible. Une dynastie \u00e0 Paris\u00a0? M\u00eame si la concurrence (Liverpool, Arsenal, Bar\u00e7a, Bayern, City, Real, Chelsea\u2026) ne l\u2019entend pas de cette oreille&#8230; Pour l\u2019heure, le patron, c\u2019est le Paris Saint-Germain de Luis Enrique. Fiesta.<\/p>\n","protected":false},"excerpt":{"rendered":"Architecte du sacre parisien en C1, le technicien espagnol a d\u00e9croch\u00e9 lundi, au Th\u00e9\u00e2tre du Ch\u00e2telet, le troph\u00e9e&hellip;\n","protected":false},"author":2,"featured_media":410244,"comment_status":"","ping_status":"","sticky":false,"template":"","format":"standard","meta":{"footnotes":""},"categories":[1412],"tags":[1451,1452,1453,1454,1455,1011,27,921,93,60],"class_list":{"0":"post-410243","1":"post","2":"type-post","3":"status-publish","4":"format-standard","5":"has-post-thumbnail","7":"category-f1","8":"tag-f1","9":"tag-formula-1","10":"tag-formula1","11":"tag-formule-1","12":"tag-formule1","13":"tag-fr","14":"tag-france","15":"tag-luis-enrique","16":"tag-psg","17":"tag-sports"},"share_on_mastodon":{"url":"https:\/\/pubeurope.com\/@fr\/115249781355784112","error":""},"_links":{"self":[{"href":"https:\/\/www.europesays.com\/fr\/wp-json\/wp\/v2\/posts\/410243","targetHints":{"allow":["GET"]}}],"collection":[{"href":"https:\/\/www.europesays.com\/fr\/wp-json\/wp\/v2\/posts"}],"about":[{"href":"https:\/\/www.europesays.com\/fr\/wp-json\/wp\/v2\/types\/post"}],"author":[{"embeddable":true,"href":"https:\/\/www.europesays.com\/fr\/wp-json\/wp\/v2\/users\/2"}],"replies":[{"embeddable":true,"href":"https:\/\/www.europesays.com\/fr\/wp-json\/wp\/v2\/comments?post=410243"}],"version-history":[{"count":0,"href":"https:\/\/www.europesays.com\/fr\/wp-json\/wp\/v2\/posts\/410243\/revisions"}],"wp:featuredmedia":[{"embeddable":true,"href":"https:\/\/www.europesays.com\/fr\/wp-json\/wp\/v2\/media\/410244"}],"wp:attachment":[{"href":"https:\/\/www.europesays.com\/fr\/wp-json\/wp\/v2\/media?parent=410243"}],"wp:term":[{"taxonomy":"category","embeddable":true,"href":"https:\/\/www.europesays.com\/fr\/wp-json\/wp\/v2\/categories?post=410243"},{"taxonomy":"post_tag","embeddable":true,"href":"https:\/\/www.europesays.com\/fr\/wp-json\/wp\/v2\/tags?post=410243"}],"curies":[{"name":"wp","href":"https:\/\/api.w.org\/{rel}","templated":true}]}}