{"id":410251,"date":"2025-09-22T20:17:12","date_gmt":"2025-09-22T20:17:12","guid":{"rendered":"https:\/\/www.europesays.com\/fr\/410251\/"},"modified":"2025-09-22T20:17:12","modified_gmt":"2025-09-22T20:17:12","slug":"colmar-architecte-locale-elle-devient-experte-pour-lemission-mission-travaux-sur-m6","status":"publish","type":"post","link":"https:\/\/www.europesays.com\/fr\/410251\/","title":{"rendered":"Colmar. Architecte locale, elle devient experte pour l\u2019\u00e9mission Mission Travaux sur M6"},"content":{"rendered":"<p>Passer de sa vie quotidienne d\u2019architecte au prime time de M6 n\u2019a rien d\u2019anecdotique. Depuis quelques mois, la Colmarienne Sonia Ayer vit selon elle \u00ab\u00a0une aventure g\u00e9niale\u00a0\u00bb. D\u00e8s ce mardi 23\u00a0septembre, l\u2019architecte d\u2019int\u00e9rieur sera \u00e0 retrouver sur le petit \u00e9cran, dans le casting de l\u2019\u00e9mission <a href=\"https:\/\/www.estrepublicain.fr\/economie\/2025\/09\/17\/thomas-artisan-carreleur-et-tiktokeur-participe-a-l-emission-mission-travaux-sur-m6\" target=\"_blank\" rel=\"noopener\">Mission travaux<\/a> \u00a0: ma maison est un chantier. Anim\u00e9e par l\u2019expert du bricolage <a href=\"https:\/\/www.youtube.com\/@LJVS\" target=\"_blank\" rel=\"noopener\">Laurent Jacquet<\/a> , celle-ci suit une \u00e9quipe de professionnels qui vient au secours de particuliers, d\u00e9bord\u00e9s par des projets de r\u00e9novation ambitieux. Des peintres, un menuisier, un carreleur\u2026 \u00ab\u00a0Ce sont tous des gens que Laurent Jacquet conna\u00eet, il y a plusieurs Meilleurs Artisans de France\u00a0\u00bb, indique l\u2019architecte.<\/p>\n<p>Accompagne&#8230;                        <\/p>\n","protected":false},"excerpt":{"rendered":"Passer de sa vie quotidienne d\u2019architecte au prime time de M6 n\u2019a rien d\u2019anecdotique. Depuis quelques mois, la&hellip;\n","protected":false},"author":2,"featured_media":410252,"comment_status":"","ping_status":"","sticky":false,"template":"","format":"standard","meta":{"footnotes":""},"categories":[1358],"tags":[1348,1384,1385,4749,5065,1386,58,33,2413,59,107,1011,27,14851,4604,104,2205],"class_list":{"0":"post-410251","1":"post","2":"type-post","3":"status-publish","4":"format-standard","5":"has-post-thumbnail","7":"category-arts-et-design","8":"tag-arts","9":"tag-arts-and-design","10":"tag-arts-et-design","11":"tag-btp-et-chantiers","12":"tag-colmar","13":"tag-design","14":"tag-divertissement","15":"tag-economie","16":"tag-edition-colmar-guebwiller","17":"tag-entertainment","18":"tag-fil-info","19":"tag-fr","20":"tag-france","21":"tag-secteur-de-colmar","22":"tag-selection-abonne","23":"tag-societe","24":"tag-television-medias"},"share_on_mastodon":{"url":"https:\/\/pubeurope.com\/@fr\/115249797057053894","error":""},"_links":{"self":[{"href":"https:\/\/www.europesays.com\/fr\/wp-json\/wp\/v2\/posts\/410251","targetHints":{"allow":["GET"]}}],"collection":[{"href":"https:\/\/www.europesays.com\/fr\/wp-json\/wp\/v2\/posts"}],"about":[{"href":"https:\/\/www.europesays.com\/fr\/wp-json\/wp\/v2\/types\/post"}],"author":[{"embeddable":true,"href":"https:\/\/www.europesays.com\/fr\/wp-json\/wp\/v2\/users\/2"}],"replies":[{"embeddable":true,"href":"https:\/\/www.europesays.com\/fr\/wp-json\/wp\/v2\/comments?post=410251"}],"version-history":[{"count":0,"href":"https:\/\/www.europesays.com\/fr\/wp-json\/wp\/v2\/posts\/410251\/revisions"}],"wp:featuredmedia":[{"embeddable":true,"href":"https:\/\/www.europesays.com\/fr\/wp-json\/wp\/v2\/media\/410252"}],"wp:attachment":[{"href":"https:\/\/www.europesays.com\/fr\/wp-json\/wp\/v2\/media?parent=410251"}],"wp:term":[{"taxonomy":"category","embeddable":true,"href":"https:\/\/www.europesays.com\/fr\/wp-json\/wp\/v2\/categories?post=410251"},{"taxonomy":"post_tag","embeddable":true,"href":"https:\/\/www.europesays.com\/fr\/wp-json\/wp\/v2\/tags?post=410251"}],"curies":[{"name":"wp","href":"https:\/\/api.w.org\/{rel}","templated":true}]}}