{"id":410256,"date":"2025-09-22T20:20:15","date_gmt":"2025-09-22T20:20:15","guid":{"rendered":"https:\/\/www.europesays.com\/fr\/410256\/"},"modified":"2025-09-22T20:20:15","modified_gmt":"2025-09-22T20:20:15","slug":"mia-frye-et-les-l5-la-guerre-est-declaree-24-annees-apres-popstars","status":"publish","type":"post","link":"https:\/\/www.europesays.com\/fr\/410256\/","title":{"rendered":"Mia Frye et les L5, la guerre est d\u00e9clar\u00e9e, 24 ann\u00e9es apr\u00e8s\u00a0\u00ab\u00a0Popstars\u00a0\u00bb"},"content":{"rendered":"<p>En 2001, les L5, Alexandra, Coralie, Lidy (Louisy Joseph), Claire et Marjorie <strong>remportaient la saison 1 de <\/strong><a href=\"https:\/\/vsd.fr\/63016-matt-pokora-furieux-il-ne-comprend-pas-pourquoi-ce-projet-lui-a-echappe\/\" target=\"_blank\" rel=\"noopener\"><strong>Popstars, sur M6<\/strong>.<\/a> Au jury, outre Santi (Mano Negra), Pascal Broussot et Richard Cross, on retrouvait la chor\u00e9graphe <strong>Mia Frye, au franc-parler <\/strong>qui est rest\u00e9 dans les annales. <\/p>\n<p>Rescap\u00e9es de la bande, apr\u00e8s plus de 20 ans d&rsquo;activit\u00e9, <a href=\"https:\/\/www.public.fr\/marjorie-des-l5-la-preuve-qu-elle-attire-du-monde-a-ses-concerts\" target=\"_blank\" rel=\"noopener\">Coralie, Alexandra et Marjorie<\/a> chantent encore ensemble. Et elles \u00e9taient les invit\u00e9es de Maxime Gu\u00e9ny dans Un \u00c9clair de Gu\u00e9ny diffus\u00e9 sur YouTube, cette semaine.<\/p>\n<p>Elles ont profit\u00e9 de leur passage par l&rsquo;\u00e9mission pour tacler leur ancienne coach. Et pour cause, aujorud&rsquo;hui, elles sont sans nouvelles de Mia Frye. Et elles avouent que c&rsquo;est parce que, <strong>\u00ab\u00a0humainement parlant\u00a0\u00bb,<\/strong> \u00e7a n&rsquo;a pas vraiment pris entre elles, comme l&rsquo;a expliqu\u00e9 Coralie. <\/p>\n<p>Les L5 r\u00e8glent leurs comptes avec leur coach<\/p>\n<p>Et Marjorie d&rsquo;expliquer pourquoi, sans \u00ab\u00a0langue de bois\u00a0\u00bb. En effet, longtemps apr\u00e8s leur passage dans le t\u00e9l\u00e9crochet, la chanteuse brise le silence. Elle confie : \u00ab\u00a0On n&rsquo;\u00e9tait absolument pas d\u00e9rang\u00e9 par Mia Frye qui a aussi fait son travail. C&rsquo;est juste qu&rsquo;apr\u00e8s, je ne sais pas pourquoi <strong>elle d\u00e9versait sans arr\u00eat dans la presse un flot de choses sur nous compl\u00e8tement fausses<\/strong>\u00ab\u00a0. <\/p>\n<p>Et d&rsquo;ajouter : \u00ab\u00a0<strong>Elle v\u00e9hiculait une image de nous qui \u00e9tait vraiment noire<\/strong> et tellement fausse\u00a0\u00bb. De son c\u00f4t\u00e9, Alexandra se souvient par exemple qu&rsquo;elle les d\u00e9crivaient comme des \u00ab\u00a0poup\u00e9es m\u00e9chantes\u00a0\u00bb. <\/p>\n<p>Et Marjorie de compl\u00e9ter : \u00ab\u00a0C&rsquo;\u00e9tait tr\u00e8s d\u00e9cevant parce qu&rsquo;<strong>elle nous donnait un r\u00f4le de petites jeunes filles capricieuses<\/strong> qui se la p\u00e9taient, alors que \u00e7a ne nous est jamais arriv\u00e9\u00a0\u00bb. <\/p>\n<p>Mia Frye abonn\u00e9e au buzz ?<\/p>\n<p>Au final, les 3 stars estiment que Mia Frye a fait cela par gout du \u00ab\u00a0buzz\u00a0\u00bb. Et Coralie de tacler m\u00eame : \u00ab\u00a0Il ne faut pas oublier qu&rsquo;\u00e0 l&rsquo;\u00e9poque, cette \u00e9mission Popstars l&rsquo;a, elle aussi, mise \u00e9norm\u00e9ment en lumi\u00e8re\u00a0\u00bb. <\/p>\n<p>Elle a par ailleurs estim\u00e9 : \u00ab\u00a0Il y a plein de gens qui ont d\u00e9couvert Mia Frye. Tout le monde ne la connaissait pas, et moi la premi\u00e8re\u00a0\u00bb avant de conclure :<strong> \u00ab\u00a0Il ne faut pas cracher dans la soupe.\u00a0\u00bb<\/strong><\/p>\n<blockquote class=\"twitter-tweet\">\n<p>L5 : quand les souvenirs de \u00ab Popstars \u00bb s\u2019opposent \u00e0 ce qui s\u2019est dit dans la presse \u00e0 propos de leur chor\u00e9graphe Mia Frye. <\/p>\n<p>\ud83d\udc49 \u00c9coutez l\u2019\u00e9pisode int\u00e9gral dans <a href=\"https:\/\/twitter.com\/UnEclairDeGueny?ref_src=twsrc%5Etfw\" target=\"_blank\" rel=\"noopener\">@UnEclairDeGueny<\/a> : Spotify | Apple | Deezer | YouTube <a href=\"https:\/\/t.co\/xYDFILlfRI\">pic.twitter.com\/xYDFILlfRI<\/a><\/p>\n<p>\u2014 Maxime Gu\u00e9ny (@MaximeGueny) <a href=\"https:\/\/twitter.com\/MaximeGueny\/status\/1970004298043158552?ref_src=twsrc%5Etfw\" target=\"_blank\" rel=\"noopener\">September 22, 2025<\/a><\/p><\/blockquote>\n<p>      Mentionn\u00e9s dans cet article<\/p>\n<p>      Sur le m\u00eame sujet<\/p>\n<p>  <script async src=\"https:\/\/platform.twitter.com\/widgets.js\" charset=\"utf-8\"><\/script><\/p>\n","protected":false},"excerpt":{"rendered":"En 2001, les L5, Alexandra, Coralie, Lidy (Louisy Joseph), Claire et Marjorie remportaient la saison 1 de Popstars,&hellip;\n","protected":false},"author":2,"featured_media":410257,"comment_status":"","ping_status":"","sticky":false,"template":"","format":"standard","meta":{"footnotes":""},"categories":[1355],"tags":[58,59,1011,27,54136,54137,1361,873,54138],"class_list":{"0":"post-410256","1":"post","2":"type-post","3":"status-publish","4":"format-standard","5":"has-post-thumbnail","7":"category-musique","8":"tag-divertissement","9":"tag-entertainment","10":"tag-fr","11":"tag-france","12":"tag-l5","13":"tag-mia-frye","14":"tag-music","15":"tag-musique","16":"tag-popstars"},"share_on_mastodon":{"url":"https:\/\/pubeurope.com\/@fr\/115249809074751358","error":""},"_links":{"self":[{"href":"https:\/\/www.europesays.com\/fr\/wp-json\/wp\/v2\/posts\/410256","targetHints":{"allow":["GET"]}}],"collection":[{"href":"https:\/\/www.europesays.com\/fr\/wp-json\/wp\/v2\/posts"}],"about":[{"href":"https:\/\/www.europesays.com\/fr\/wp-json\/wp\/v2\/types\/post"}],"author":[{"embeddable":true,"href":"https:\/\/www.europesays.com\/fr\/wp-json\/wp\/v2\/users\/2"}],"replies":[{"embeddable":true,"href":"https:\/\/www.europesays.com\/fr\/wp-json\/wp\/v2\/comments?post=410256"}],"version-history":[{"count":0,"href":"https:\/\/www.europesays.com\/fr\/wp-json\/wp\/v2\/posts\/410256\/revisions"}],"wp:featuredmedia":[{"embeddable":true,"href":"https:\/\/www.europesays.com\/fr\/wp-json\/wp\/v2\/media\/410257"}],"wp:attachment":[{"href":"https:\/\/www.europesays.com\/fr\/wp-json\/wp\/v2\/media?parent=410256"}],"wp:term":[{"taxonomy":"category","embeddable":true,"href":"https:\/\/www.europesays.com\/fr\/wp-json\/wp\/v2\/categories?post=410256"},{"taxonomy":"post_tag","embeddable":true,"href":"https:\/\/www.europesays.com\/fr\/wp-json\/wp\/v2\/tags?post=410256"}],"curies":[{"name":"wp","href":"https:\/\/api.w.org\/{rel}","templated":true}]}}