{"id":410260,"date":"2025-09-22T20:22:22","date_gmt":"2025-09-22T20:22:22","guid":{"rendered":"https:\/\/www.europesays.com\/fr\/410260\/"},"modified":"2025-09-22T20:22:22","modified_gmt":"2025-09-22T20:22:22","slug":"je-suis-gastro-enterologue-et-voici-le-fruit-a-ne-surtout-pas-consommer-pour-etre-en-bonne-sante","status":"publish","type":"post","link":"https:\/\/www.europesays.com\/fr\/410260\/","title":{"rendered":"Je suis gastro-ent\u00e9rologue et voici le fruit \u00e0 ne surtout pas consommer pour \u00eatre en bonne sant\u00e9"},"content":{"rendered":"<p class=\"mb-4 text-lg md:leading-8 break-words\">L\u2019intestin est notre deuxi\u00e8me cerveau. Ainsi, s\u2019il est d\u00e9s\u00e9quilibr\u00e9, cela peut jouer un r\u00f4le sur notre bien-\u00eatre en g\u00e9n\u00e9ral et impacter notre digestion, mais aussi notre humeur et plus globalement, notre sant\u00e9. Selon le <strong>Dr Saurabh Sethi<\/strong>, gastro-ent\u00e9rologue form\u00e9 \u00e0 Harvard, interrog\u00e9 par le Daily Mail, il existe notamment des fruits, qu\u2019il est pr\u00e9f\u00e9rable de consommer avec mod\u00e9ration.<\/p>\n<p>La banane : un fruit dont il faut se m\u00e9fier<\/p>\n<p class=\"mb-4 text-lg md:leading-8 break-words\">Comme le pr\u00e9cise le sp\u00e9cialiste, la consommation <strong>banane<\/strong> devrait \u00eatre limit\u00e9e, surtout lorsque celle-ci est trop mure. La raison ? Elle est tellement riche en sucre qu&rsquo;elle peut faire grimper la glyc\u00e9mie : \u00ab\u00a0L&rsquo;amidon r\u00e9sistant est un type de glucide qui r\u00e9siste \u00e0 la digestion par les enzymes du tube digestif, ralentissant ainsi la digestion. Comme ce type d&rsquo;amidon n&rsquo;est pas d\u00e9grad\u00e9 dans l&rsquo;intestin gr\u00eale, il n&rsquo;augmente pas la glyc\u00e9mie. Les amidons r\u00e9sistants, comme les bananes l\u00e9g\u00e8rement vertes, fermentent dans le gros intestin, agissant comme pr\u00e9biotiques et nourrissants les bonnes bact\u00e9ries intestinales\u00a0\u00bb, pr\u00e9cise le gastro-ent\u00e9rologue. Si vous aimez les bananes, mieux vaut donc les consommer lorsqu\u2019elles sont vertes et ne sont pas trop m\u00fbres. La raison ? Elles sont plus riches en fibres alimentaires, ce qui est associ\u00e9 \u00e0 un \u201crisque plus faible de maladie cardiaque, d\u2019accident vasculaire c\u00e9r\u00e9bral, de diab\u00e8te de type 2 et de cancer de l\u2019intestin.\u201d M\u00e9fiance \u00e9galement pour les <strong>agrumes<\/strong>, qui, en trop (&#8230;)<\/p>\n<p class=\"mb-4 text-lg md:leading-8 break-words\"><a href=\"https:\/\/www.grazia.fr\/beaute\/forme-minceur\/je-suis-gastro-enterologue-et-voici-le-fruit-a-ne-surtout-pas-consommer-pour-etre-en-bonne-sante-1187641.html?utm_campaign=partenariat&amp;utm_source=yahoo-articles&amp;utm_medium=flux\" rel=\"nofollow noopener\" target=\"_blank\" data-ylk=\"slk:Lire la suite sur Grazia;elm:context_link;itc:0;sec:content-canvas\" class=\"link \">Lire la suite sur Grazia<\/a><\/p>\n<p class=\"mb-4 text-lg md:leading-8 break-words\"><a href=\"https:\/\/www.grazia.fr\/mode\/shopping\/9-chaussures-plates-zara-hm-et-mango-ultra-chics-qui-mettront-au-placard-vos-talons-1187628.html?utm_campaign=partenariat&amp;utm_source=yahoo-articles&amp;utm_medium=flux\" rel=\"nofollow noopener\" target=\"_blank\" data-ylk=\"slk:9 chaussures plates Zara, H&amp;M et Mango ultra-chics qui mettront au placard vos talons;elm:context_link;itc:0;sec:content-canvas\" class=\"link \">9 chaussures plates Zara, H&amp;M et Mango ultra-chics qui mettront au placard vos talons<\/a><br \/><a href=\"https:\/\/www.grazia.fr\/beaute\/forme-minceur\/une-tasse-de-ce-the-par-jour-permet-de-reduire-considerablement-le-mauvais-cholesterol-1187690.html?utm_campaign=partenariat&amp;utm_source=yahoo-articles&amp;utm_medium=flux\" rel=\"nofollow noopener\" target=\"_blank\" data-ylk=\"slk:Une tasse de ce th\u00e9 par jour permet de r\u00e9duire consid\u00e9rablement le mauvais cholest\u00e9rol;elm:context_link;itc:0;sec:content-canvas\" class=\"link \">Une tasse de ce th\u00e9 par jour permet de r\u00e9duire consid\u00e9rablement le mauvais cholest\u00e9rol<\/a><br \/><a href=\"https:\/\/www.grazia.fr\/beaute\/forme-minceur\/10-kilos-en-moins-sur-la-balance-voici-comment-jai-reussi-a-mincir-sans-regime-1187744.html?utm_campaign=partenariat&amp;utm_source=yahoo-articles&amp;utm_medium=flux\" rel=\"nofollow noopener\" target=\"_blank\" data-ylk=\"slk:&quot;10 kilos en moins sur la balance&quot; : voici comment j\u2019ai r\u00e9ussi \u00e0 mincir sans r\u00e9gime;elm:context_link;itc:0;sec:content-canvas\" class=\"link \">\u00ab\u00a010 kilos en moins sur la balance\u00a0\u00bb : voici comment j\u2019ai r\u00e9ussi \u00e0 mincir sans r\u00e9gime<\/a><br \/><a href=\"https:\/\/www.grazia.fr\/beaute\/forme-minceur\/je-suis-medecin-et-voici-les-polluants-invisibles-que-lon-boit-chaque-jour-sans-sen-rendre-compte-alerte-le-dr-jimmy-mohamed-1187640.html?utm_campaign=partenariat&amp;utm_source=yahoo-articles&amp;utm_medium=flux\" rel=\"nofollow noopener\" target=\"_blank\" data-ylk=\"slk:\u201cJe suis m\u00e9decin et voici les polluants invisibles que l\u2019on boit chaque jour sans s\u2019en rendre compte\u201d, alerte le Dr Jimmy Mohamed;elm:context_link;itc:0;sec:content-canvas\" class=\"link \">\u201cJe suis m\u00e9decin et voici les polluants invisibles que l\u2019on boit chaque jour sans s\u2019en rendre compte\u201d, alerte le Dr Jimmy Mohamed<\/a><br \/><a href=\"https:\/\/www.grazia.fr\/beaute\/tendances-beaute\/dua-lipa-remet-au-gout-du-jour-cette-manucure-longtemps-oubliee-que-lon-voudra-toutes-copier-1187857.html?utm_campaign=partenariat&amp;utm_source=yahoo-articles&amp;utm_medium=flux\" rel=\"nofollow noopener\" target=\"_blank\" data-ylk=\"slk:Dua Lipa remet au go\u00fbt du jour cette manucure longtemps oubli\u00e9e que l&#039;on voudra toutes copier;elm:context_link;itc:0;sec:content-canvas\" class=\"link \">Dua Lipa remet au go\u00fbt du jour cette manucure longtemps oubli\u00e9e que l&rsquo;on voudra toutes copier<\/a><\/p>\n","protected":false},"excerpt":{"rendered":"L\u2019intestin est notre deuxi\u00e8me cerveau. Ainsi, s\u2019il est d\u00e9s\u00e9quilibr\u00e9, cela peut jouer un r\u00f4le sur notre bien-\u00eatre en&hellip;\n","protected":false},"author":2,"featured_media":410261,"comment_status":"","ping_status":"","sticky":false,"template":"","format":"standard","meta":{"footnotes":""},"categories":[10],"tags":[1011,27,44924,72,71,17690],"class_list":{"0":"post-410260","1":"post","2":"type-post","3":"status-publish","4":"format-standard","5":"has-post-thumbnail","7":"category-sante","8":"tag-fr","9":"tag-france","10":"tag-gastro-enterologue","11":"tag-health","12":"tag-sante","13":"tag-saurabh-sethi"},"share_on_mastodon":{"url":"https:\/\/pubeurope.com\/@fr\/115249816861854406","error":""},"_links":{"self":[{"href":"https:\/\/www.europesays.com\/fr\/wp-json\/wp\/v2\/posts\/410260","targetHints":{"allow":["GET"]}}],"collection":[{"href":"https:\/\/www.europesays.com\/fr\/wp-json\/wp\/v2\/posts"}],"about":[{"href":"https:\/\/www.europesays.com\/fr\/wp-json\/wp\/v2\/types\/post"}],"author":[{"embeddable":true,"href":"https:\/\/www.europesays.com\/fr\/wp-json\/wp\/v2\/users\/2"}],"replies":[{"embeddable":true,"href":"https:\/\/www.europesays.com\/fr\/wp-json\/wp\/v2\/comments?post=410260"}],"version-history":[{"count":0,"href":"https:\/\/www.europesays.com\/fr\/wp-json\/wp\/v2\/posts\/410260\/revisions"}],"wp:featuredmedia":[{"embeddable":true,"href":"https:\/\/www.europesays.com\/fr\/wp-json\/wp\/v2\/media\/410261"}],"wp:attachment":[{"href":"https:\/\/www.europesays.com\/fr\/wp-json\/wp\/v2\/media?parent=410260"}],"wp:term":[{"taxonomy":"category","embeddable":true,"href":"https:\/\/www.europesays.com\/fr\/wp-json\/wp\/v2\/categories?post=410260"},{"taxonomy":"post_tag","embeddable":true,"href":"https:\/\/www.europesays.com\/fr\/wp-json\/wp\/v2\/tags?post=410260"}],"curies":[{"name":"wp","href":"https:\/\/api.w.org\/{rel}","templated":true}]}}