{"id":410277,"date":"2025-09-22T20:31:12","date_gmt":"2025-09-22T20:31:12","guid":{"rendered":"https:\/\/www.europesays.com\/fr\/410277\/"},"modified":"2025-09-22T20:31:12","modified_gmt":"2025-09-22T20:31:12","slug":"les-auteurs-de-la-sextape-de-saint-etienne-assument-lun-deux-charge-le-maire","status":"publish","type":"post","link":"https:\/\/www.europesays.com\/fr\/410277\/","title":{"rendered":"Les auteurs de la sextape de Saint-Etienne assument, l&rsquo;un d&rsquo;eux charge le maire"},"content":{"rendered":"<p class=\"mb-4 text-lg md:leading-8 break-words\">Deux hommes, un ancien couple \u00e0 la ville et en politique, ont assum\u00e9 lundi, au premier jour du proc\u00e8s dit de \u00ab\u00a0la sextape de Saint-Etienne\u00a0\u00bb, avoir pi\u00e9g\u00e9 un \u00e9lu en le filmant avec un prostitu\u00e9, l&rsquo;un d&rsquo;eux accusant le maire Ga\u00ebl Perdriau d&rsquo;avoir pass\u00e9 la \u00ab\u00a0commande\u00a0\u00bb pour \u00ab\u00a0tenir\u00a0\u00bb un rival.<\/p>\n<p class=\"mb-4 text-lg md:leading-8 break-words\">Le tribunal correctionnel de Lyon, qui juge toute la semaine le maire et trois de ses ex-collaborateurs pour chantage, association de malfaiteurs et d\u00e9tournement de fonds publics, est entr\u00e9 d&#8217;embl\u00e9e dans le vif des d\u00e9bats en diffusant \u00e0 huis clos un montage de ces images vol\u00e9es.<\/p>\n<p class=\"mb-4 text-lg md:leading-8 break-words\">Le maire, qui nie fermement avoir jou\u00e9 le moindre r\u00f4le dans ce complot, et les autres pr\u00e9venus sont rest\u00e9s dans la salle, tout comme Gilles Artigues, son ancien Premier adjoint qui a \u00e9t\u00e9 pi\u00e9g\u00e9 dans la vid\u00e9o, dont la famille est toutefois sortie pour \u00e9chapper \u00e0 cette projection.<\/p>\n<p class=\"mb-4 text-lg md:leading-8 break-words\">En janvier 2015, ce centriste catholique, qui s&rsquo;\u00e9tait oppos\u00e9 au mariage homosexuel, a \u00e9t\u00e9 film\u00e9 \u00e0 son insu dans une chambre d&rsquo;h\u00f4tel parisien en compagnie d&rsquo;un escort-boy, a rappel\u00e9 \u00e0 la barre celui qui a pos\u00e9 la cam\u00e9ra cach\u00e9e: l&rsquo;ancien adjoint \u00e0 l&rsquo;Education, Samy K\u00e9fi-J\u00e9r\u00f4me.<\/p>\n<p class=\"mb-4 text-lg md:leading-8 break-words\">\u00ab\u00a0C&rsquo;\u00e9tait une commande formul\u00e9e par Pierre Gauttieri\u00a0\u00bb, alors directeur de cabinet du maire, \u00ab\u00a0la commande \u00e9tait de pi\u00e9ger Gilles Artigues sur son homosexualit\u00e9 refoul\u00e9e\u00a0\u00bb, pr\u00e9cise-t-il. En \u00e9change, le directeur de cabinet promet \u00e0 ce jeune adjoint tr\u00e8s ambitieux \u00ab\u00a0le soutien du maire aux \u00e9lections l\u00e9gislatives de 2017\u00a0\u00bb.<\/p>\n<p class=\"mb-4 text-lg md:leading-8 break-words\">\u00ab\u00a0Je n&rsquo;ai pas d&rsquo;\u00e9l\u00e9ments prouvant que le maire a connaissance de ces choses, mais si Pierre Gauttieri prend un tel engagement, j&rsquo;en d\u00e9duis qu&rsquo;il a forc\u00e9ment eu l&rsquo;aval\u00a0\u00bb de Ga\u00ebl Perdriau, d\u00e9clare encore Samy Kefi-J\u00e9r\u00f4me, qui parle de mani\u00e8re tr\u00e8s pos\u00e9e et prudente.<\/p>\n<p class=\"mb-4 text-lg md:leading-8 break-words\">&#8211; \u00ab\u00a0Barbouzage de moeurs\u00a0\u00bb &#8211;<\/p>\n<p class=\"mb-4 text-lg md:leading-8 break-words\">Beaucoup plus direct et provocateur, son ancien compagnon Gilles Rossary-Lenglet qui, de son propre aveu \u00ab\u00a0grenouillait\u00a0\u00bb \u00e0 l&rsquo;\u00e9poque \u00ab\u00a0dans le mar\u00e9cage politique\u00a0\u00bb st\u00e9phanois, incrimine le maire, avec lequel il dit avoir nou\u00e9 un \u00ab\u00a0contrat\u00a0\u00bb.<\/p>\n<p class=\"mb-4 text-lg md:leading-8 break-words\">Selon son r\u00e9cit, \u00e9maill\u00e9 de remarques salaces et de phrases assassines, Ga\u00ebl Perdriau et son directeur de cabinet avaient nou\u00e9 un accord \u00e9lectoral \u00ab\u00a0contre-nature\u00a0\u00bb avec Gilles Artigues pendant les municipales de 2014 mais craignaient qu&rsquo;il ne soit pas loyal.<\/p>\n<p class=\"mb-4 text-lg md:leading-8 break-words\">\u00ab\u00a0Ils voulaient le tenir\u00a0\u00bb et \u00ab\u00a0j&rsquo;ai dit +il faut faire un barbouzage de moeurs+\u00a0\u00bb: la vid\u00e9o doit leur servir pour \u00ab\u00a0\u00e9viter qu&rsquo;Artigues fasse un pu-putsch\u00a0\u00bb, ironise-t-il.<\/p>\n<p class=\"mb-4 text-lg md:leading-8 break-words\">En \u00e9change, Gilles Rossary-Lenglet dit avoir touch\u00e9 40.000 euros, pioch\u00e9 dans les fonds municipaux, qui ont transit\u00e9 par des associations sous la forme de subventions fictives.<\/p>\n<p class=\"mb-4 text-lg md:leading-8 break-words\">Ce volet vaut \u00e0 quatre responsables associatifs, qui n&rsquo;\u00e9taient selon lui pas au courant du motif de ce tour de passe-passe, de compara\u00eetre pour \u00ab\u00a0abus de confiance\u00a0\u00bb.<\/p>\n<p class=\"mb-4 text-lg md:leading-8 break-words\">\u00ab\u00a0J&rsquo;ai fait la balle (&#8230;) qui a tu\u00e9 Gilles Artigues, sans aucun \u00e9tat d&rsquo;\u00e2me\u00a0\u00bb, ajoute cet homme fantasque de 53 ans, par qui le scandale est arriv\u00e9 en 2022 quand il a balanc\u00e9 toute l&rsquo;affaire \u00e0 Mediapart.<\/p>\n<p class=\"mb-4 text-lg md:leading-8 break-words\">Gilles Artigues a fait \u00ab\u00a0la promotion de l&rsquo;homophobie\u00a0\u00bb, se justifie-t-il, avant d&rsquo;\u00eatre coup\u00e9 par la pr\u00e9sidente du tribunal qui lui reproche sa \u00ab\u00a0hargne\u00a0\u00bb.<\/p>\n<p class=\"mb-4 text-lg md:leading-8 break-words\">A la fin de l&rsquo;audience, elle exprime sa perplexit\u00e9 face \u00e0 son t\u00e9moignage. \u00ab\u00a0C&rsquo;est d\u00e9routant: vous reconnaissez tout pour mieux accuser les autres\u00a0\u00bb, l\u00e2che Brigitte Vernay. \u00ab\u00a0Dans vos explications, il y a une complaisance \u00e0 salir les personnes qui fait qu&rsquo;on va les accueillir avec une certaine r\u00e9serve.\u00a0\u00bb<\/p>\n<p class=\"mb-4 text-lg md:leading-8 break-words\">Le proc\u00e8s doit reprendre mardi avec la fin du t\u00e9moignage de M. \u00a0Rossary-Lenglet. Ga\u00ebl Perdriau, qui encourt dix ans de prison et une peine d&rsquo;in\u00e9ligibilit\u00e9, pourrait \u00eatre entendu mardi soir ou mercredi.<\/p>\n<p class=\"mb-4 text-lg md:leading-8 break-words\">\u00ab\u00a0Combatif et d\u00e9termin\u00e9\u00a0\u00bb selon son avocat Jean-F\u00e9lix Luciani, il n&rsquo;a jamais renonc\u00e9 \u00e0 la mairie de Saint-Etienne et n&rsquo;exclut pas de briguer un nouveau mandat aux municipales de 2026. Mais avant, \u00ab\u00a0j&rsquo;ai besoin d&rsquo;\u00eatre d\u00e9barrass\u00e9 de cette \u00e9p\u00e9e de Damocl\u00e8s\u00a0\u00bb, a-t-il dit \u00e0 l&rsquo;AFP il y a quelques jours.<\/p>\n<p class=\"mb-4 text-lg md:leading-8 break-words\">DM-chp\/epe\/cbn<\/p>\n","protected":false},"excerpt":{"rendered":"Deux hommes, un ancien couple \u00e0 la ville et en politique, ont assum\u00e9 lundi, au premier jour du&hellip;\n","protected":false},"author":2,"featured_media":410278,"comment_status":"","ping_status":"","sticky":false,"template":"","format":"standard","meta":{"footnotes":""},"categories":[9653],"tags":[1111,11,5815,2430,54139,1777,674,1011,27,35632,12,25,4001,28907],"class_list":{"0":"post-410277","1":"post","2":"type-post","3":"status-publish","4":"format-standard","5":"has-post-thumbnail","7":"category-saint-etienne","8":"tag-actu","9":"tag-actualites","10":"tag-association-de-malfaiteurs","11":"tag-auvergne-rhone-alpes","12":"tag-directeur-de-cabinet","13":"tag-eu","14":"tag-europe","15":"tag-fr","16":"tag-france","17":"tag-gilles-artigues","18":"tag-news","19":"tag-republique-francaise","20":"tag-saint-etienne","21":"tag-tribunal-correctionnel-de-lyon"},"share_on_mastodon":{"url":"https:\/\/pubeurope.com\/@fr\/115249852191798792","error":""},"_links":{"self":[{"href":"https:\/\/www.europesays.com\/fr\/wp-json\/wp\/v2\/posts\/410277","targetHints":{"allow":["GET"]}}],"collection":[{"href":"https:\/\/www.europesays.com\/fr\/wp-json\/wp\/v2\/posts"}],"about":[{"href":"https:\/\/www.europesays.com\/fr\/wp-json\/wp\/v2\/types\/post"}],"author":[{"embeddable":true,"href":"https:\/\/www.europesays.com\/fr\/wp-json\/wp\/v2\/users\/2"}],"replies":[{"embeddable":true,"href":"https:\/\/www.europesays.com\/fr\/wp-json\/wp\/v2\/comments?post=410277"}],"version-history":[{"count":0,"href":"https:\/\/www.europesays.com\/fr\/wp-json\/wp\/v2\/posts\/410277\/revisions"}],"wp:featuredmedia":[{"embeddable":true,"href":"https:\/\/www.europesays.com\/fr\/wp-json\/wp\/v2\/media\/410278"}],"wp:attachment":[{"href":"https:\/\/www.europesays.com\/fr\/wp-json\/wp\/v2\/media?parent=410277"}],"wp:term":[{"taxonomy":"category","embeddable":true,"href":"https:\/\/www.europesays.com\/fr\/wp-json\/wp\/v2\/categories?post=410277"},{"taxonomy":"post_tag","embeddable":true,"href":"https:\/\/www.europesays.com\/fr\/wp-json\/wp\/v2\/tags?post=410277"}],"curies":[{"name":"wp","href":"https:\/\/api.w.org\/{rel}","templated":true}]}}