{"id":410281,"date":"2025-09-22T20:33:38","date_gmt":"2025-09-22T20:33:38","guid":{"rendered":"https:\/\/www.europesays.com\/fr\/410281\/"},"modified":"2025-09-22T20:33:38","modified_gmt":"2025-09-22T20:33:38","slug":"300-choristes-chantent-cloclo-sur-la-scene-du-zenith","status":"publish","type":"post","link":"https:\/\/www.europesays.com\/fr\/410281\/","title":{"rendered":"300 choristes chantent Cloclo sur la sc\u00e8ne du Z\u00e9nith"},"content":{"rendered":"<p>D\u00e9couvrez le nouveau show de Spectacul\u2019Art consacr\u00e9 \u00e0 un chanteur embl\u00e9matique\u00a0: Claude Fran\u00e7ois\u00a0!<\/p>\n<p>\u00c0 l\u2019occasion de son 20e anniversaire, le ch\u0153ur Spectacul\u2019Art a d\u00e9cid\u00e9 d\u2019innover et de surprendre.<\/p>\n<p>Un spectacle unique imagin\u00e9 par son directeur artistique Vincent Fuchs, o\u00f9 vous d\u00e9couvrirez ou red\u00e9couvrirez le r\u00e9pertoire festif et interg\u00e9n\u00e9rationnel de l\u2019ic\u00f4ne \u00ab\u00a0Cloclo\u00a0\u00bb.<\/p>\n<p>Un spectacle o\u00f9 le public jouera un r\u00f4le \u00e0 part enti\u00e8re, avec des surprises, des arrangements in\u00e9dits, des danseurs, des Claudettes, des tubes \u00e0 gogo et des petites p\u00e9pites musicales oubli\u00e9es\u00a0!<\/p>\n<p>\u00c0 ne pas rater\u00a0!<\/p>\n<p class=\"note\">Mardi 30\u00a0septembre \u00e0 20\u00a0h au Z\u00e9nith de Nancy-Max\u00e9ville. Tarif de 41,50\u00a0\u20ac \u00e0 62\u00a0\u20ac. R\u00e9servation en ligne.<\/p>\n","protected":false},"excerpt":{"rendered":"D\u00e9couvrez le nouveau show de Spectacul\u2019Art consacr\u00e9 \u00e0 un chanteur embl\u00e9matique\u00a0: Claude Fran\u00e7ois\u00a0! \u00c0 l\u2019occasion de son 20e&hellip;\n","protected":false},"author":2,"featured_media":410282,"comment_status":"","ping_status":"","sticky":false,"template":"","format":"standard","meta":{"footnotes":""},"categories":[9635],"tags":[1111,11,1687,1704,1777,674,1011,27,775,873,1702,1703,12,25],"class_list":{"0":"post-410281","1":"post","2":"type-post","3":"status-publish","4":"format-standard","5":"has-post-thumbnail","7":"category-nancy","8":"tag-actu","9":"tag-actualites","10":"tag-culture-loisirs","11":"tag-edition-nancy-et-agglomeration","12":"tag-eu","13":"tag-europe","14":"tag-fr","15":"tag-france","16":"tag-grand-est","17":"tag-musique","18":"tag-nancy","19":"tag-nancy-ville-54b","20":"tag-news","21":"tag-republique-francaise"},"share_on_mastodon":{"url":"https:\/\/pubeurope.com\/@fr\/115249860095962288","error":""},"_links":{"self":[{"href":"https:\/\/www.europesays.com\/fr\/wp-json\/wp\/v2\/posts\/410281","targetHints":{"allow":["GET"]}}],"collection":[{"href":"https:\/\/www.europesays.com\/fr\/wp-json\/wp\/v2\/posts"}],"about":[{"href":"https:\/\/www.europesays.com\/fr\/wp-json\/wp\/v2\/types\/post"}],"author":[{"embeddable":true,"href":"https:\/\/www.europesays.com\/fr\/wp-json\/wp\/v2\/users\/2"}],"replies":[{"embeddable":true,"href":"https:\/\/www.europesays.com\/fr\/wp-json\/wp\/v2\/comments?post=410281"}],"version-history":[{"count":0,"href":"https:\/\/www.europesays.com\/fr\/wp-json\/wp\/v2\/posts\/410281\/revisions"}],"wp:featuredmedia":[{"embeddable":true,"href":"https:\/\/www.europesays.com\/fr\/wp-json\/wp\/v2\/media\/410282"}],"wp:attachment":[{"href":"https:\/\/www.europesays.com\/fr\/wp-json\/wp\/v2\/media?parent=410281"}],"wp:term":[{"taxonomy":"category","embeddable":true,"href":"https:\/\/www.europesays.com\/fr\/wp-json\/wp\/v2\/categories?post=410281"},{"taxonomy":"post_tag","embeddable":true,"href":"https:\/\/www.europesays.com\/fr\/wp-json\/wp\/v2\/tags?post=410281"}],"curies":[{"name":"wp","href":"https:\/\/api.w.org\/{rel}","templated":true}]}}