{"id":410283,"date":"2025-09-22T20:34:13","date_gmt":"2025-09-22T20:34:13","guid":{"rendered":"https:\/\/www.europesays.com\/fr\/410283\/"},"modified":"2025-09-22T20:34:13","modified_gmt":"2025-09-22T20:34:13","slug":"un-differend-se-finit-par-un-coup-de-couteau-a-sanary-trois-jeunes-locaux-impliques","status":"publish","type":"post","link":"https:\/\/www.europesays.com\/fr\/410283\/","title":{"rendered":"Un diff\u00e9rend se finit par un coup de couteau \u00e0 Sanary, trois jeunes locaux impliqu\u00e9s"},"content":{"rendered":"<p>Des taches de sang visibles sur plusieurs m\u00e8tres jonchent l\u2019avenue des Poilus. Elles appartiennent \u00e0 un jeune homme qui, ce lundi \u00e0 la mi-journ\u00e9e, a re\u00e7u un coup de couteau dans la jambe. Selon le commissaire de police, une bagarre a \u00e9clat\u00e9 entre trois individus \u00e2g\u00e9s de 20 \u00e0 25 ans demeurant sur la commune, \u00e0 la suite d\u2019un diff\u00e9rend non li\u00e9 \u00e0 un quelconque trafic, pr\u00e9cise-t-il.<\/p>\n<p>La victime a \u00e9t\u00e9 hospitalis\u00e9e \u00e0 la clinique Malartic, \u00e0 Ollioules. Son pronostic vital ne serait pas engag\u00e9. Une enqu\u00eate a \u00e9t\u00e9 ouverte.<\/p>\n","protected":false},"excerpt":{"rendered":"Des taches de sang visibles sur plusieurs m\u00e8tres jonchent l\u2019avenue des Poilus. Elles appartiennent \u00e0 un jeune homme&hellip;\n","protected":false},"author":2,"featured_media":410284,"comment_status":"","ping_status":"","sticky":false,"template":"","format":"standard","meta":{"footnotes":""},"categories":[9619],"tags":[1111,11,1777,674,118,1011,27,12,882,25,2310,3366],"class_list":{"0":"post-410283","1":"post","2":"type-post","3":"status-publish","4":"format-standard","5":"has-post-thumbnail","7":"category-toulon","8":"tag-actu","9":"tag-actualites","10":"tag-eu","11":"tag-europe","12":"tag-faits-divers","13":"tag-fr","14":"tag-france","15":"tag-news","16":"tag-provence-alpes-cote-dazur","17":"tag-republique-francaise","18":"tag-toulon","19":"tag-vie-locale"},"share_on_mastodon":{"url":"https:\/\/pubeurope.com\/@fr\/115249864230044721","error":""},"_links":{"self":[{"href":"https:\/\/www.europesays.com\/fr\/wp-json\/wp\/v2\/posts\/410283","targetHints":{"allow":["GET"]}}],"collection":[{"href":"https:\/\/www.europesays.com\/fr\/wp-json\/wp\/v2\/posts"}],"about":[{"href":"https:\/\/www.europesays.com\/fr\/wp-json\/wp\/v2\/types\/post"}],"author":[{"embeddable":true,"href":"https:\/\/www.europesays.com\/fr\/wp-json\/wp\/v2\/users\/2"}],"replies":[{"embeddable":true,"href":"https:\/\/www.europesays.com\/fr\/wp-json\/wp\/v2\/comments?post=410283"}],"version-history":[{"count":0,"href":"https:\/\/www.europesays.com\/fr\/wp-json\/wp\/v2\/posts\/410283\/revisions"}],"wp:featuredmedia":[{"embeddable":true,"href":"https:\/\/www.europesays.com\/fr\/wp-json\/wp\/v2\/media\/410284"}],"wp:attachment":[{"href":"https:\/\/www.europesays.com\/fr\/wp-json\/wp\/v2\/media?parent=410283"}],"wp:term":[{"taxonomy":"category","embeddable":true,"href":"https:\/\/www.europesays.com\/fr\/wp-json\/wp\/v2\/categories?post=410283"},{"taxonomy":"post_tag","embeddable":true,"href":"https:\/\/www.europesays.com\/fr\/wp-json\/wp\/v2\/tags?post=410283"}],"curies":[{"name":"wp","href":"https:\/\/api.w.org\/{rel}","templated":true}]}}