{"id":410293,"date":"2025-09-22T20:42:13","date_gmt":"2025-09-22T20:42:13","guid":{"rendered":"https:\/\/www.europesays.com\/fr\/410293\/"},"modified":"2025-09-22T20:42:13","modified_gmt":"2025-09-22T20:42:13","slug":"dans-ce-vignoble-des-vendanges-prometteuses-grace-a-laide-des-lyceens","status":"publish","type":"post","link":"https:\/\/www.europesays.com\/fr\/410293\/","title":{"rendered":"dans ce vignoble, des vendanges prometteuses gr\u00e2ce \u00e0 l&rsquo;aide des lyc\u00e9ens"},"content":{"rendered":"<p>            Par<br \/>\n        <strong><br \/>\n            <a href=\"https:\/\/actu.fr\/auteur\/le-journal-delbeuf\" title=\"Consulter tous les articles de R\u00e9daction Elbeuf\" target=\"_blank\" rel=\"noopener\">R\u00e9daction Elbeuf<\/a><br \/>\n        <\/strong><\/p>\n<p>        Publi\u00e9 le<\/p>\n<p>            22 sept. 2025 \u00e0 21h34        <\/p>\n<p>Sur le coteau inond\u00e9 de soleil, les <b>grappes<\/b> dodues et gorg\u00e9es de sucre n\u2019attendent plus que la main qui viendra les cueillir pour accomplir leur destin : \u00eatre transform\u00e9es en <b>vin<\/b>.<\/p>\n<p class=\" wall-content\">Nous ne sommes ni dans le Bordelais, ni dans le val de Loire, mais bien s\u00fbr les hauteurs de <a href=\"https:\/\/actu.fr\/normandie\/freneuse_76282\" target=\"_blank\" rel=\"noopener\">Freneuse (Seine-Maritime)<\/a>, pr\u00e8s de Rouen, o\u00f9 les <b>vendanges<\/b> du domaine Saint-Exp\u00e9dit ont commenc\u00e9 depuis une quinzaine de jours.<\/p>\n<p class=\" wall-content\">Vendredi 19 septembre 2025, <b>\u00c9douard Capron<\/b>, le propri\u00e9taire r\u00e9coltant de cette parcelle de deux hectares, a pu compter sur l\u2019aide de nombreuses petites mains : les <b>\u00e9l\u00e8ves de premi\u00e8re<\/b> de la section cuisine\/service du lyc\u00e9e professionnel Auguste-Bartholdi de Barentin, emmen\u00e9s par leur professeur Jean-Charles Adam.<\/p>\n<p class=\" wall-content\">\u00ab C\u2019est toujours plus facile et agr\u00e9able d\u2019aborder les questions techniques sur les produits dans leur environnement que dans une salle de classe. Les \u00e9l\u00e8ves voient ainsi comment est cultiv\u00e9 le produit qu\u2019ils transforment ensuite en cuisine \u00bb, explique l\u2019enseignant de service.<\/p>\n<p>Vendangeurs d\u2019un jour<\/p>\n<p class=\" wall-content\">Apr\u00e8s une petite initiation sur quelles grappes ramasser et comment couper la tige, organis\u00e9s par bin\u00f4mes et arm\u00e9s de s\u00e9cateurs, les <b>24 lyc\u00e9ens<\/b> s\u2019affairent entre les rangs.<\/p>\n<p>Vid\u00e9os : en ce moment sur Actu<\/p>\n<p class=\" wall-content\">Eux qui ont l\u2019habitude de mettre la main \u00e0 la p\u00e2te se mettent du jus de raison pleins les doigts et s\u2019offrent \u00e0 l\u2019occasion une petite d\u00e9gustation. Solidarit\u00e9 et esprit de comp\u00e9tition se m\u00ealent : on s\u2019aide \u00e0 porter les caisses pleines en bout de rang, mais on est quand m\u00eame fier de ramasser plus de <b>raisin<\/b> que le voisin.<\/p>\n<p>    <img   decoding=\"async\" loading=\"lazy\" class=\"size-large\" src=\"https:\/\/www.europesays.com\/fr\/wp-content\/uploads\/2025\/09\/9f4871f220d86835871f220d847587v-768x640.jpg\" alt=\"la r\u00e9colte par les \u00e9l\u00e8ves du lyc\u00e9e Bartholdi\" width=\"768\" height=\"640\"\/><br \/>\n    La r\u00e9colte a \u00e9t\u00e9 faite par les \u00e9l\u00e8ves du lyc\u00e9e Bartholdi. \u00a9Le Journal d\u2019Elbeuf<\/p>\n<p>Votre r\u00e9gion, votre actu !<\/p>\n<p>Recevez chaque jour les infos qui comptent pour vous.<\/p>\n<p>\t<a href=\"https:\/\/actu.fr\/newsletter\" class=\"ac-btn ac-btn--corner ac-btn--medium ac-btn--blue800\" target=\"_blank\" rel=\"noopener\">S&rsquo;incrire<\/a><\/p>\n<p class=\" wall-content\">Piquer quelques grappes dans sa propre caisse fait m\u00eame partie du jeu, pour que la vendange se passe dans un esprit bon enfant.<\/p>\n<p class=\" wall-content\">Dans l\u2019ensemble, les jeunes ont appr\u00e9ci\u00e9 l\u2019activit\u00e9, m\u00eame si le soleil et la chaleur \u00e9crasante rendaient les conditions de travail parfois p\u00e9nibles.<\/p>\n<blockquote class=\"ac-article-quote wall-content\">\n<p>C\u2019est mieux que d\u2019\u00eatre assis sur une chaise \u00e0 \u00e9couter un prof et on a appris plein de choses sur les diff\u00e9rents vins.<\/p>\n<p>Erhone, lyc\u00e9en<\/p><\/blockquote>\n<p class=\" wall-content\">Son camarade, Marius, est tr\u00e8s fier des huit caisses qu\u2019il a r\u00e9ussi \u00e0 remplir, mais il aurait aussi aim\u00e9 d\u00e9couvrir d\u2019autres techniques comme le foulage. \u00ab Mais \u00e7a d\u00e9pend du planning du viticulteur \u00bb, se r\u00e9signe-t-il, philosophe.<\/p>\n<p>Une dr\u00f4le de tradition locale<\/p>\n<p class=\" wall-content\">Des <b>viticulteurs<\/b>, il y en a eu \u00e0 Freneuse, bien avant \u00c9douard Capron. Avec ses coteaux expos\u00e9s plein sud et son sol calcaire, le village b\u00e9n\u00e9ficie en effet d\u2019un microclimat assez proche des conditions m\u00e9diterran\u00e9ennes. Malgr\u00e9 cela, la tradition s\u2019est perdue avec le temps.<\/p>\n<p class=\" wall-content\">Le <a href=\"https:\/\/actu.fr\/normandie\/elbeuf_76231\/un-viticulteur-sinstalle-sur-les-coteaux-de-freneuse_10561190.html\" target=\"_blank\" rel=\"noopener\">vigneron de Saint-Exp\u00e9dit, Rouennais d\u2019origine et ancien commercial en vins<\/a>, aimait sa r\u00e9gion et voulait exp\u00e9rimenter l\u2019envers du d\u00e9cor sans reprendre une exploitation existante et le cahier des charges qui allait avec. Il voulait cr\u00e9er, presque innover.<\/p>\n<p class=\" wall-content\">Ce qui \u00e9tait d\u2019ailleurs le cas, car quand il se lance dans ce pari, en 2017, il est le second normand et le<b> premier seinomarin<\/b> \u00e0 tenter l\u2019aventure. Ils sont aujourd\u2019hui <b>environ 70 dans toute la Normandie<\/b> \u00e0 exploiter le terroir \u00e0 contre-courant.<\/p>\n<p class=\" wall-content\">Et cette ann\u00e9e, \u00c9douard Capron l\u2019assure : le vin sera bon.<\/p>\n<p class=\" wall-content\">Personnalisez votre actualit\u00e9 en ajoutant vos villes et m\u00e9dias en favori avec <a href=\"https:\/\/moncompte.actu.fr\" title=\"D\u00e9couvez Mon Actu\" rel=\"nofollow noopener\" data-trk=\"{&quot;cta&quot;:{&quot;action&quot;:&quot;https:\\\/\\\/moncompte.actu.fr&quot;,&quot;category&quot;:&quot;mon compte&quot;,&quot;from&quot;:&quot;article footer&quot;,&quot;name&quot;:&quot;Mon actu&quot;,&quot;type&quot;:&quot;cta&quot;}}\" target=\"_blank\">Mon Actu<\/a>.<\/p>\n","protected":false},"excerpt":{"rendered":"Par R\u00e9daction Elbeuf Publi\u00e9 le 22 sept. 2025 \u00e0 21h34 Sur le coteau inond\u00e9 de soleil, les grappes&hellip;\n","protected":false},"author":2,"featured_media":410294,"comment_status":"","ping_status":"","sticky":false,"template":"","format":"standard","meta":{"footnotes":""},"categories":[9587],"tags":[1111,11,1777,674,1011,27,12,5161,25,9590,104,1662],"class_list":{"0":"post-410293","1":"post","2":"type-post","3":"status-publish","4":"format-standard","5":"has-post-thumbnail","7":"category-rouen","8":"tag-actu","9":"tag-actualites","10":"tag-eu","11":"tag-europe","12":"tag-fr","13":"tag-france","14":"tag-news","15":"tag-normandie","16":"tag-republique-francaise","17":"tag-rouen","18":"tag-societe","19":"tag-vin"},"share_on_mastodon":{"url":"https:\/\/pubeurope.com\/@fr\/115249895991787526","error":""},"_links":{"self":[{"href":"https:\/\/www.europesays.com\/fr\/wp-json\/wp\/v2\/posts\/410293","targetHints":{"allow":["GET"]}}],"collection":[{"href":"https:\/\/www.europesays.com\/fr\/wp-json\/wp\/v2\/posts"}],"about":[{"href":"https:\/\/www.europesays.com\/fr\/wp-json\/wp\/v2\/types\/post"}],"author":[{"embeddable":true,"href":"https:\/\/www.europesays.com\/fr\/wp-json\/wp\/v2\/users\/2"}],"replies":[{"embeddable":true,"href":"https:\/\/www.europesays.com\/fr\/wp-json\/wp\/v2\/comments?post=410293"}],"version-history":[{"count":0,"href":"https:\/\/www.europesays.com\/fr\/wp-json\/wp\/v2\/posts\/410293\/revisions"}],"wp:featuredmedia":[{"embeddable":true,"href":"https:\/\/www.europesays.com\/fr\/wp-json\/wp\/v2\/media\/410294"}],"wp:attachment":[{"href":"https:\/\/www.europesays.com\/fr\/wp-json\/wp\/v2\/media?parent=410293"}],"wp:term":[{"taxonomy":"category","embeddable":true,"href":"https:\/\/www.europesays.com\/fr\/wp-json\/wp\/v2\/categories?post=410293"},{"taxonomy":"post_tag","embeddable":true,"href":"https:\/\/www.europesays.com\/fr\/wp-json\/wp\/v2\/tags?post=410293"}],"curies":[{"name":"wp","href":"https:\/\/api.w.org\/{rel}","templated":true}]}}