{"id":410298,"date":"2025-09-22T20:46:14","date_gmt":"2025-09-22T20:46:14","guid":{"rendered":"https:\/\/www.europesays.com\/fr\/410298\/"},"modified":"2025-09-22T20:46:14","modified_gmt":"2025-09-22T20:46:14","slug":"a-saint-jacques-de-la-lande-le-lab-des-energies-reduit-les-factures-des-entreprises","status":"publish","type":"post","link":"https:\/\/www.europesays.com\/fr\/410298\/","title":{"rendered":"\u00c0 Saint-Jacques-de-la-Lande, le Lab&rsquo; des \u00e9nergies r\u00e9duit les factures des entreprises"},"content":{"rendered":"<p><strong>\u00ab\u00a0La majorit\u00e9 des gens conna\u00eet le prix d\u2019un litre d\u2019essence, mais combien savent r\u00e9ellement combien co\u00fbte le gaz ou l\u2019\u00e9lectricit\u00e9\u00a0?\u00a0\u00bb<\/strong>, s\u2019interroge Colin Megret, responsable de l\u2019agence rennaise du courtier le Lab&rsquo; des \u00c9nergies, install\u00e9e depuis juillet au quartier de la Courrouze, \u00e0 Saint-Jacques-de-la-Lande (Ille-et-Vilaine).<\/p>\n<p>Ma\u00eetriser les d\u00e9penses \u00e9nerg\u00e9tiques<\/p>\n<p><strong>\u00ab\u00a0Il y a une m\u00e9connaissance du sujet, alors que c\u2019est un poste strat\u00e9gique et qui le deviendra de plus en plus<\/strong>, reprend-il. <strong>L\u2019UFC Que Choisir pr\u00e9voit notamment une augmentation de 19\u00a0% du tarif de l\u2019\u00e9lectricit\u00e9 en 2026.\u00a0\u00bb<\/strong><\/p>\n<p><strong>Lire aussi\u00a0: <\/strong> <a href=\"https:\/\/rennes.maville.com\/actu\/actudet_-a-cesson-orange-labs-innove-pour-optimiser-la-consommation-energetique-de-son-reseau-_7-5837673_actu.Htm\" target=\"_blank\" rel=\"noopener\">\u00c0 Cesson, Orange labs innove pour optimiser la consommation \u00e9nerg\u00e9tique de son r\u00e9seau<\/a><\/p>\n<p>Le Lab\u2019 des \u00e9nergies cumule les missions de conseil, depuis son agence de l\u2019avenue Germaine-Tillion. <strong>\u00ab\u00a0En tant qu\u2019acteur du conseil et du courtage en \u00e9nergie, nous aidons, au niveau de l\u2019agence de Rennes, les chefs d\u2019entreprise, de la PME (petite ou moyenne entreprise) \u00e0 l\u2019ETI (entreprise de taille interm\u00e9diaire), \u00e0 optimiser et ma\u00eetriser leurs d\u00e9penses \u00e9nerg\u00e9tiques,<\/strong> pr\u00e9cise Colin Megret. <strong>Ce poste de co\u00fbts essentiel ne doit pas mettre en p\u00e9ril la rentabilit\u00e9 de leurs affaires. Au si\u00e8ge, nous accompagnons \u00e9galement les particuliers dans la r\u00e9duction de leurs factures d\u2019\u00e9nergie.\u00a0\u00bb<\/strong><\/p>\n<p>Le courtage en \u00e9nergie est un m\u00e9tier r\u00e9cent, n\u00e9 dans les ann\u00e9es 2010. Le Lab&rsquo; des \u00e9nergies a \u00e9t\u00e9 cr\u00e9\u00e9 en 2020. Il accompagne d\u00e9j\u00e0 plus de 3\u00a0500\u00a0entreprises et supervise plus de 10\u00a0000\u00a0compteurs. L\u2019entreprise est particuli\u00e8rement active dans les secteurs industriels et agricoles, mais s\u2019adresse \u00e0 l\u2019ensemble des activit\u00e9s professionnelles, de la petite boulangerie aux plus grandes organisations.<\/p>\n<p><strong>Lire aussi\u00a0: <\/strong> <a href=\"https:\/\/rennes.maville.com\/actu\/actudet_-ce-lyceen-rennais-invente-un-boitier-pour-maitriser-sa-consommation-d-energie-en-temps-reel-_7-6201142_actu.Htm\" target=\"_blank\" rel=\"noopener\">Ce lyc\u00e9en Rennais invente un bo\u00eetier pour ma\u00eetriser sa consommation d\u2019\u00e9nergie en temps r\u00e9el<\/a><\/p>\n<p>La quatri\u00e8me agence du r\u00e9seau<\/p>\n<p>Membre du Syndicat des courtiers en \u00e9nergie, l\u2019entreprise s\u2019engage sur l\u2019\u00e9thique et la transparence des contrats. <strong>\u00ab\u00a0Tout d\u00e9bute par l\u2019\u00e9tude des factures. Nos services sont totalement gratuits. Nous sommes r\u00e9mun\u00e9r\u00e9s par la vingtaine de fournisseurs de gaz et d\u2019\u00e9lectricit\u00e9 que nous mettons en concurrence. Nos clients b\u00e9n\u00e9ficient ainsi d\u2019un prix stable sur une p\u00e9riode donn\u00e9e, avant de ren\u00e9gocier \u00e0 l\u2019issue\u00a0\u00bb, <\/strong>ajoute Colin Megret.<\/p>\n<p>Rennes est la 4e implantation physique du r\u00e9seau. <strong>\u00ab\u00a0Ici, avec mon \u00e9quipe de trois conseillers, nous privil\u00e9gions la proximit\u00e9 avec nos clients.\u00a0\u00bb<\/strong><\/p>\n<p><strong>Lab&rsquo; des \u00e9nergies, <\/strong>agence de Rennes, immeuble Cimea 2, 19,\u00a0avenue Germaine-Tillion. Contact par t\u00e9l.\u00a002\u00a059\u00a050\u00a038\u00a030 ou mail, rennes@lab-energies.fr En savoir plus\u00a0: lab-energies.fr<\/p>\n<p>\u00a0<\/p>\n","protected":false},"excerpt":{"rendered":"\u00ab\u00a0La majorit\u00e9 des gens conna\u00eet le prix d\u2019un litre d\u2019essence, mais combien savent r\u00e9ellement combien co\u00fbte le gaz&hellip;\n","protected":false},"author":2,"featured_media":410299,"comment_status":"","ping_status":"","sticky":false,"template":"","format":"standard","meta":{"footnotes":""},"categories":[2821],"tags":[1111,11,829,1777,674,1011,27,16715,12,584,25,18461],"class_list":{"0":"post-410298","1":"post","2":"type-post","3":"status-publish","4":"format-standard","5":"has-post-thumbnail","7":"category-rennes","8":"tag-actu","9":"tag-actualites","10":"tag-bretagne","11":"tag-eu","12":"tag-europe","13":"tag-fr","14":"tag-france","15":"tag-lab","16":"tag-news","17":"tag-rennes","18":"tag-republique-francaise","19":"tag-saint-jacques-de-la-lande"},"share_on_mastodon":{"url":"https:\/\/pubeurope.com\/@fr\/115249911278289746","error":""},"_links":{"self":[{"href":"https:\/\/www.europesays.com\/fr\/wp-json\/wp\/v2\/posts\/410298","targetHints":{"allow":["GET"]}}],"collection":[{"href":"https:\/\/www.europesays.com\/fr\/wp-json\/wp\/v2\/posts"}],"about":[{"href":"https:\/\/www.europesays.com\/fr\/wp-json\/wp\/v2\/types\/post"}],"author":[{"embeddable":true,"href":"https:\/\/www.europesays.com\/fr\/wp-json\/wp\/v2\/users\/2"}],"replies":[{"embeddable":true,"href":"https:\/\/www.europesays.com\/fr\/wp-json\/wp\/v2\/comments?post=410298"}],"version-history":[{"count":0,"href":"https:\/\/www.europesays.com\/fr\/wp-json\/wp\/v2\/posts\/410298\/revisions"}],"wp:featuredmedia":[{"embeddable":true,"href":"https:\/\/www.europesays.com\/fr\/wp-json\/wp\/v2\/media\/410299"}],"wp:attachment":[{"href":"https:\/\/www.europesays.com\/fr\/wp-json\/wp\/v2\/media?parent=410298"}],"wp:term":[{"taxonomy":"category","embeddable":true,"href":"https:\/\/www.europesays.com\/fr\/wp-json\/wp\/v2\/categories?post=410298"},{"taxonomy":"post_tag","embeddable":true,"href":"https:\/\/www.europesays.com\/fr\/wp-json\/wp\/v2\/tags?post=410298"}],"curies":[{"name":"wp","href":"https:\/\/api.w.org\/{rel}","templated":true}]}}