{"id":410302,"date":"2025-09-22T20:48:17","date_gmt":"2025-09-22T20:48:17","guid":{"rendered":"https:\/\/www.europesays.com\/fr\/410302\/"},"modified":"2025-09-22T20:48:17","modified_gmt":"2025-09-22T20:48:17","slug":"ce-dimanche-un-festival-gratuit-va-faire-chanter-strasbourg","status":"publish","type":"post","link":"https:\/\/www.europesays.com\/fr\/410302\/","title":{"rendered":"ce dimanche, un festival gratuit va faire chanter Strasbourg"},"content":{"rendered":"<p><b>Le 28 septembre prochain aura lieu la premi\u00e8re \u00e9dition d\u2019un nouvel \u00e9v\u00e9nement, unique en son genre dans le paysage alsacien. En effet, le festival Cool Choeurs mettra en lumi\u00e8re 7 chorales pop dans le quartier de la Krutenau \u00e0 Strasbourg. Un moment convivial gratuit organis\u00e9 pour casser les clich\u00e9s sur les chorales, mais aussi pour inviter le public \u00e0 lib\u00e9rer sa voix et sa joie.\u00a0<\/b><\/p>\n<p>Encore peu visible sur les sc\u00e8nes locales, <b>la chorale est pourtant un loisir tr\u00e8s populaire en France<\/b> puisque selon <a target=\"_blank\" href=\"https:\/\/www.choralies.org\/sondage-2020\" rel=\"noopener\">un sondage IFOP de 2020<\/a>,<b> 3,5 millions de Fran\u00e7ais(es) pratiqueraient le chant choral plus d\u2019une fois par mois,<\/b> soit 5% de la population !<\/p>\n<p>Si beaucoup de festivals autour de ce genre musical sont consacr\u00e9s \u00e0 un style plus classique, on voit de plus en plus fleurir des \u00e9v\u00e9nements qui tendent \u00e0 d\u00e9poussi\u00e9rer une activit\u00e9 souvent mal connue.<b> C\u2019est le cas de Cool Choeurs, un festival qui risque de surprendre les plus r\u00e9ticent(e)s avec des r\u00e9interpr\u00e9tations en chorale des tubes pop <\/b>qui nous font danser jusqu\u2019au bout de la nuit.<\/p>\n<p>    <img width=\"800\" height=\"346\" src=\"https:\/\/www.europesays.com\/fr\/wp-content\/uploads\/2025\/09\/plurielles-visuels-choeur-6-2048x885-1-800x346.png\" class=\"attachment-image-size-L size-image-size-L\" alt=\"Plurielles \/ Festival Cool Choeurs\" decoding=\"async\" loading=\"lazy\"  \/>         \u00a9 Site web de Plurielles \/ Capture d&rsquo;\u00e9cran <\/p>\n<p>Cr\u00e9er une nouvelle dynamique<\/p>\n<p>\u00c0 l\u2019origine de ce tout nouveau festival, on retrouve <strong>Sophie Ziessel<\/strong>, qui est \u00e0 la t\u00eate de la cellule d\u2019accompagnement strasbourgeoise POLI FONI. Dans son quotidien, Sophie accompagne et manage des artistes pop comme le groupe Amoure, qui \u00e9tait pr\u00e9sent lors de la soir\u00e9e des 10 ans de Pokaa, il y a un an d\u00e9j\u00e0. <\/p>\n<p><b>Musicienne, Sophie avait depuis longtemps envie de cr\u00e9er son propre \u00e9v\u00e9nement, quelque chose qui lui ressemble, et qui rassemble.<\/b><\/p>\n<p>                <img width=\"750\" height=\"500\" src=\"https:\/\/www.europesays.com\/fr\/wp-content\/uploads\/2025\/09\/amoure-david-leveque-pokaa-25-09-24-4-750x500.jpg\" class=\"attachment-gallery size-gallery\" alt=\"10 ans Pokaa \u00e9v\u00e9nement anniversaire Amoure\" data-full-url=\"https:\/\/pokaa.fr\/wp-content\/uploads\/2024\/09\/30\/amoure-david-leveque-pokaa-25-09-24-4.jpg\" decoding=\"async\" loading=\"lazy\"  \/>            <\/p>\n<p>                <img width=\"750\" height=\"500\" src=\"https:\/\/www.europesays.com\/fr\/wp-content\/uploads\/2025\/09\/amoure-david-leveque-pokaa-25-09-24-3-750x500.jpg\" class=\"attachment-gallery size-gallery\" alt=\"10 ans Pokaa \u00e9v\u00e9nement anniversaire Amoure\" data-full-url=\"https:\/\/pokaa.fr\/wp-content\/uploads\/2024\/09\/30\/amoure-david-leveque-pokaa-25-09-24-3.jpg\" decoding=\"async\" loading=\"lazy\"  \/>            <\/p>\n<p>                    Amoure. \u00a9 David Lev\u00eaque \/ Pokaa<\/p>\n<p>Apr\u00e8s les confinements successifs li\u00e9s \u00e0 la pand\u00e9mie de Covid-19, Sophie a quitt\u00e9 Paris o\u00f9 elle vivait alors, pour Strasbourg. Ici, avec des amies, elle a particip\u00e9 \u00e0 fonder la chorale pop Strassappella : <b>\u00ab P<\/b><b>etit \u00e0 petit, j\u2019ai appris \u00e0 conna\u00eetre tout le pan de la chorale pop \u00e0 Strasbourg, et j\u2019ai eu envie de r\u00e9unir tout le monde. <\/b><b>\u00bb<\/b><\/p>\n<p><b>C\u2019est l\u00e0 qu\u2019est n\u00e9e l\u2019id\u00e9e d\u2019un festival autour de la chorale, pour connecter les choristes, les chef(fe)s de choeur, qui bien souvent se connaissent de loin, de nom, sans pour autant se c\u00f4toyer<\/b> : \u00ab J\u2019aime bien l\u2019id\u00e9e de cr\u00e9er une nouvelle dynamique, et peut-\u00eatre des nouveaux projets musicaux, ou des concerts communs. \u00bb<\/p>\n<\/p>\n<p>D\u00e9poussi\u00e9rer une image un peu vieillotte<\/p>\n<p>Au-del\u00e0 de la rencontre entre choristes, Sophie veut surtout cr\u00e9er la rencontre entre le monde de la chorale et le public, <strong>pour d\u00e9poussi\u00e9rer l\u2019image d\u2019un style musical<\/strong> qui p\u00e2tit parfois d\u2019une image un peu vieillotte.<\/p>\n<p><b>Les 7 ensembles interpr\u00e9teront ainsi des classiques de la musique populaire<\/b> <strong>actuelle, <\/strong>permettant \u00e0 chacun(e) de reconna\u00eetre des morceaux chant\u00e9s sous la douche ou sur lesquels on danse jusqu\u2019au bout de la nuit.<\/p>\n<\/p>\n<p>Un moment intime avec le public<\/p>\n<p>Pour donner vie \u00e0 ce moment de communion, <strong>la cr\u00e9atrice du festival a demand\u00e9 aux chorales d\u2019int\u00e9grer le public<\/strong>. Chacun(e) d\u2019entre nous pourra donc int\u00e9grer le groupe, peu importe l\u2019\u00e2ge, la voix, ou l\u2019exp\u00e9rience dans le monde du chant.<\/p>\n<p><strong>La chorale ne demande en effet aucune connaissance particuli\u00e8re en musique,<\/strong> et tout le monde peut la pratiquer. C\u2019est un loisir accessible qui ne co\u00fbte rien, et ne demande qu\u2019un seul instrument : la voix.<\/p>\n<p>    <img width=\"800\" height=\"378\" src=\"https:\/\/www.europesays.com\/fr\/wp-content\/uploads\/2025\/09\/capture-site-internet-gospel-thyms-800x378.png\" class=\"attachment-image-size-L size-image-size-L\" alt=\"Gospel Rhyms \/ Festival Cool Choeurs\" decoding=\"async\" loading=\"lazy\"  \/>         \u00a9 Site web de Gospel Rhyms \/ Capture d&rsquo;\u00e9cran <\/p>\n<p>Ce moment festif sera donc enti\u00e8rement construit pour faire tomber les barri\u00e8res entre les chorales et le public, pour ne former qu\u2019une seule entit\u00e9 : <b>\u00ab <\/b><b>J\u2019aimerais retrouver un \u00e9tat d\u2019esprit collaboratif [\u2026], j\u2019ai envie que les personnes qui chantent, et celles qui \u00e9coutent, se disent qu\u2019il n\u2019y a pas grand-chose qui les diff\u00e9rencie. On est tous et toutes l\u00e0, avec nos corps, nos voix, et nos mains, nos pieds et nos doigts pour faire de la musique. <\/b><b>\u00bb<\/b><\/p>\n<p>Des choix politiques et un beau programme<\/p>\n<p><b>L\u2019inclusion sous toutes ses formes est l\u2019un des points de la politique du festival Cool Ch\u0153urs, <\/b>et c\u2019est dans ce sens que le choix des 7 chorales pr\u00e9sentes a \u00e9t\u00e9 fait : pour repr\u00e9senter tous les horizons, les origines, les sonorit\u00e9s, etc.<\/p>\n<\/p>\n<p><strong>C\u00f4te programme, il y en aura donc pour tous les go\u00fbts avec environ 300 choristes et 3 sc\u00e8nes de 14h \u00e0 17h15 :\u00a0<\/strong><\/p>\n<ul>\n<li>Sc\u00e8ne n\u00b01 \u2013 terrasse du Palais Rohan : <strong>Pelicanto<\/strong>, un ch\u0153ur LGBTQIA+ connu pour sa com\u00e9die musicale annuelle aux costumes somptueux, ouvrira le festival. On y retrouvera aussi <strong>Catharsis<\/strong> et <strong>Diversio<\/strong>.\u00a0<\/li>\n<li>Sc\u00e8ne n\u00b02 \u2013 quai des Bateliers : en plus de la pr\u00e9sence de <strong>Strassappella<\/strong>, <strong>Gospel Rhyms<\/strong>, un ch\u0153ur mixte, viendra pr\u00e9senter un r\u00e9pertoire extr\u00eamement riche, teint\u00e9 de negro spiritual, de gospel, mais aussi de musique traditionnelle africaine dans plusieurs langues.<\/li>\n<li>Sc\u00e8ne n\u00b03 \u2013 parvis de l\u2019\u00e9glise Sainte-Madeline : <strong>Catharsis Queen, <\/strong>qui se consacre enti\u00e8rement \u00e0 des adaptations du r\u00e9pertoire du groupe britannique QUEEN, sera sur place, tout comme <strong>Plurielles<\/strong>, un ch\u0153ur f\u00e9minin qui interpr\u00e9tera des chants de luttes f\u00e9ministes, et des chants traditionnels irlandais.<\/li>\n<\/ul>\n<p>En plus, <strong>c\u2019est 100% gratuit<\/strong> (ou \u00e0 prix libre) et pour en savoir plus, <a href=\"https:\/\/www.helloasso.com\/associations\/strassappella\/evenements\/festival-cool-choeurs-2025?fbclid=PAZXh0bgNhZW0CMTEAAaecM3snk376zqGgJrU25pVOHEqbqw6PjI6j0z5X_6bUpXYhW-coSm23rDcWPg_aem_Q8YAmzXMaAJRa0KVwrI5nw\" target=\"_blank\" rel=\"noopener\">c\u2019est ici<\/a> !<\/p>\n<p>            Cool Ch\u0153urs<\/p>\n<p>            Quoi ? <\/p>\n<p>Festival de chant choral pop<\/p>\n<p>                Quand ?<\/p>\n<p>Dimanche 28 septembre de 14h \u00e0 17h15<\/p>\n<p>            o\u00f9 ?<\/p>\n<p>Palais Rohan, quai des Bateliers et parvis de l\u2019\u00e9glise Sainte-Madeleine, \u00e0 Strasbourg<\/p>\n<p>                Plus d&rsquo;infos ?<\/p>\n<p><a href=\"https:\/\/www.helloasso.com\/associations\/strassappella\/evenements\/festival-cool-choeurs-2025?fbclid=PAZXh0bgNhZW0CMTEAAaecM3snk376zqGgJrU25pVOHEqbqw6PjI6j0z5X_6bUpXYhW-coSm23rDcWPg_aem_Q8YAmzXMaAJRa0KVwrI5nw\" target=\"_blank\" rel=\"noopener\">Infos et r\u00e9servation ici<\/a><br \/><a href=\"https:\/\/www.facebook.com\/profile.php?id=61572396401317\" target=\"_blank\" rel=\"noopener\">La page Facebook de l\u2019\u00e9v\u00e9nement<\/a><br \/>\u00c9v\u00e9nement gratuit et \u00e0 prix libre<\/p>\n","protected":false},"excerpt":{"rendered":"Le 28 septembre prochain aura lieu la premi\u00e8re \u00e9dition d\u2019un nouvel \u00e9v\u00e9nement, unique en son genre dans le&hellip;\n","protected":false},"author":2,"featured_media":410303,"comment_status":"","ping_status":"","sticky":false,"template":"","format":"standard","meta":{"footnotes":""},"categories":[2820],"tags":[1111,11,22417,54141,1777,674,849,54142,1011,27,775,12,25,640],"class_list":{"0":"post-410302","1":"post","2":"type-post","3":"status-publish","4":"format-standard","5":"has-post-thumbnail","7":"category-strasbourg","8":"tag-actu","9":"tag-actualites","10":"tag-chorale","11":"tag-cool-choeurs-strasbourg","12":"tag-eu","13":"tag-europe","14":"tag-festival","15":"tag-festival-krutenau","16":"tag-fr","17":"tag-france","18":"tag-grand-est","19":"tag-news","20":"tag-republique-francaise","21":"tag-strasbourg"},"share_on_mastodon":{"url":"https:\/\/pubeurope.com\/@fr\/115249920433928860","error":""},"_links":{"self":[{"href":"https:\/\/www.europesays.com\/fr\/wp-json\/wp\/v2\/posts\/410302","targetHints":{"allow":["GET"]}}],"collection":[{"href":"https:\/\/www.europesays.com\/fr\/wp-json\/wp\/v2\/posts"}],"about":[{"href":"https:\/\/www.europesays.com\/fr\/wp-json\/wp\/v2\/types\/post"}],"author":[{"embeddable":true,"href":"https:\/\/www.europesays.com\/fr\/wp-json\/wp\/v2\/users\/2"}],"replies":[{"embeddable":true,"href":"https:\/\/www.europesays.com\/fr\/wp-json\/wp\/v2\/comments?post=410302"}],"version-history":[{"count":0,"href":"https:\/\/www.europesays.com\/fr\/wp-json\/wp\/v2\/posts\/410302\/revisions"}],"wp:featuredmedia":[{"embeddable":true,"href":"https:\/\/www.europesays.com\/fr\/wp-json\/wp\/v2\/media\/410303"}],"wp:attachment":[{"href":"https:\/\/www.europesays.com\/fr\/wp-json\/wp\/v2\/media?parent=410302"}],"wp:term":[{"taxonomy":"category","embeddable":true,"href":"https:\/\/www.europesays.com\/fr\/wp-json\/wp\/v2\/categories?post=410302"},{"taxonomy":"post_tag","embeddable":true,"href":"https:\/\/www.europesays.com\/fr\/wp-json\/wp\/v2\/tags?post=410302"}],"curies":[{"name":"wp","href":"https:\/\/api.w.org\/{rel}","templated":true}]}}