{"id":410304,"date":"2025-09-22T20:49:13","date_gmt":"2025-09-22T20:49:13","guid":{"rendered":"https:\/\/www.europesays.com\/fr\/410304\/"},"modified":"2025-09-22T20:49:13","modified_gmt":"2025-09-22T20:49:13","slug":"lujipeka-en-dedicace-a-la-fnac-strasbourg-sur-inscription","status":"publish","type":"post","link":"https:\/\/www.europesays.com\/fr\/410304\/","title":{"rendered":"Lujipeka en d\u00e9dicace \u00e0 la Fnac Strasbourg ! *Sur inscription"},"content":{"rendered":"<p>L\u2019artiste viendra \u00e0 votre rencontre \u00e0 la Fnac Strasbourg \u00e0 l\u2019occasion de la sortie de son nouvel album \u00ab Bruler Paris \u00bb !<\/p>\n<p><strong>Lujipeka et son nouvel album\u00a0<a href=\"https:\/\/www.fnac.com\/a21759671\/Lujipeka-Bruler-Paris-CD-album\" target=\"_blank\" rel=\"noopener\">Bruler Paris<\/a><\/strong><\/p>\n<p><a href=\"https:\/\/www.fnac.com\/a21759671\/Lujipeka-Bruler-Paris-CD-album\" target=\"_blank\" rel=\"noopener\"><img decoding=\"async\" class=\"floatl\" style=\"width: 145px; height: 145px; padding-right: 10px;\" src=\"https:\/\/www.europesays.com\/fr\/wp-content\/uploads\/2025\/09\/2502173.jpg\" alt=\"Bruler-Paris\"\/><\/a>Plus de 500 000 albums vendus, et deux longues ann\u00e9es de silence plus tard, Lujipeka fait son grand retour avec \u00ab Bruler Paris \u00bb.<\/p>\n<p>Un deuxi\u00e8me album attendu au nom \u00e9vocateur, qui sortira le 3 octobre prochain sur son propre label ind\u00e9pendant.<\/p>\n<p>Ce nouvel album ne raconte pas seulement une relation compliqu\u00e9e \u00e0 la capitale, mais quelque chose de plus profond : br\u00fbler les illusions, br\u00fbler une certaine vision de la r\u00e9ussite, de la vie r\u00eav\u00e9e, du confort illusoire. Bruler Paris est une odyss\u00e9e mentale, physique, \u00e9motionnelle, qui parle \u00e0 toute une g\u00e9n\u00e9ration, \u00e0 tous ceux qui ont pens\u00e9 tout arr\u00eater, qui ont fr\u00f4l\u00e9 le point de rupture, et qui reviennent avec une envie d\u2019en d\u00e9coudre autrement. C\u2019est l\u2019\u00e9nergie du d\u00e9sespoir et de la perte, mais aussi celle de la lucidit\u00e9 et de la flamme retrouv\u00e9e. Lujipeka signe avec Bruler Paris le projet le plus sinc\u00e8re et le plus brut de sa carri\u00e8re.<\/p>\n<p>Cet album se raconte aussi sur les r\u00e9seaux sociaux avec la cr\u00e9ation du compte Instagram @brulerparis : un t\u00e9moignage visuel et instantan\u00e9 de la cr\u00e9ation de cet album, sans filtre, loin des faux-semblants et de toute superficialit\u00e9.<\/p>\n<p>\u25ba\u00a0<a href=\"https:\/\/www.fnacspectacles.com\/artist\/lujipeka\/\" target=\"_blank\" rel=\"noopener\">Lujipeka\u00a0<\/a><a href=\"https:\/\/www.fnacspectacles.com\/artist\/lujipeka\/\" target=\"_blank\" rel=\"noopener\">en tourn\u00e9e ! R\u00e9servez votre place sur Fnac Spectacles<\/a>\u00a0<\/p>\n<p style=\"text-align: center;\">*<strong>\u00c9v\u00e9nement gratuit sur inscriptions<\/strong>, dans la limite des places disponibles<\/p>\n<p>        <img decoding=\"async\" src=\"https:\/\/www.europesays.com\/fr\/wp-content\/uploads\/2025\/04\/logo-rse.png\" alt=\"Logo RSE\" loading=\"lazy\" width=\"84\" height=\"116\"\/><\/p>\n<p>\n        La Fnac s\u2019engage activement dans les initiatives de responsabilit\u00e9 soci\u00e9tale des entreprises (RSE).\n    <\/p>\n<p>\n        Aidez-nous en choisissant la mobilit\u00e9 douce en privil\u00e9giant par exemple le v\u00e9lo (pistes cyclables et stationnements \u00e0 disposition), les transports en commun ou le covoiturage pour nous rejoindre. Ainsi, vous contribuez \u00e0 r\u00e9duire les \u00e9missions de gaz \u00e0 effet de serre et \u00e0 am\u00e9liorer notre qualit\u00e9 de l\u2019air. Pour plus d\u2019information, consultez la fiche du magasin.<br \/>Tous nos \u00e9v\u00e8nements sont en acc\u00e8s gratuit, dans la limite des places disponibles.\n    <\/p>\n","protected":false},"excerpt":{"rendered":"L\u2019artiste viendra \u00e0 votre rencontre \u00e0 la Fnac Strasbourg \u00e0 l\u2019occasion de la sortie de son nouvel album&hellip;\n","protected":false},"author":2,"featured_media":410305,"comment_status":"","ping_status":"","sticky":false,"template":"","format":"standard","meta":{"footnotes":""},"categories":[2820],"tags":[1111,54143,11,54144,1777,674,9391,1011,27,775,54145,12,54146,25,54147,640],"class_list":{"0":"post-410304","1":"post","2":"type-post","3":"status-publish","4":"format-standard","5":"has-post-thumbnail","7":"category-strasbourg","8":"tag-actu","9":"tag-actualite-rap","10":"tag-actualites","11":"tag-bruler-paris","12":"tag-eu","13":"tag-europe","14":"tag-evenement-fnac-gratuit","15":"tag-fr","16":"tag-france","17":"tag-grand-est","18":"tag-lujipeka","19":"tag-news","20":"tag-nouvel-album-rap","21":"tag-republique-francaise","22":"tag-sortie-album-2025","23":"tag-strasbourg"},"share_on_mastodon":{"url":"https:\/\/pubeurope.com\/@fr\/115249923165611095","error":""},"_links":{"self":[{"href":"https:\/\/www.europesays.com\/fr\/wp-json\/wp\/v2\/posts\/410304","targetHints":{"allow":["GET"]}}],"collection":[{"href":"https:\/\/www.europesays.com\/fr\/wp-json\/wp\/v2\/posts"}],"about":[{"href":"https:\/\/www.europesays.com\/fr\/wp-json\/wp\/v2\/types\/post"}],"author":[{"embeddable":true,"href":"https:\/\/www.europesays.com\/fr\/wp-json\/wp\/v2\/users\/2"}],"replies":[{"embeddable":true,"href":"https:\/\/www.europesays.com\/fr\/wp-json\/wp\/v2\/comments?post=410304"}],"version-history":[{"count":0,"href":"https:\/\/www.europesays.com\/fr\/wp-json\/wp\/v2\/posts\/410304\/revisions"}],"wp:featuredmedia":[{"embeddable":true,"href":"https:\/\/www.europesays.com\/fr\/wp-json\/wp\/v2\/media\/410305"}],"wp:attachment":[{"href":"https:\/\/www.europesays.com\/fr\/wp-json\/wp\/v2\/media?parent=410304"}],"wp:term":[{"taxonomy":"category","embeddable":true,"href":"https:\/\/www.europesays.com\/fr\/wp-json\/wp\/v2\/categories?post=410304"},{"taxonomy":"post_tag","embeddable":true,"href":"https:\/\/www.europesays.com\/fr\/wp-json\/wp\/v2\/tags?post=410304"}],"curies":[{"name":"wp","href":"https:\/\/api.w.org\/{rel}","templated":true}]}}