{"id":410306,"date":"2025-09-22T20:50:21","date_gmt":"2025-09-22T20:50:21","guid":{"rendered":"https:\/\/www.europesays.com\/fr\/410306\/"},"modified":"2025-09-22T20:50:21","modified_gmt":"2025-09-22T20:50:21","slug":"nice-accueillera-en-2026-un-musee-consacre-a-la-seconde-guerre-mondiale-et-a","status":"publish","type":"post","link":"https:\/\/www.europesays.com\/fr\/410306\/","title":{"rendered":"Nice accueillera en 2026 un mus\u00e9e consacr\u00e9 \u00e0 la Seconde Guerre mondiale et \u00e0 (\u2026)"},"content":{"rendered":"<p>                    <img loading=\"lazy\" decoding=\"async\" src=\"https:\/\/www.europesays.com\/fr\/wp-content\/uploads\/2025\/09\/3968dc4232e3919bd7cd0772735af3.jpg\" class=\"img-responsive post-image\" width=\"680\" height=\"510\" alt=\"Nice accueillera en (\u2026)\" title=\"Nice accueillera en 2026 un mus\u00e9e consacr\u00e9 \u00e0 la Seconde Guerre mondiale et \u00e0 la Shoah\"\/><\/p>\n<p class=\"chapo\">La Ville de Nice et le M\u00e9morial de la Shoah ont annonc\u00e9 l\u2019ouverture en 2026 d\u2019un mus\u00e9e enti\u00e8rement d\u00e9di\u00e9 \u00e0 l\u2019histoire de la Seconde Guerre mondiale et \u00e0 la Shoah dans les Alpes-Maritimes. Install\u00e9 dans l\u2019ancienne sous-station Lebon, b\u00e2timent embl\u00e9matique des ann\u00e9es 1930, ce nouvel espace culturel et m\u00e9moriel proposera un parcours immersif et p\u00e9dagogique sur plus de 600 m\u00b2.<\/p>\n<p>\u00ab\u00a0Nice sera le 7e mus\u00e9e du M\u00e9morial de la Shoah&#8230; Les Alpes-Maritimes occupent une place tr\u00e8s importante, apr\u00e8s avoir travers\u00e9 la p\u00e9riode de Vichy, l\u2019occupation italienne, puis le nazisme\u00a0\u00bb pr\u00e9cise<strong> Jacques Fredj<\/strong>, directeur du M\u00e9morial de la Shoah \u00ab\u00a0Nous aurons une partie exposition permanente, un espace temporaire, mais aussi des salles p\u00e9dagogiques pour accueillir les scolaires. Une salle de conf\u00e9rence, \u00e9galement, car nous comptons rendre ce lieu vivant, pas uniquement tourn\u00e9 vers le pass\u00e9. Se souvenir, c\u2019est construire l\u2019avenir\u00a0\u00bb, poursuit-il.<\/p>\n<p>Un lieu de m\u00e9moire et de transmission<\/p>\n<p>Le futur mus\u00e9e s\u2019inscrit dans la volont\u00e9 de rappeler le r\u00f4le particulier de Nice pendant la guerre\u00a0: ville-refuge pour de nombreux Juifs sous l\u2019occupation italienne, elle fut aussi le th\u00e9\u00e2tre de rafles tragiques \u00e0 partir de 1943. \u00c0 travers expositions permanentes et temporaires, archives audiovisuelles, dispositifs interactifs et t\u00e9moignages in\u00e9dits, le mus\u00e9e ambitionne de sensibiliser un large public aux enjeux de m\u00e9moire et de citoyennet\u00e9.<\/p>\n<p>\u00ab\u00a0 Nice a \u00e9t\u00e9 un refuge pour de nombreux Juifs fuyant la pers\u00e9cution pendant la Seconde<br class=\"autobr\"\/><br \/>\nGuerre mondiale, avant de devenir le th\u00e9\u00e2tre de rafles tragiques d\u00e8s 1943. Il manquait \u00e0 Nice un lieu pour raconter l\u2019histoire de la pers\u00e9cution et du sauvetage des Juifs dans les Alpes Maritimes. Et redonner \u00e0 cette histoire la place qu\u2019elle m\u00e9rite, honorer la m\u00e9moire de celles et ceux qui ont v\u00e9cu ces heures sombres et transmettre leurs r\u00e9cits aux g\u00e9n\u00e9rations futures.<br class=\"autobr\"\/><br \/>\nVille d\u2019accueil, mais aussi ville marqu\u00e9e par la trag\u00e9die, Nice doit ancrer cette m\u00e9moire dans<br class=\"autobr\"\/><br \/>\nson paysage. La volont\u00e9 de cr\u00e9er ce Mus\u00e9e \u00e0 Nice incarne la n\u00e9cessit\u00e9 de ne jamais<br class=\"autobr\"\/><br \/>\nlaisser l\u2019histoire s\u2019effacer et d\u2019\u00e9clairer les consciences d\u2019aujourd\u2019hui et de demain\u00a0\u00bb, rappelle Jacques Fredj.<\/p>\n<p>T\u00e9moignages et r\u00e9cits locaux<\/p>\n<p>Le parcours mus\u00e9ographique mettra en lumi\u00e8re des figures embl\u00e9matiques li\u00e9es \u00e0 Nice et \u00e0 la r\u00e9gion, telles que <strong>Simone Veil<\/strong>, d\u00e9port\u00e9e en 1944, l\u2019\u00e9v\u00eaque<strong> Paul R\u00e9mond<\/strong> reconnu Juste parmi les Nations, ou encore le couple de r\u00e9sistants <strong>Odette et Moussa Abadi<\/strong>, qui ont sauv\u00e9 plus de 500 enfants juifs. Des r\u00e9cits individuels comme ceux de <strong>Charlotte Salomon, Joseph Joffo <\/strong> ou <strong>Angelo Donati<\/strong> viendront enrichir la narration historique.<\/p>\n<p> <a href=\"https:\/\/www.europesays.com\/fr\/wp-content\/uploads\/2025\/09\/d1dde48c-e0aa-aa90-b3bc-ee9984d7350f.png\" class=\"spip_doc_lien mediabox\" type=\"image\/png\"><br \/>\n\t\t<img loading=\"lazy\" decoding=\"async\" src=\"https:\/\/www.europesays.com\/fr\/wp-content\/uploads\/2025\/09\/d1dde48c-e0aa-aa90-b3bc-ee9984d7350f.png\" width=\"1024\" height=\"708\" alt=\"\"\/><\/a><\/p>\n<p>Perspective du futur M\u00e9morial de la shoah de Nice par les architectes F\u00e9vrier Carr\u00e9 Architectes.  @F\u00e9vrier Carr\u00e9 Architectes\n<\/p>\n<p>Un projet collectif et \u00e9ducatif<\/p>\n<p>Pens\u00e9 comme un centre d\u2019enseignement et de r\u00e9flexion, le lieu int\u00e9grera deux salles p\u00e9dagogiques modulables et un espace pour des conf\u00e9rences. Des ateliers scolaires, visites guid\u00e9es, projections et \u00e9v\u00e9nements comm\u00e9moratifs seront r\u00e9guli\u00e8rement organis\u00e9s. L\u2019objectif affich\u00e9 est de toucher aussi bien les habitants et les chercheurs que les jeunes g\u00e9n\u00e9rations, dans un contexte de mont\u00e9e du n\u00e9gationnisme et de la d\u00e9sinformation.<\/p>\n<p>Une r\u00e9alisation architecturale et mus\u00e9ographique<\/p>\n<p>\u00c9rig\u00e9e en 1930 pour accompagner l\u2019\u00e9lectrification urbaine, la sous-station LEBON se distingue par son architecture en b\u00e9ton et ses 23 m\u00e8tres de hauteur. D\u00e9saffect\u00e9e dans les ann\u00e9es 1970, elle a depuis \u00e9t\u00e9 r\u00e9habilit\u00e9e pour des usages culturels et s\u2019appr\u00eate aujourd\u2019hui \u00e0 entamer un nouveau chapitre de son histoire. Sur proposition du Maire de Nice Christian Estrosi, le 7 novembre 2023, le conseil municipal a bien voulu mettre le b\u00e2timent \u00e0 la disposition du M\u00e9morial, afin d\u2019y cr\u00e9er un Mus\u00e9e. Ce lieu, \u00e0 l\u2019esth\u00e9tique industrielle marqu\u00e9e, a longtemps \u00e9t\u00e9 d\u00e9di\u00e9 \u00e0 la culture. Il se compose de 3 niveaux et b\u00e9n\u00e9ficie de larges ouvertures sur le Passage Meyerbeer au sud, ainsi que d\u2019autres ouvertures au nord et de deux fen\u00eatres de toit. Son architecture int\u00e9rieure comprend plusieurs mezzanines accessibles par des escaliers m\u00e9talliques, ainsi qu\u2019un sous-sol couvrant l\u2019int\u00e9gralit\u00e9 de l\u2019\u00e9difice, pour une surface totale de 600 m\u00b2 .<br class=\"autobr\"\/><br \/>\nLa r\u00e9habilitation de la sous-station Lebon a \u00e9t\u00e9 confi\u00e9e \u00e0 l\u2019<strong>Atelier FevrierCarre<\/strong> (Jennifer Carr\u00e9 et Nicolas F\u00e9vrier), tandis que l\u2019agence <strong>NC Nathalie Crini\u00e8re<\/strong> assurera la sc\u00e9nographie. Le mus\u00e9e rejoindra ainsi le r\u00e9seau des institutions g\u00e9r\u00e9es par le M\u00e9morial de la Shoah, d\u00e9j\u00e0 pr\u00e9sent \u00e0 Paris, Drancy, Orl\u00e9ans et Clermont-Ferrand.<\/p>\n<p>Avec cette ouverture pr\u00e9vue fin 2026, Nice s\u2019appr\u00eate \u00e0 ancrer durablement dans son paysage un lieu de m\u00e9moire consacr\u00e9 \u00e0 l\u2019histoire locale et universelle de la Shoah et de la Seconde Guerre mondiale.<\/p>\n<p> <a href=\"https:\/\/www.europesays.com\/fr\/wp-content\/uploads\/2025\/09\/6aa0fd6d-1b09-53b7-fb3c-c898e1787420.png\" class=\"spip_doc_lien mediabox\" type=\"image\/png\"><br \/>\n\t\t<img loading=\"lazy\" decoding=\"async\" src=\"https:\/\/www.europesays.com\/fr\/wp-content\/uploads\/2025\/09\/6aa0fd6d-1b09-53b7-fb3c-c898e1787420.png\" width=\"1024\" height=\"682\" alt=\"\"\/><\/a><\/p>\n<p>emise symbolique des cl\u00e9s du b\u00e2timent du futur mus\u00e9e du M\u00e9morial de la shoah de Nice, le 17 septembre 2025<br class=\"autobr\"\/><br \/>\n\u00a9 Fabien Lacroix\/M\u00e9morial de La Shoah\n<\/p>\n<p>Photo de une\u00a0: La sous-station Lebon avant les travaux \u00a9Fabien Lacroix &#8211; M\u00e9morial de la shoah<\/p>\n","protected":false},"excerpt":{"rendered":"La Ville de Nice et le M\u00e9morial de la Shoah ont annonc\u00e9 l\u2019ouverture en 2026 d\u2019un mus\u00e9e enti\u00e8rement&hellip;\n","protected":false},"author":2,"featured_media":410307,"comment_status":"","ping_status":"","sticky":false,"template":"","format":"standard","meta":{"footnotes":""},"categories":[2819],"tags":[1111,11,2408,1777,674,1011,27,12,2401,882,25],"class_list":{"0":"post-410306","1":"post","2":"type-post","3":"status-publish","4":"format-standard","5":"has-post-thumbnail","7":"category-nice","8":"tag-actu","9":"tag-actualites","10":"tag-appels-d","11":"tag-eu","12":"tag-europe","13":"tag-fr","14":"tag-france","15":"tag-news","16":"tag-nice","17":"tag-provence-alpes-cote-dazur","18":"tag-republique-francaise"},"share_on_mastodon":{"url":"https:\/\/pubeurope.com\/@fr\/115249927560263186","error":""},"_links":{"self":[{"href":"https:\/\/www.europesays.com\/fr\/wp-json\/wp\/v2\/posts\/410306","targetHints":{"allow":["GET"]}}],"collection":[{"href":"https:\/\/www.europesays.com\/fr\/wp-json\/wp\/v2\/posts"}],"about":[{"href":"https:\/\/www.europesays.com\/fr\/wp-json\/wp\/v2\/types\/post"}],"author":[{"embeddable":true,"href":"https:\/\/www.europesays.com\/fr\/wp-json\/wp\/v2\/users\/2"}],"replies":[{"embeddable":true,"href":"https:\/\/www.europesays.com\/fr\/wp-json\/wp\/v2\/comments?post=410306"}],"version-history":[{"count":0,"href":"https:\/\/www.europesays.com\/fr\/wp-json\/wp\/v2\/posts\/410306\/revisions"}],"wp:featuredmedia":[{"embeddable":true,"href":"https:\/\/www.europesays.com\/fr\/wp-json\/wp\/v2\/media\/410307"}],"wp:attachment":[{"href":"https:\/\/www.europesays.com\/fr\/wp-json\/wp\/v2\/media?parent=410306"}],"wp:term":[{"taxonomy":"category","embeddable":true,"href":"https:\/\/www.europesays.com\/fr\/wp-json\/wp\/v2\/categories?post=410306"},{"taxonomy":"post_tag","embeddable":true,"href":"https:\/\/www.europesays.com\/fr\/wp-json\/wp\/v2\/tags?post=410306"}],"curies":[{"name":"wp","href":"https:\/\/api.w.org\/{rel}","templated":true}]}}