{"id":41031,"date":"2025-04-21T08:22:08","date_gmt":"2025-04-21T08:22:08","guid":{"rendered":"https:\/\/www.europesays.com\/fr\/41031\/"},"modified":"2025-04-21T08:22:08","modified_gmt":"2025-04-21T08:22:08","slug":"saint-etienne-ol-que-risque-lasse-apres-le-projectile-lance-sur-larbitre","status":"publish","type":"post","link":"https:\/\/www.europesays.com\/fr\/41031\/","title":{"rendered":"Saint-Etienne &#8211; OL : Que risque l&rsquo;ASSE apr\u00e8s le projectile lanc\u00e9 sur l&rsquo;arbitre ?"},"content":{"rendered":"<p data-testid=\"article-teaser\">Un incident grave pourrait co\u00fbter tr\u00e8s cher \u00e0 l\u2019ASSE apr\u00e8s le derby contre l\u2019OL\u2026 La commission de discipline s\u2019appr\u00eate \u00e0 trancher.<\/p>\n<p><a href=\"https:\/\/www.goal.com\/fr\/listes\/saint-etienne-lyon-2-1-les-verts-remportent-un-derby-brulant-et-se-relancent-dans-la-course-au-maintien\/blt74fbce4044b90172\" target=\"_self\" rel=\"noopener\">Le derby entre Saint-\u00c9tienne et Lyon, remport\u00e9 par les Verts (2-1)<\/a>, a \u00e9t\u00e9 marqu\u00e9 par un acte grave en tribunes : <a href=\"https:\/\/www.goal.com\/fr\/news\/derby-interrompu-que-s-est-il-vraiment-passe-a-saint-etienne\/blt12439fbbd6c79234\" target=\"_self\" rel=\"noopener\">un arbitre assistant a \u00e9t\u00e9 touch\u00e9 \u00e0 la t\u00eate par un projectile, entra\u00eenant une longue interruption de la rencontre<\/a>. La commission de discipline va \u00e9tudier le dossier d\u00e8s mercredi, et l\u2019ASSE pourrait faire face \u00e0 des sanctions lourdes qui p\u00e8seraient dans sa lutte pour le maintien.<\/p>\n<p>L&rsquo;article continue ci-dessous<\/p>\n","protected":false},"excerpt":{"rendered":"Un incident grave pourrait co\u00fbter tr\u00e8s cher \u00e0 l\u2019ASSE apr\u00e8s le derby contre l\u2019OL\u2026 La commission de discipline&hellip;\n","protected":false},"author":2,"featured_media":41032,"comment_status":"","ping_status":"","sticky":false,"template":"","format":"standard","meta":{"footnotes":""},"categories":[9653],"tags":[1111,11,2430,1777,674,12553,1011,27,66,2428,12,25,4001],"class_list":{"0":"post-41031","1":"post","2":"type-post","3":"status-publish","4":"format-standard","5":"has-post-thumbnail","7":"category-saint-etienne","8":"tag-actu","9":"tag-actualites","10":"tag-auvergne-rhone-alpes","11":"tag-eu","12":"tag-europe","13":"tag-f-letexier","14":"tag-fr","15":"tag-france","16":"tag-ligue-1","17":"tag-lyon","18":"tag-news","19":"tag-republique-francaise","20":"tag-saint-etienne"},"share_on_mastodon":{"url":"https:\/\/pubeurope.com\/@fr\/114374989938586086","error":""},"_links":{"self":[{"href":"https:\/\/www.europesays.com\/fr\/wp-json\/wp\/v2\/posts\/41031","targetHints":{"allow":["GET"]}}],"collection":[{"href":"https:\/\/www.europesays.com\/fr\/wp-json\/wp\/v2\/posts"}],"about":[{"href":"https:\/\/www.europesays.com\/fr\/wp-json\/wp\/v2\/types\/post"}],"author":[{"embeddable":true,"href":"https:\/\/www.europesays.com\/fr\/wp-json\/wp\/v2\/users\/2"}],"replies":[{"embeddable":true,"href":"https:\/\/www.europesays.com\/fr\/wp-json\/wp\/v2\/comments?post=41031"}],"version-history":[{"count":0,"href":"https:\/\/www.europesays.com\/fr\/wp-json\/wp\/v2\/posts\/41031\/revisions"}],"wp:featuredmedia":[{"embeddable":true,"href":"https:\/\/www.europesays.com\/fr\/wp-json\/wp\/v2\/media\/41032"}],"wp:attachment":[{"href":"https:\/\/www.europesays.com\/fr\/wp-json\/wp\/v2\/media?parent=41031"}],"wp:term":[{"taxonomy":"category","embeddable":true,"href":"https:\/\/www.europesays.com\/fr\/wp-json\/wp\/v2\/categories?post=41031"},{"taxonomy":"post_tag","embeddable":true,"href":"https:\/\/www.europesays.com\/fr\/wp-json\/wp\/v2\/tags?post=41031"}],"curies":[{"name":"wp","href":"https:\/\/api.w.org\/{rel}","templated":true}]}}