{"id":410320,"date":"2025-09-22T20:57:14","date_gmt":"2025-09-22T20:57:14","guid":{"rendered":"https:\/\/www.europesays.com\/fr\/410320\/"},"modified":"2025-09-22T20:57:14","modified_gmt":"2025-09-22T20:57:14","slug":"la-circulation-a-ete-coupee-20-pompiers-deployes","status":"publish","type":"post","link":"https:\/\/www.europesays.com\/fr\/410320\/","title":{"rendered":"la circulation a \u00e9t\u00e9 coup\u00e9e, 20 pompiers d\u00e9ploy\u00e9s"},"content":{"rendered":"<p>            Par<br \/>\n        <strong><br \/>\n            <a href=\"https:\/\/actu.fr\/auteur\/anaelle-montagne\" title=\"Consulter tous les articles de Anaelle Montagne\" target=\"_blank\" rel=\"noopener\">Anaelle Montagne<\/a><br \/>\n        <\/strong><\/p>\n<p>        Publi\u00e9 le<\/p>\n<p>            22 sept. 2025 \u00e0 18h52        <\/p>\n<p>Ce lundi 22 septembre, un important accident a paralys\u00e9 <a href=\"https:\/\/actu.fr\/tag\/autoroute-62-a62\" target=\"_blank\" rel=\"noopener\">l\u2019autoroute A62<\/a> juste apr\u00e8s la sortie 11, \u00e0 Saint-Jory, au nord de Toulouse. Un v\u00e9hicule utilitaire est <strong>entr\u00e9 en collision avec un poids-lourd<\/strong> aux alentours de 16 heures, avant de prendre feu.\u00a0<\/p>\n<p class=\" wall-content\">Pour permettre l\u2019intervention des secours,<strong> les trois voies de circulation ont d\u00fb \u00eatre coup\u00e9es<\/strong>, cr\u00e9ant d\u2019importants bouchons en direction de Toulouse.\u00a0<\/p>\n<p>Un conducteur hospitalis\u00e9<\/p>\n<p class=\" wall-content\">Suite \u00e0 l\u2019accident, <strong>le conducteur du v\u00e9hicule utilitaire<\/strong> a \u00e9t\u00e9 pris en charge par les secours avant d\u2019\u00eatre transport\u00e9 au centre hospitalier le plus proche.\u00a0<\/p>\n<p class=\" wall-content\">Pour venir \u00e0 bout des flammes, au plus fort du dispositif, cinq engins et 20 sapeurs-pompiers ont \u00e9t\u00e9 d\u00e9ploy\u00e9s. La circulation a pu \u00eatre r\u00e9tablie vers 17 heures.\u00a0<\/p>\n<p class=\" wall-content\">Personnalisez votre actualit\u00e9 en ajoutant vos villes et m\u00e9dias en favori avec <a href=\"https:\/\/moncompte.actu.fr\" title=\"D\u00e9couvez Mon Actu\" rel=\"nofollow noopener\" data-trk=\"{&quot;cta&quot;:{&quot;action&quot;:&quot;https:\\\/\\\/moncompte.actu.fr&quot;,&quot;category&quot;:&quot;mon compte&quot;,&quot;from&quot;:&quot;article footer&quot;,&quot;name&quot;:&quot;Mon actu&quot;,&quot;type&quot;:&quot;cta&quot;}}\" target=\"_blank\">Mon Actu<\/a>.<\/p>\n","protected":false},"excerpt":{"rendered":"Par Anaelle Montagne Publi\u00e9 le 22 sept. 2025 \u00e0 18h52 Ce lundi 22 septembre, un important accident a&hellip;\n","protected":false},"author":2,"featured_media":410321,"comment_status":"","ping_status":"","sticky":false,"template":"","format":"standard","meta":{"footnotes":""},"categories":[2816],"tags":[1111,11,3542,1777,674,118,1011,27,12,2680,25,2312],"class_list":{"0":"post-410320","1":"post","2":"type-post","3":"status-publish","4":"format-standard","5":"has-post-thumbnail","7":"category-toulouse","8":"tag-actu","9":"tag-actualites","10":"tag-circulation","11":"tag-eu","12":"tag-europe","13":"tag-faits-divers","14":"tag-fr","15":"tag-france","16":"tag-news","17":"tag-occitanie","18":"tag-republique-francaise","19":"tag-toulouse"},"share_on_mastodon":{"url":"https:\/\/pubeurope.com\/@fr\/115249954434713964","error":""},"_links":{"self":[{"href":"https:\/\/www.europesays.com\/fr\/wp-json\/wp\/v2\/posts\/410320","targetHints":{"allow":["GET"]}}],"collection":[{"href":"https:\/\/www.europesays.com\/fr\/wp-json\/wp\/v2\/posts"}],"about":[{"href":"https:\/\/www.europesays.com\/fr\/wp-json\/wp\/v2\/types\/post"}],"author":[{"embeddable":true,"href":"https:\/\/www.europesays.com\/fr\/wp-json\/wp\/v2\/users\/2"}],"replies":[{"embeddable":true,"href":"https:\/\/www.europesays.com\/fr\/wp-json\/wp\/v2\/comments?post=410320"}],"version-history":[{"count":0,"href":"https:\/\/www.europesays.com\/fr\/wp-json\/wp\/v2\/posts\/410320\/revisions"}],"wp:featuredmedia":[{"embeddable":true,"href":"https:\/\/www.europesays.com\/fr\/wp-json\/wp\/v2\/media\/410321"}],"wp:attachment":[{"href":"https:\/\/www.europesays.com\/fr\/wp-json\/wp\/v2\/media?parent=410320"}],"wp:term":[{"taxonomy":"category","embeddable":true,"href":"https:\/\/www.europesays.com\/fr\/wp-json\/wp\/v2\/categories?post=410320"},{"taxonomy":"post_tag","embeddable":true,"href":"https:\/\/www.europesays.com\/fr\/wp-json\/wp\/v2\/tags?post=410320"}],"curies":[{"name":"wp","href":"https:\/\/api.w.org\/{rel}","templated":true}]}}