{"id":410326,"date":"2025-09-22T21:00:15","date_gmt":"2025-09-22T21:00:15","guid":{"rendered":"https:\/\/www.europesays.com\/fr\/410326\/"},"modified":"2025-09-22T21:00:15","modified_gmt":"2025-09-22T21:00:15","slug":"au-tribunal-correctionnel-de-marseille-la-troublante-chute-dun-ouvrier-sur-le-chantier-de-la-gendarmerie-a-roquevaire","status":"publish","type":"post","link":"https:\/\/www.europesays.com\/fr\/410326\/","title":{"rendered":"Au tribunal correctionnel de Marseille, la troublante chute d&rsquo;un ouvrier sur le chantier de la gendarmerie \u00e0 Roquevaire"},"content":{"rendered":"<p>Dans ce dossier pav\u00e9 de contradictions, une certitude\u00a0: le 12\u00a0avril\u00a02022, Hedi B. <a href=\"https:\/\/www.laprovence.com\/article\/faits-divers-justice\/11038551084455\/un-quinquagenaire-grievement-blesse-apres-avoir-chute-dun-echafaudage-a-marseille\" target=\"_blank\" rel=\"noopener\">a chut\u00e9 du 4e \u00e9tage d\u2019un \u00e9chafaudage<\/a> du chantier de la future caserne de gendarmerie de <a href=\"https:\/\/www.laprovence.com\/bouches-du-rhone\/roquevaire-13086\" target=\"_blank\" rel=\"noopener\">Roquevaire<\/a>. Il en a r\u00e9colt\u00e9 de graves blessures : sacrum, c\u00f4tes et vert\u00e8bres fractur\u00e9es en nombre. Trois ans apr\u00e8s <a href=\"https:\/\/www.laprovence.com\/article\/faits-divers-justice\/1444595740434814\/accident-du-travail-un-homme-blesse-apres-une-chute-de-5-m-du-haut-d-un-toit-a-sorgues-sur-le-site-eurenco\" target=\"_blank\" rel=\"noopener\">l\u2019accident<\/a>, les s\u00e9quelles le font toujours souffrir, avait pr\u00e9cis\u00e9 son avocat lundi 8 septembre pour expliquer son absence aux juges du <a href=\"https:\/\/www.laprovence.com\/article\/faits-divers-justice\/1078575044423514\/tribunal-correctionnel-de-marseille-une-femme-agresse-une-dame-de-82-ans-pour-derober-11-euros-dans-son-porte-monnaie\" target=\"_blank\" rel=\"noopener\">tribunal correctionnel<\/a> de <a href=\"https:\/\/www.laprovence.com\/bouches-du-rhone\/marseille-13055\" target=\"_blank\" rel=\"noopener\">Marseille<\/a>.<\/p>\n<p>Les magistrats auraient, pourtant, bien aim\u00e9 entendre le personnage principal du proc\u00e8s pour blessures involontaires, dans lequel ses deux anciens patrons et une soci\u00e9t\u00e9 sous-traitante charg\u00e9e du d\u00e9montage de l\u2019\u00e9chafaudage incrimin\u00e9, Concept \u00e9chafaudage 13, se trouvaient jug\u00e9s. Car au cours des investigations, les enqu\u00eateurs avaient entendu tout et son contraire.<\/p>\n<p>La version d\u2019Hedi B. \u00e9tait rest\u00e9e \u00e0 peu pr\u00e8s constante : ce jour-l\u00e0, il \u00e9tait mont\u00e9 sur l\u2019\u00e9chafaudage pour reboucher les trous d\u2019ancrages sur la fa\u00e7ade. Il avait racont\u00e9 avoir entendu que les ouvriers d\u00e9marraient le d\u00e9montage de l\u2019\u00e9chafaudage. En rejoignant l\u2019\u00e9chelle pour descendre, avait-il narr\u00e9, il avait senti le plancher se d\u00e9rober sous ses pieds, soulev\u00e9 par l\u2019un des d\u00e9m&#8230;<\/p>\n","protected":false},"excerpt":{"rendered":"Dans ce dossier pav\u00e9 de contradictions, une certitude\u00a0: le 12\u00a0avril\u00a02022, Hedi B. a chut\u00e9 du 4e \u00e9tage d\u2019un&hellip;\n","protected":false},"author":2,"featured_media":410327,"comment_status":"","ping_status":"","sticky":false,"template":"","format":"standard","meta":{"footnotes":""},"categories":[2814],"tags":[17,1111,11,837,21836,2837,1777,674,274,1011,27,884,12,16718,882,25,3693,54149],"class_list":{"0":"post-410326","1":"post","2":"type-post","3":"status-publish","4":"format-standard","5":"has-post-thumbnail","7":"category-marseille","8":"tag-17","9":"tag-actu","10":"tag-actualites","11":"tag-chute","12":"tag-correctionnel","13":"tag-dun","14":"tag-eu","15":"tag-europe","16":"tag-faits-divers-justice","17":"tag-fr","18":"tag-france","19":"tag-marseille","20":"tag-news","21":"tag-ouvrier","22":"tag-provence-alpes-cote-dazur","23":"tag-republique-francaise","24":"tag-tribunal","25":"tag-troublante"},"share_on_mastodon":{"url":"https:\/\/pubeurope.com\/@fr\/115249966203912409","error":""},"_links":{"self":[{"href":"https:\/\/www.europesays.com\/fr\/wp-json\/wp\/v2\/posts\/410326","targetHints":{"allow":["GET"]}}],"collection":[{"href":"https:\/\/www.europesays.com\/fr\/wp-json\/wp\/v2\/posts"}],"about":[{"href":"https:\/\/www.europesays.com\/fr\/wp-json\/wp\/v2\/types\/post"}],"author":[{"embeddable":true,"href":"https:\/\/www.europesays.com\/fr\/wp-json\/wp\/v2\/users\/2"}],"replies":[{"embeddable":true,"href":"https:\/\/www.europesays.com\/fr\/wp-json\/wp\/v2\/comments?post=410326"}],"version-history":[{"count":0,"href":"https:\/\/www.europesays.com\/fr\/wp-json\/wp\/v2\/posts\/410326\/revisions"}],"wp:featuredmedia":[{"embeddable":true,"href":"https:\/\/www.europesays.com\/fr\/wp-json\/wp\/v2\/media\/410327"}],"wp:attachment":[{"href":"https:\/\/www.europesays.com\/fr\/wp-json\/wp\/v2\/media?parent=410326"}],"wp:term":[{"taxonomy":"category","embeddable":true,"href":"https:\/\/www.europesays.com\/fr\/wp-json\/wp\/v2\/categories?post=410326"},{"taxonomy":"post_tag","embeddable":true,"href":"https:\/\/www.europesays.com\/fr\/wp-json\/wp\/v2\/tags?post=410326"}],"curies":[{"name":"wp","href":"https:\/\/api.w.org\/{rel}","templated":true}]}}