{"id":410330,"date":"2025-09-22T21:02:12","date_gmt":"2025-09-22T21:02:12","guid":{"rendered":"https:\/\/www.europesays.com\/fr\/410330\/"},"modified":"2025-09-22T21:02:12","modified_gmt":"2025-09-22T21:02:12","slug":"gabriel-attal-soutient-jean-michel-aulas-a-lyon","status":"publish","type":"post","link":"https:\/\/www.europesays.com\/fr\/410330\/","title":{"rendered":"Gabriel Attal soutient Jean-Michel Aulas \u00e0 Lyon"},"content":{"rendered":"<p>\u00ab Il a toutes les qualit\u00e9s pour \u00eatre un grand maire de Lyon.\u00a0\u00bb Le patron du parti Renaissance, <a href=\"https:\/\/www.lejsl.com\/p\/gabriel-attal\" target=\"_blank\" rel=\"noopener\">Gabriel Attal<\/a>, a annonc\u00e9 ce lundi son soutien \u00e0 <a href=\"https:\/\/www.lejsl.com\/p\/jean-michel-aulas\" target=\"_blank\" rel=\"noopener\">Jean-Michel Aulas<\/a> pour les municipales de mars 2026. \u00ab\u00a0Nous avons d\u00e9cid\u00e9 de rejoindre la dynamique de rassemblement initi\u00e9e par Jean-Michel Aulas, avec <a href=\"https:\/\/www.lejsl.com\/p\/thomas-rudigoz\" target=\"_blank\" rel=\"noopener\">Thomas Rudigoz<\/a>\u00a0\u00bb, r\u00e9f\u00e9rent local du parti macroniste, a fait savoir Gabriel Attal sur X.\u00a0\u00ab Loin des querelles partisanes, c&rsquo;est une d\u00e9marche d&rsquo;apaisement pour les Lyonnais, et d&rsquo;ambition pour Lyon que nous initions aujourd&rsquo;hui avec Jean-Michel Aulas.\u00a0\u00bb<\/p>\n<p>L&rsquo;ancien pr\u00e9sident embl\u00e9matique de l&rsquo;Olympique lyonnais a promis d\u00e9but septembre d&rsquo;officialiser bient\u00f4t sa candidature \u00ab\u00a0sans \u00e9tiquette\u00a0\u00bb, apr\u00e8s avoir obtenu le retrait de celle du maire LR du 2e arrondissement de Lyon, <a href=\"https:\/\/www.lejsl.com\/p\/pierre-oliver\" target=\"_blank\" rel=\"noopener\">Pierre Oliver<\/a>, sous l&rsquo;\u00e9gide de l&rsquo;homme fort de la droite locale, <a href=\"https:\/\/www.lejsl.com\/p\/laurent-wauquiez\" target=\"_blank\" rel=\"noopener\">Laurent Wauquiez<\/a>.<\/p>\n<p>Ce contenu est bloqu\u00e9 car vous n&rsquo;avez pas accept\u00e9 les cookies et autres traceurs.<\/p>\n<p>En cliquant sur \u00ab J\u2019accepte \u00bb, les cookies et autres traceurs seront d\u00e9pos\u00e9s et vous pourrez visualiser les contenus  (<a href=\"\" class=\"consentModule_policy\" target=\"_blank\" title=\"Consulter la politique de protection des donn\u00e9es du fournisseur\">plus d&rsquo;informations<\/a>).<\/p>\n<p>En cliquant sur \u00ab J\u2019accepte tous les cookies \u00bb, vous autorisez des d\u00e9p\u00f4ts de cookies et autres traceurs pour le stockage de vos donn\u00e9es sur nos sites et applications \u00e0 des fins de personnalisation et de ciblage publicitaire.<\/p>\n<p class=\"consentModule_secondaryText\">Vous gardez la possibilit\u00e9 de retirer votre consentement \u00e0 tout moment en consultant notre <a href=\"https:\/\/www.lejsl.com\/protection-des-donnees\" target=\"_blank\" title=\"Consulter notre politique de protection des donn\u00e9es\" rel=\"noopener\">politique de protection des donn\u00e9es<\/a>. <br \/>&#13;<br \/>\n            <a href=\"https:\/\/www.lejsl.com\/elections\/2025\/09\/22\/javascript:Didomi.notice.show()\" class=\"consentModule_cmp\" target=\"_blank\" rel=\"noopener\">G\u00e9rer mes choix<\/a>&#13;\n        <\/p>\n<p>&#13;<br \/>\n                        J&rsquo;accepte&#13;<br \/>\n            J&rsquo;accepte tous les cookies&#13;\n        <\/p>\n<p>  R\u00e9union de LR mardi<\/p>\n<p>Cependant, Les R\u00e9publicains doivent encore formellement lui accorder l&rsquo;investiture officielle du parti lors d&rsquo;une r\u00e9union de leur commission nationale d&rsquo;investiture \u00e0 Paris mardi en fin de journ\u00e9e &#8211; qui tranchera aussi le cas de la m\u00e9tropole de Lyon et de plusieurs communes voisines dont V\u00e9nissieux.<\/p>\n","protected":false},"excerpt":{"rendered":"\u00ab Il a toutes les qualit\u00e9s pour \u00eatre un grand maire de Lyon.\u00a0\u00bb Le patron du parti Renaissance,&hellip;\n","protected":false},"author":2,"featured_media":410331,"comment_status":"","ping_status":"","sticky":false,"template":"","format":"standard","meta":{"footnotes":""},"categories":[1889],"tags":[1111,11,2430,4188,1777,674,107,1011,27,329,6319,2428,12,316,3370,25],"class_list":{"0":"post-410330","1":"post","2":"type-post","3":"status-publish","4":"format-standard","5":"has-post-thumbnail","7":"category-lyon","8":"tag-actu","9":"tag-actualites","10":"tag-auvergne-rhone-alpes","11":"tag-elections-municipales","12":"tag-eu","13":"tag-europe","14":"tag-fil-info","15":"tag-fr","16":"tag-france","17":"tag-france-monde","18":"tag-les-republicains","19":"tag-lyon","20":"tag-news","21":"tag-politique","22":"tag-renaissance","23":"tag-republique-francaise"},"share_on_mastodon":{"url":"https:\/\/pubeurope.com\/@fr\/115249974307214569","error":""},"_links":{"self":[{"href":"https:\/\/www.europesays.com\/fr\/wp-json\/wp\/v2\/posts\/410330","targetHints":{"allow":["GET"]}}],"collection":[{"href":"https:\/\/www.europesays.com\/fr\/wp-json\/wp\/v2\/posts"}],"about":[{"href":"https:\/\/www.europesays.com\/fr\/wp-json\/wp\/v2\/types\/post"}],"author":[{"embeddable":true,"href":"https:\/\/www.europesays.com\/fr\/wp-json\/wp\/v2\/users\/2"}],"replies":[{"embeddable":true,"href":"https:\/\/www.europesays.com\/fr\/wp-json\/wp\/v2\/comments?post=410330"}],"version-history":[{"count":0,"href":"https:\/\/www.europesays.com\/fr\/wp-json\/wp\/v2\/posts\/410330\/revisions"}],"wp:featuredmedia":[{"embeddable":true,"href":"https:\/\/www.europesays.com\/fr\/wp-json\/wp\/v2\/media\/410331"}],"wp:attachment":[{"href":"https:\/\/www.europesays.com\/fr\/wp-json\/wp\/v2\/media?parent=410330"}],"wp:term":[{"taxonomy":"category","embeddable":true,"href":"https:\/\/www.europesays.com\/fr\/wp-json\/wp\/v2\/categories?post=410330"},{"taxonomy":"post_tag","embeddable":true,"href":"https:\/\/www.europesays.com\/fr\/wp-json\/wp\/v2\/tags?post=410330"}],"curies":[{"name":"wp","href":"https:\/\/api.w.org\/{rel}","templated":true}]}}